{"id":1418,"date":"2020-04-03T09:58:54","date_gmt":"2020-04-03T07:58:54","guid":{"rendered":"https:\/\/blogsaverroes.juntadeandalucia.es\/ceipvalerianolopez\/?p=1418"},"modified":"2020-04-03T09:58:54","modified_gmt":"2020-04-03T07:58:54","slug":"carrera-solidaria-en-casa","status":"publish","type":"post","link":"https:\/\/blogsaverroes.juntadeandalucia.es\/ceipvalerianolopez\/carrera-solidaria-en-casa\/","title":{"rendered":"Carrera Solidaria en casa."},"content":{"rendered":"<p><span data-tt=\"{}\">Hoy 3 de abril, el CEIP Valeriano L\u00f3pez de Estepona va a celebrar una especial carrera solidaria desde casa. Viene siendo habitual que el \u00faltimo d\u00eda del 2\u00ba trimestre, con motivo del cercano d\u00eda del deporte, nuestra comunidad educativa se vista de solidaridad y ejercicio f\u00edsico. Este a\u00f1o, nuestro objetivo era ayudar con nuestro peque\u00f1o granito de arena a la <a href=\"https:\/\/www.avoi.es\/\">Asociaci\u00f3n AVOI<\/a> (Asociaci\u00f3n de Voluntarios de Oncolog\u00eda Infantil del Hospital de M\u00e1laga) y a la ONG <a href=\"https:\/\/www.savethechildren.es\/\">Save The Children. <\/a><\/span><\/p>\n<p><span data-tt=\"{}\">Pues bien, no pod\u00edamos dejar de lado a dichas asociaciones que pese a las circunstancias siguen haciendo una labor encomiable, y el claustro de profesores <\/span><span data-tt=\"{}\">hemos decidido hacerlo de una manera especial: desde casa. <\/span><\/p>\n<p><span data-tt=\"{}\">Es por ello, que invitamos a toda nuestra comunidad educativa a conmemorar dicho d\u00eda realizando cualquier actividad f\u00edsica en casa, ya sea corriendo, bailando, en bici, cinta, etc y darlo a conocer en sus redes con el hastag #Mu\u00e9veteencasa y #ValerianosActivos. <\/span><\/p>\n<p><span data-tt=\"{}\">Adem\u00e1s, a\u00fan sabiendo la situaci\u00f3n que atravesamos, y en la medida de nuestras posibilidades, ayudar con alg\u00fan donativo a alguna de estas asociaciones.<\/span><\/p>\n<p><a href=\"https:\/\/www.avoi.es\/\">https:\/\/www.avoi.es\/<\/a><\/p>\n<p><a href=\"https:\/\/www.savethechildren.es\/\">https:\/\/www.savethechildren.es\/&nbsp;<\/a><\/p>\n<figure id=\"attachment_1419\" aria-describedby=\"caption-attachment-1419\" style=\"width: 832px\" class=\"wp-caption aligncenter\"><img loading=\"lazy\" decoding=\"async\" class=\"wp-image-1419 size-large\" src=\"https:\/\/blogsaverroes.juntadeandalucia.es\/ceipvalerianolopez\/files\/2020\/04\/001_01-1024x576.jpg\" alt=\"\" width=\"832\" height=\"468\"><figcaption id=\"caption-attachment-1419\" class=\"wp-caption-text\">#Mu\u00e9veteencasa #ValerianosActivos<\/figcaption><\/figure>\n","protected":false},"excerpt":{"rendered":"<p>Hoy 3 de abril, el CEIP Valeriano L\u00f3pez de Estepona va a celebrar una especial carrera solidaria desde casa. Viene siendo habitual que el \u00faltimo&hellip;<\/p>\n","protected":false},"author":8703,"featured_media":1419,"comment_status":"open","ping_status":"open","sticky":false,"template":"","format":"standard","meta":{"ngg_post_thumbnail":0,"footnotes":""},"categories":[32,2309151,485,28,289],"tags":[26636,2312411,422868,1659],"aioseo_notices":[],"_links":{"self":[{"href":"https:\/\/blogsaverroes.juntadeandalucia.es\/ceipvalerianolopez\/wp-json\/wp\/v2\/posts\/1418"}],"collection":[{"href":"https:\/\/blogsaverroes.juntadeandalucia.es\/ceipvalerianolopez\/wp-json\/wp\/v2\/posts"}],"about":[{"href":"https:\/\/blogsaverroes.juntadeandalucia.es\/ceipvalerianolopez\/wp-json\/wp\/v2\/types\/post"}],"author":[{"embeddable":true,"href":"https:\/\/blogsaverroes.juntadeandalucia.es\/ceipvalerianolopez\/wp-json\/wp\/v2\/users\/8703"}],"replies":[{"embeddable":true,"href":"https:\/\/blogsaverroes.juntadeandalucia.es\/ceipvalerianolopez\/wp-json\/wp\/v2\/comments?post=1418"}],"version-history":[{"count":7,"href":"https:\/\/blogsaverroes.juntadeandalucia.es\/ceipvalerianolopez\/wp-json\/wp\/v2\/posts\/1418\/revisions"}],"predecessor-version":[{"id":1426,"href":"https:\/\/blogsaverroes.juntadeandalucia.es\/ceipvalerianolopez\/wp-json\/wp\/v2\/posts\/1418\/revisions\/1426"}],"wp:featuredmedia":[{"embeddable":true,"href":"https:\/\/blogsaverroes.juntadeandalucia.es\/ceipvalerianolopez\/wp-json\/wp\/v2\/media\/1419"}],"wp:attachment":[{"href":"https:\/\/blogsaverroes.juntadeandalucia.es\/ceipvalerianolopez\/wp-json\/wp\/v2\/media?parent=1418"}],"wp:term":[{"taxonomy":"category","embeddable":true,"href":"https:\/\/blogsaverroes.juntadeandalucia.es\/ceipvalerianolopez\/wp-json\/wp\/v2\/categories?post=1418"},{"taxonomy":"post_tag","embeddable":true,"href":"https:\/\/blogsaverroes.juntadeandalucia.es\/ceipvalerianolopez\/wp-json\/wp\/v2\/tags?post=1418"}],"curies":[{"name":"wp","href":"https:\/\/api.w.org\/{rel}","templated":true}]}}