{"id":1531,"date":"2020-06-01T09:38:18","date_gmt":"2020-06-01T07:38:18","guid":{"rendered":"https:\/\/blogsaverroes.juntadeandalucia.es\/ceipvalerianolopez\/?p=1531"},"modified":"2020-06-02T12:08:11","modified_gmt":"2020-06-02T10:08:11","slug":"matriculacion-20-21","status":"publish","type":"post","link":"https:\/\/blogsaverroes.juntadeandalucia.es\/ceipvalerianolopez\/matriculacion-20-21\/","title":{"rendered":"Matriculaci\u00f3n 20\/21"},"content":{"rendered":"<p>Se ha enviado por tabl\u00f3n de IPASEN toda la informaci\u00f3n sobre la matriculaci\u00f3n 20\/21<\/p>\n<p>El periodo de matriculaci\u00f3n es del 2 al 8 de junio.<br \/>\nLa matriculaci\u00f3n ser\u00e1 teletramitada en la Secretar\u00eda Virtual<br \/>\nhttps:\/\/www.juntadeandalucia.es\/educacion\/secretariavirtual\/<\/p>\n<p>Puede solicitar cita previa por tel\u00e9fono 600140482<br \/>\nPara recibir ayuda telef\u00f3nicamente puede llamar al 951270596 o al 600158191<br \/>\nO por email administracion@colegiovalerianolopez.com<\/p>\n<p>Tienen toda la documentaci\u00f3n, tutoriales e informaci\u00f3n y plazos en nuestra web<\/p>\n<blockquote class=\"wp-embedded-content\" data-secret=\"U0pXT9BEbq\"><p><a href=\"https:\/\/blogsaverroes.juntadeandalucia.es\/ceipvalerianolopez\/secretaria\/matricula\/\">Matr\u00edcula<\/a><\/p><\/blockquote>\n<p><iframe class=\"wp-embedded-content\" sandbox=\"allow-scripts\" security=\"restricted\" style=\"position: absolute; clip: rect(1px, 1px, 1px, 1px);\" title=\"\u00abMatr\u00edcula\u00bb \u2014 CEIP Valeriano L\u00f3pez\" src=\"https:\/\/blogsaverroes.juntadeandalucia.es\/ceipvalerianolopez\/secretaria\/matricula\/embed\/#?secret=MK0xNy6mb6#?secret=U0pXT9BEbq\" data-secret=\"U0pXT9BEbq\" width=\"600\" height=\"338\" frameborder=\"0\" marginwidth=\"0\" marginheight=\"0\" scrolling=\"no\"><\/iframe><\/p>\n<p>La Consejer\u00eda de Educaci\u00f3n habilita cada a\u00f1o el <a href=\"http:\/\/juntadeandalucia.es\/temas\/estudiar\/primaria-eso\/matriculacion.html\">Portal de Escolarizaci\u00f3n y Matr\u00edcula<\/a> con toda la informaci\u00f3n relevante para la tramitaci\u00f3n de solicitudes y matr\u00edculas escolares.<\/p>\n<h2>Admisi\u00f3n<\/h2>\n<p>Todo lo referente a la admisi\u00f3n lo encontrar\u00e1s en la secci\u00f3n de \u00ab<a href=\"https:\/\/blogsaverroes.juntadeandalucia.es\/ceipvalerianolopez\/escolarizacion\/admision\/\">Admisi\u00f3n<\/a>\u00bb de nuestra WEB.<\/p>\n<p>&nbsp;<\/p>\n<h2>\u00bfCu\u00e1ndo ser\u00e1 la matriculaci\u00f3n?<\/h2>\n<p style=\"text-align: center\">Siguiendo el siguiente calendario publicado por la Junta de Andaluc\u00eda la matriculaci\u00f3n del curso 20\/21 se realizar\u00e1 del<\/p>\n<p style=\"text-align: center\"><span style=\"font-size: 18pt;color: #008080\"><strong>2 al 8 de junio de 2020<\/strong><\/span><\/p>\n<p><a href=\"https:\/\/www.juntadeandalucia.es\/educacion\/portals\/web\/escolarizacion\/infantil-a-bachillerato\/calendario\"><img loading=\"lazy\" decoding=\"async\" class=\"aligncenter wp-image-1511\" src=\"https:\/\/blogsaverroes.juntadeandalucia.es\/ceipvalerianolopez\/files\/2020\/05\/Captura-de-pantalla-2020-05-31-a-las-23.32.57-300x286.png\" alt=\"\" width=\"347\" height=\"331\" srcset=\"https:\/\/blogsaverroes.juntadeandalucia.es\/ceipvalerianolopez\/files\/2020\/05\/Captura-de-pantalla-2020-05-31-a-las-23.32.57-300x286.png 300w, https:\/\/blogsaverroes.juntadeandalucia.es\/ceipvalerianolopez\/files\/2020\/05\/Captura-de-pantalla-2020-05-31-a-las-23.32.57-768x731.png 768w, https:\/\/blogsaverroes.juntadeandalucia.es\/ceipvalerianolopez\/files\/2020\/05\/Captura-de-pantalla-2020-05-31-a-las-23.32.57-1024x975.png 1024w, https:\/\/blogsaverroes.juntadeandalucia.es\/ceipvalerianolopez\/files\/2020\/05\/Captura-de-pantalla-2020-05-31-a-las-23.32.57-24x24.png 24w, https:\/\/blogsaverroes.juntadeandalucia.es\/ceipvalerianolopez\/files\/2020\/05\/Captura-de-pantalla-2020-05-31-a-las-23.32.57-36x34.png 36w, https:\/\/blogsaverroes.juntadeandalucia.es\/ceipvalerianolopez\/files\/2020\/05\/Captura-de-pantalla-2020-05-31-a-las-23.32.57-48x46.png 48w, https:\/\/blogsaverroes.juntadeandalucia.es\/ceipvalerianolopez\/files\/2020\/05\/Captura-de-pantalla-2020-05-31-a-las-23.32.57.png 1598w\" sizes=\"(max-width: 347px) 100vw, 347px\" \/><\/a><\/p>\n<p><span style=\"color: #ff0000\"><strong>La matr\u00edcula no abrir\u00e1 antes del d\u00eda 2 de junio ni permanecer\u00e1 abierta tras finalizar el plazo (8 de junio).<\/strong><\/span><\/p>\n<p>&nbsp;<\/p>\n<h2>\u00bfPara qui\u00e9n es la matriculaci\u00f3n?<\/h2>\n<p>La matriculaci\u00f3n del 2 al 8 de junio de 2020 ser\u00e1 para el alumnado de 2\u00ba ciclo de Infantil y Primaria.<\/p>\n<p>NOTA:<\/p>\n<ul>\n<li>El alumnado de 6\u00ba del curso 19\/20 seguir\u00e1 los plazos marcados para ESO. Plazo de la preinscripci\u00f3n del 15 y el 21 de junio. Toda la informaci\u00f3n la ten\u00e9is en \u00ab<a href=\"https:\/\/blogsaverroes.juntadeandalucia.es\/ceipvalerianolopez\/escolarizacion\/admision\/transito\/\">tr\u00e1nsito<\/a>\u00ab<\/li>\n<li>El alumnado que acceda a Infantil 3 a\u00f1os en el curso 20\/21 y que haya sido admitido en nuestro centro realizar\u00e1 su matr\u00edcula del 25 al 30 de junio<\/li>\n<li>Alumnado que haya pedido plaza en otro centro realizar\u00e1 su matr\u00edcula en su nuevo centro del 25 al 30 de junio&nbsp;<\/li>\n<\/ul>\n<p>&nbsp;<\/p>\n<p>Es decir, podr\u00e1 formalizar la matr\u00edcula todo el alumnado de nuestro centro que haya cursado durante el curso 19\/20 los siguientes cursos:<\/p>\n<ul>\n<li>Infantil 3 a\u00f1os, 4 a\u00f1os y 5 a\u00f1os<\/li>\n<li>Primaria desde 1\u00ba hasta 5\u00ba.<\/li>\n<li>Aula Espec\u00edfica<\/li>\n<\/ul>\n<p>&nbsp;<\/p>\n<h2>\u00bfC\u00f3mo realizar la matriculaci\u00f3n?<\/h2>\n<p>A trav\u00e9s de la p\u00e1gina web de la <a href=\"https:\/\/www.juntadeandalucia.es\/educacion\/secretariavirtual\/solicitudes\/\">Secretar\u00eda Virtual de la Junta de Andaluc\u00eda <\/a>usando cualquier dispositivo m\u00f3vil, tablet, port\u00e1til u ordenador.<\/p>\n<p><iframe loading=\"lazy\" title=\"Sobre Electr\u00f3nico de Matr\u00edcula 2019 (ACTUALIZACI\u00d3N EN LA DESCRIPCI\u00d3N.\" width=\"843\" height=\"474\" src=\"https:\/\/www.youtube.com\/embed\/V0U7eX0L7ro?feature=oembed\" frameborder=\"0\" allow=\"accelerometer; autoplay; clipboard-write; encrypted-media; gyroscope; picture-in-picture; web-share\" referrerpolicy=\"strict-origin-when-cross-origin\" allowfullscreen><\/iframe><\/p>\n<p>Si no puedes realizarla telem\u00e1ticamente podr\u00e1s pedir cita previa en el <span style=\"font-size: 14pt\"><strong>tel\u00e9fono 600140482<\/strong><\/span> durante el horario de 09:30 a 13:30, para:<\/p>\n<ul>\n<li>Recibir ayuda telef\u00f3nicamente para realizar la matr\u00edcula telem\u00e1ticamente.<\/li>\n<li>Solicitar cita para hacer entrega de tu matr\u00edcula con toda la documentaci\u00f3n necesaria en formato papel. <em>Recuerde que para acudir f\u00edsicamente al centro deber\u00e1 llevar mascarilla y guantes y respetar las medidas de distanciamiento e higiene que han recomendado las autoridades sanitarias.<\/em><\/li>\n<\/ul>\n<p>Para cualquier consulta sobre la matriculaci\u00f3n, c\u00f3digo IANDE, IPASEN&#8230; podr\u00e1 llamar a los tel\u00e9fonos <span style=\"font-size: 14pt\"><strong>951270596 o al 600158191<\/strong> <\/span>o enviando un email a&nbsp;<a href=\"mailto:administracion@colegiovalerianolopez.com\">administracion@colegiovalerianolopez.com<\/a>&nbsp;<\/p>\n<p>&nbsp;<\/p>\n<h2>\u00bfQu\u00e9 necesitar\u00e1s para realizar la matr\u00edcula?<\/h2>\n<p>Disponer de una de estas tres formas de autentificaci\u00f3n en la <a href=\"https:\/\/www.juntadeandalucia.es\/educacion\/secretariavirtual\/solicitudes\/\">Secretar\u00eda Virtual de la Junta de Andaluc\u00eda.<\/a>:<\/p>\n<p><img loading=\"lazy\" decoding=\"async\" class=\"aligncenter wp-image-1513\" src=\"https:\/\/blogsaverroes.juntadeandalucia.es\/ceipvalerianolopez\/files\/2020\/06\/Captura-de-pantalla-2020-06-01-a-las-0.02.54-300x131.png\" alt=\"\" width=\"465\" height=\"203\" srcset=\"https:\/\/blogsaverroes.juntadeandalucia.es\/ceipvalerianolopez\/files\/2020\/06\/Captura-de-pantalla-2020-06-01-a-las-0.02.54-300x131.png 300w, https:\/\/blogsaverroes.juntadeandalucia.es\/ceipvalerianolopez\/files\/2020\/06\/Captura-de-pantalla-2020-06-01-a-las-0.02.54-768x336.png 768w, https:\/\/blogsaverroes.juntadeandalucia.es\/ceipvalerianolopez\/files\/2020\/06\/Captura-de-pantalla-2020-06-01-a-las-0.02.54-1024x448.png 1024w, https:\/\/blogsaverroes.juntadeandalucia.es\/ceipvalerianolopez\/files\/2020\/06\/Captura-de-pantalla-2020-06-01-a-las-0.02.54-24x11.png 24w, https:\/\/blogsaverroes.juntadeandalucia.es\/ceipvalerianolopez\/files\/2020\/06\/Captura-de-pantalla-2020-06-01-a-las-0.02.54-36x16.png 36w, https:\/\/blogsaverroes.juntadeandalucia.es\/ceipvalerianolopez\/files\/2020\/06\/Captura-de-pantalla-2020-06-01-a-las-0.02.54-48x21.png 48w, https:\/\/blogsaverroes.juntadeandalucia.es\/ceipvalerianolopez\/files\/2020\/06\/Captura-de-pantalla-2020-06-01-a-las-0.02.54.png 1918w\" sizes=\"(max-width: 465px) 100vw, 465px\" \/><\/p>\n<ul>\n<li>Cl@ve. Solicitando su acceso a trav\u00e9s <a href=\"https:\/\/pasarela.clave.gob.es\/Proxy\/ServiceProvider\">del siguiente enlace.<\/a><\/li>\n<li>Certificado digital. Si no lo ha solicitado puede solicitarlo desde <a href=\"https:\/\/www.sede.fnmt.gob.es\/certificados\/certificado-de-representante\/administrador-unico-solidario\/solicitar-certificado\">el siguiente enlace.<\/a><\/li>\n<li>C\u00f3digo iANDE. Facilitado por Junta de Andaluc\u00eda a todas las familias a trav\u00e9s de IPASEN y enviado desde el centro por correo electr\u00f3nico a todas las familias. Si a\u00fan no dispone de \u00e9l puede:\n<ul>\n<li>Consultarlo en Comunicaciones de su apliaci\u00f3n IPASEN.<\/li>\n<li>Generarlo desde la Secretar\u00eda Virtual desde <a href=\"https:\/\/www.juntadeandalucia.es\/educacion\/secretariavirtual\/autenticacion\/registroUsuarioIANDE\/\">el siguiente enlace.<\/a><\/li>\n<li>Solicitarlo al Centro Educativo: <a href=\"mailto:administracion@colegiovalerianolopez.com\">administracion@colegiovalerianolopez.com<\/a> o llamando al 951270596 o al 600158191.<\/li>\n<\/ul>\n<\/li>\n<\/ul>\n<p><iframe loading=\"lazy\" title=\"Acceso a la Secretar\u00eda Virtual con iANDe\" width=\"843\" height=\"474\" src=\"https:\/\/www.youtube.com\/embed\/p8bqMdBsLd4?feature=oembed\" frameborder=\"0\" allow=\"accelerometer; autoplay; clipboard-write; encrypted-media; gyroscope; picture-in-picture; web-share\" referrerpolicy=\"strict-origin-when-cross-origin\" allowfullscreen><\/iframe><\/p>\n<p>&nbsp;<\/p>\n<h2>Documentaci\u00f3n necesaria en el sobre de matriculaci\u00f3n:<\/h2>\n<h3>Matr\u00edcula:<\/h3>\n<p>Si realiza la <a href=\"https:\/\/www.juntadeandalucia.es\/educacion\/secretariavirtual\/solicitudes\/\">matr\u00edcula online<\/a> no necesitar\u00e1s ning\u00fan documento puesto que ya todo el documento est\u00e1 dentro de la matr\u00edcula online.<\/p>\n<p>Si realiza la matr\u00edcula en papel deber\u00e1 entregar el documento que se requiera seg\u00fan su caso. Recuerde que la matr\u00edcula se entregar\u00e1 debidamente rellena y con la documentaci\u00f3n que se requiera el d\u00eda que tenga la cita. Las dudas y preguntas se resolver\u00e1n telef\u00f3nicamente en el tel\u00e9fono 951270596:<\/p>\n<ul>\n<li><a title=\"Pulse para visualizar el documento:&nbsp;ANEXO IV\" href=\"https:\/\/www.juntadeandalucia.es\/educacion\/portals\/delegate\/content\/d26442b2-4b4a-433a-9c1e-e1790a29f781\/ANEXO%20IV\" target=\"_blank\" rel=\"noopener noreferrer\">ANEXO IV: <\/a><a title=\"Pulse para visualizar el documento:&nbsp;ANEXO IV\" href=\"https:\/\/www.juntadeandalucia.es\/educacion\/portals\/delegate\/content\/d26442b2-4b4a-433a-9c1e-e1790a29f781\/ANEXO%20IV\" target=\"_blank\" rel=\"noopener noreferrer\">Matr\u00edcula en segundo ciclo de Educaci\u00f3n Infantil<\/a><\/li>\n<li><a title=\"Pulse para visualizar el documento:&nbsp;ANEXO - RELIGI\u00d3N\" href=\"https:\/\/www.juntadeandalucia.es\/educacion\/portals\/delegate\/content\/12c1f402-4ea8-4a01-a921-5baa061cc442\/ANEXO%20-%20RELIGI%C3%93N\" target=\"_blank\" rel=\"noopener noreferrer\">ANEXO &#8211; RELIGI\u00d3N: <\/a><a title=\"Pulse para visualizar el documento:&nbsp;ANEXO - RELIGI\u00d3N\" href=\"https:\/\/www.juntadeandalucia.es\/educacion\/portals\/delegate\/content\/12c1f402-4ea8-4a01-a921-5baa061cc442\/ANEXO%20-%20RELIGI%C3%93N\" target=\"_blank\" rel=\"noopener noreferrer\">Solicitud para cursar la ense\u00f1anza de religi\u00f3n en Primaria, ESO o Bachillerato<\/a><\/li>\n<li><a title=\"Pulse para visualizar el documento:&nbsp;ANEXO V\" href=\"https:\/\/www.juntadeandalucia.es\/educacion\/portals\/delegate\/content\/55fad88e-7bb3-40e3-bbe4-198107487345\/ANEXO%20V\" target=\"_blank\" rel=\"noopener noreferrer\">ANEXO V: <\/a><a title=\"Pulse para visualizar el documento:&nbsp;ANEXO V\" href=\"https:\/\/www.juntadeandalucia.es\/educacion\/portals\/delegate\/content\/55fad88e-7bb3-40e3-bbe4-198107487345\/ANEXO%20V\" target=\"_blank\" rel=\"noopener noreferrer\">Matr\u00edcula en Educaci\u00f3n Primaria<\/a><\/li>\n<li><a title=\"Pulse para visualizar el documento:&nbsp;ANEXO VI\" href=\"https:\/\/www.juntadeandalucia.es\/educacion\/portals\/delegate\/content\/84909c76-f6af-4eaa-8a6a-7345b62b1645\/ANEXO%20VI\" target=\"_blank\" rel=\"noopener noreferrer\">ANEXO VI: <\/a><a title=\"Pulse para visualizar el documento:&nbsp;ANEXO VI\" href=\"https:\/\/www.juntadeandalucia.es\/educacion\/portals\/delegate\/content\/84909c76-f6af-4eaa-8a6a-7345b62b1645\/ANEXO%20VI\" target=\"_blank\" rel=\"noopener noreferrer\">Matr\u00edcula en Educaci\u00f3n Especial: Aula espec\u00edfica o Centro Espec\u00edfico<\/a><\/li>\n<\/ul>\n<h3>Documentaci\u00f3n de Servicios del Centro:<\/h3>\n<p>Realices la matr\u00edcula electr\u00f3nica como en papel podr\u00e1 solicitar los servicios de aula matinal, comedor, actividades extraescolares y transporte escolar.<\/p>\n<p>En el caso de la matr\u00edcula en papel tendr\u00e1 que aportar la solicitud junto a la documentaci\u00f3n que requiere en la ventanilla de nuestro centro.<\/p>\n<ul>\n<li><a href=\"https:\/\/blogsaverroes.juntadeandalucia.es\/ceipvalerianolopez\/files\/2020\/06\/Solicitud-Aula-Matinal-Comedor-y-Act-Extraescolar.pdf\">Solicitud Aula Matinal, Comedor y Act Extraescolar<\/a><\/li>\n<li><a href=\"https:\/\/blogsaverroes.juntadeandalucia.es\/ceipvalerianolopez\/files\/2020\/06\/Solicitud-transporte-escolar.pdf\">Solicitud transporte escolar<\/a><\/li>\n<\/ul>\n<p>En el caso de la matr\u00edcula online cumplimentar\u00e1 los apartados adecuados y al finalizar podr\u00e1 adjuntar en PDF toda la documentaci\u00f3n a alegar:<\/p>\n<p><img loading=\"lazy\" decoding=\"async\" class=\"size-medium wp-image-1518 alignleft\" src=\"https:\/\/blogsaverroes.juntadeandalucia.es\/ceipvalerianolopez\/files\/2020\/06\/unnamed-1-300x215.png\" alt=\"\" width=\"300\" height=\"215\" srcset=\"https:\/\/blogsaverroes.juntadeandalucia.es\/ceipvalerianolopez\/files\/2020\/06\/unnamed-1-300x215.png 300w, https:\/\/blogsaverroes.juntadeandalucia.es\/ceipvalerianolopez\/files\/2020\/06\/unnamed-1-768x551.png 768w, https:\/\/blogsaverroes.juntadeandalucia.es\/ceipvalerianolopez\/files\/2020\/06\/unnamed-1-24x17.png 24w, https:\/\/blogsaverroes.juntadeandalucia.es\/ceipvalerianolopez\/files\/2020\/06\/unnamed-1-36x26.png 36w, https:\/\/blogsaverroes.juntadeandalucia.es\/ceipvalerianolopez\/files\/2020\/06\/unnamed-1-48x34.png 48w, https:\/\/blogsaverroes.juntadeandalucia.es\/ceipvalerianolopez\/files\/2020\/06\/unnamed-1.png 985w\" sizes=\"(max-width: 300px) 100vw, 300px\" \/><img loading=\"lazy\" decoding=\"async\" class=\"size-medium wp-image-1517 alignleft\" src=\"https:\/\/blogsaverroes.juntadeandalucia.es\/ceipvalerianolopez\/files\/2020\/06\/unnamed-2-300x244.png\" alt=\"\" width=\"300\" height=\"244\" srcset=\"https:\/\/blogsaverroes.juntadeandalucia.es\/ceipvalerianolopez\/files\/2020\/06\/unnamed-2-300x244.png 300w, https:\/\/blogsaverroes.juntadeandalucia.es\/ceipvalerianolopez\/files\/2020\/06\/unnamed-2-768x624.png 768w, https:\/\/blogsaverroes.juntadeandalucia.es\/ceipvalerianolopez\/files\/2020\/06\/unnamed-2-1024x832.png 1024w, https:\/\/blogsaverroes.juntadeandalucia.es\/ceipvalerianolopez\/files\/2020\/06\/unnamed-2-24x19.png 24w, https:\/\/blogsaverroes.juntadeandalucia.es\/ceipvalerianolopez\/files\/2020\/06\/unnamed-2-36x29.png 36w, https:\/\/blogsaverroes.juntadeandalucia.es\/ceipvalerianolopez\/files\/2020\/06\/unnamed-2-48x39.png 48w, https:\/\/blogsaverroes.juntadeandalucia.es\/ceipvalerianolopez\/files\/2020\/06\/unnamed-2.png 1027w\" sizes=\"(max-width: 300px) 100vw, 300px\" \/> <img loading=\"lazy\" decoding=\"async\" class=\"size-medium wp-image-1514 alignleft\" src=\"https:\/\/blogsaverroes.juntadeandalucia.es\/ceipvalerianolopez\/files\/2020\/06\/Captura-de-pantalla-2020-06-01-a-las-0.25.54-300x73.png\" alt=\"\" width=\"300\" height=\"73\" srcset=\"https:\/\/blogsaverroes.juntadeandalucia.es\/ceipvalerianolopez\/files\/2020\/06\/Captura-de-pantalla-2020-06-01-a-las-0.25.54-300x73.png 300w, https:\/\/blogsaverroes.juntadeandalucia.es\/ceipvalerianolopez\/files\/2020\/06\/Captura-de-pantalla-2020-06-01-a-las-0.25.54-768x187.png 768w, https:\/\/blogsaverroes.juntadeandalucia.es\/ceipvalerianolopez\/files\/2020\/06\/Captura-de-pantalla-2020-06-01-a-las-0.25.54-1024x250.png 1024w, https:\/\/blogsaverroes.juntadeandalucia.es\/ceipvalerianolopez\/files\/2020\/06\/Captura-de-pantalla-2020-06-01-a-las-0.25.54-24x6.png 24w, https:\/\/blogsaverroes.juntadeandalucia.es\/ceipvalerianolopez\/files\/2020\/06\/Captura-de-pantalla-2020-06-01-a-las-0.25.54-36x9.png 36w, https:\/\/blogsaverroes.juntadeandalucia.es\/ceipvalerianolopez\/files\/2020\/06\/Captura-de-pantalla-2020-06-01-a-las-0.25.54-48x12.png 48w\" sizes=\"(max-width: 300px) 100vw, 300px\" \/><img loading=\"lazy\" decoding=\"async\" class=\"size-medium wp-image-1515 alignleft\" src=\"https:\/\/blogsaverroes.juntadeandalucia.es\/ceipvalerianolopez\/files\/2020\/06\/Captura-de-pantalla-2020-06-01-a-las-0.25.13-300x214.png\" alt=\"\" width=\"300\" height=\"214\" srcset=\"https:\/\/blogsaverroes.juntadeandalucia.es\/ceipvalerianolopez\/files\/2020\/06\/Captura-de-pantalla-2020-06-01-a-las-0.25.13-300x214.png 300w, https:\/\/blogsaverroes.juntadeandalucia.es\/ceipvalerianolopez\/files\/2020\/06\/Captura-de-pantalla-2020-06-01-a-las-0.25.13-768x547.png 768w, https:\/\/blogsaverroes.juntadeandalucia.es\/ceipvalerianolopez\/files\/2020\/06\/Captura-de-pantalla-2020-06-01-a-las-0.25.13-1024x729.png 1024w, https:\/\/blogsaverroes.juntadeandalucia.es\/ceipvalerianolopez\/files\/2020\/06\/Captura-de-pantalla-2020-06-01-a-las-0.25.13-24x17.png 24w, https:\/\/blogsaverroes.juntadeandalucia.es\/ceipvalerianolopez\/files\/2020\/06\/Captura-de-pantalla-2020-06-01-a-las-0.25.13-36x26.png 36w, https:\/\/blogsaverroes.juntadeandalucia.es\/ceipvalerianolopez\/files\/2020\/06\/Captura-de-pantalla-2020-06-01-a-las-0.25.13-48x34.png 48w, https:\/\/blogsaverroes.juntadeandalucia.es\/ceipvalerianolopez\/files\/2020\/06\/Captura-de-pantalla-2020-06-01-a-las-0.25.13.png 1714w\" sizes=\"(max-width: 300px) 100vw, 300px\" \/><\/p>\n<p style=\"text-align: center\">&nbsp;<\/p>\n<p style=\"text-align: center\">&nbsp;<\/p>\n<p>&nbsp;<\/p>\n<p>&nbsp;<\/p>\n<p>&nbsp;<\/p>\n<p>&nbsp;<\/p>\n<p>&nbsp;<\/p>\n<p>&nbsp;<\/p>\n<p>&nbsp;<\/p>\n<p>&nbsp;<\/p>\n<p>&nbsp;<\/p>\n<p>&nbsp;<\/p>\n<p>&nbsp;<\/p>\n<p>Seg\u00fan la situaci\u00f3n familiar tendr\u00e1 que acreditar las circunstancias declaradas:<\/p>\n<p style=\"text-align: center\"><img loading=\"lazy\" decoding=\"async\" class=\"aligncenter wp-image-1519\" src=\"https:\/\/blogsaverroes.juntadeandalucia.es\/ceipvalerianolopez\/files\/2020\/06\/unnamed-300x164.png\" alt=\"\" width=\"388\" height=\"212\" srcset=\"https:\/\/blogsaverroes.juntadeandalucia.es\/ceipvalerianolopez\/files\/2020\/06\/unnamed-300x164.png 300w, https:\/\/blogsaverroes.juntadeandalucia.es\/ceipvalerianolopez\/files\/2020\/06\/unnamed-768x421.png 768w, https:\/\/blogsaverroes.juntadeandalucia.es\/ceipvalerianolopez\/files\/2020\/06\/unnamed-24x13.png 24w, https:\/\/blogsaverroes.juntadeandalucia.es\/ceipvalerianolopez\/files\/2020\/06\/unnamed-36x20.png 36w, https:\/\/blogsaverroes.juntadeandalucia.es\/ceipvalerianolopez\/files\/2020\/06\/unnamed-48x26.png 48w, https:\/\/blogsaverroes.juntadeandalucia.es\/ceipvalerianolopez\/files\/2020\/06\/unnamed.png 988w\" sizes=\"(max-width: 388px) 100vw, 388px\" \/><\/p>\n<p>Para ello podr\u00e1 adjuntar al finalizar su matr\u00edcula la documentaci\u00f3n que se requiere en cada caso. Recuerde que debe ser legible:<\/p>\n<section id=\"h.1bcca7e1f55d94e3_52\">\n<div>\n<div id=\"h.1bcca7e1f55d94e3_30\">\n<ol>\n<li><strong>Acreditaci\u00f3n de guarda y custodia ejercida por solo uno de los representantes legales:<\/strong> presentar\u00e1 una copia compulsada del libro de familia o el documento judicial acreditativo de esa circunstancia.<\/li>\n<li><strong>Acreditaci\u00f3n de la actividad laboral o profesional de las personas que ostentan la guarda y custodia del alumno\/a:<\/strong> presentar\u00e1 cada uno de los progenitores que lo aleguen en la solicitud, uno o los dos, seg\u00fan cada caso:\n<ol>\n<li><strong><em>TRABAJADORES POR CUENTA AJENA:<\/em><\/strong>\n<ol style=\"list-style-type: lower-alpha\">\n<li>Informe de vida laboral o certificado de la unidad de personal de su destino como funcionario.<\/li>\n<li>Certificaci\u00f3n de la empresa justificativo de la duraci\u00f3n de la jornada, as\u00ed como el horario de trabajo.<\/li>\n<\/ol>\n<\/li>\n<li><strong><em>JUSTIFICANTE DE VIDA LABORAL DE UNO O DE AMBOS PROGENITORES.<\/em><\/strong> <a href=\"https:\/\/www.youtube.com\/watch?v=dykYaYMwjrg&amp;feature=emb_title\">En el siguiente enlace ten\u00e9is un videotutorial sobre c\u00f3mo conseguir la vida laboral sin certificado electr\u00f3nico.<\/a><\/li>\n<li>\n<p dir=\"ltr\"><strong><em>TRABAJADORES POR CUENTA PROPIA:<\/em><\/strong><\/p>\n<ol>\n<li>\n<p dir=\"ltr\">Certificaci\u00f3n demostrativa del alta en el Impuesto de Actividades Econ\u00f3micas y una declaraci\u00f3n responsable de la persona interesada sobre la vigencia de la misma y del horario que requiere la actividad.<\/p>\n<\/li>\n<li>\n<p dir=\"ltr\">En el supuesto de que no exista obligaci\u00f3n legal de estar dado de alta en el Impuesto de Actividades Econ\u00f3micas, se acreditar\u00e1 mediante la presentaci\u00f3n de alguno de los siguientes documentos:<\/p>\n<ol style=\"list-style-type: lower-alpha\">\n<li>\n<p dir=\"ltr\">Alta en el Censo de empresarios, profesionales y retenedores, para aquellas personas que desarrollen actividades empresariales o profesionales, incluidas las agr\u00edcolas, forestales, ganaderas o pesqueras.<\/p>\n<\/li>\n<li>\n<p dir=\"ltr\">Copia autenticada de la correspondiente licencia de apertura expedida por el Ayuntamiento respectivo.<\/p>\n<\/li>\n<li>\n<p dir=\"ltr\">Copia sellada de la declaraci\u00f3n responsable o comunicaci\u00f3n previa correspondiente presentada ante el Ayuntamiento.<\/p>\n<\/li>\n<li>\n<p dir=\"ltr\">Alta en la Seguridad Social y una declaraci\u00f3n responsable de la persona interesada sobre la vigencia de la misma.<\/p>\n<\/li>\n<\/ol>\n<\/li>\n<\/ol>\n<\/li>\n<\/ol>\n<\/li>\n<li>\n<div class=\"JNdkSc-SmKAyb\">\n<div class=\"\">\n<div class=\"oKdM2c Kzv0Me\">\n<div id=\"h.7da8d5b086c305e6_70\" class=\"hJDwNd-AhqUyc-II5mzb pSzOP-AhqUyc-qWD73c jXK9ad D2fZ2 OjCsFc wHaque GNzUNc\">\n<div class=\"jXK9ad-SmKAyb\">\n<div class=\"tyJCtd mGzaTb baZpAe\">\n<div class=\"CjVfdc\"><strong>Acreditaci\u00f3n de cursar estudios conducentes a titulaci\u00f3n acad\u00e9mica oficial:<\/strong> presentar\u00e1 certificado expedido por el centro docente donde figure estar matriculado y el horario lectivo.<\/div>\n<\/div>\n<\/div>\n<\/div>\n<\/div>\n<\/div>\n<\/div>\n<\/li>\n<li><strong>Acreditaci\u00f3n de situaci\u00f3n de dificultad social extrema o riesgo de exclusi\u00f3n:<\/strong> presentar\u00e1 certificaci\u00f3n expedida al efecto por la persona titular de los servicios sociales provinciales donde resida la persona solicitante.<\/li>\n<li><strong> Acreditaci\u00f3n de situaci\u00f3n de tutela o guarda de la administraci\u00f3n de la Junta de Andaluc\u00eda:<\/strong> presentar\u00e1 certificaci\u00f3n expedida por la Consejer\u00eda competente en materia de protecci\u00f3n de menores.<\/li>\n<li><strong>Acreditaci\u00f3n de hijo\/a de mujeres v\u00edctimas de la violencia de g\u00e9nero:<\/strong> en el caso de hijos o hijas de mujeres atendidas en centros de acogida para mujeres v\u00edctimas de la violencia de g\u00e9nero, ser\u00e1 necesaria la certificaci\u00f3n de la entidad titular del centro de acogida.<\/li>\n<li>\n<div><strong>Acreditaci\u00f3n de situaci\u00f3n de v\u00edctima de terrorismo:<\/strong> presentar\u00e1 certificaci\u00f3n expedida por la Consejer\u00eda competente en materia de v\u00edctimas de terrorismo.<\/div>\n<\/li>\n<li>\n<div class=\"JNdkSc-SmKAyb\">\n<div class=\"\">\n<div class=\"oKdM2c Kzv0Me\">\n<div id=\"h.7da8d5b086c305e6_70\" class=\"hJDwNd-AhqUyc-II5mzb pSzOP-AhqUyc-qWD73c jXK9ad D2fZ2 OjCsFc wHaque GNzUNc\">\n<div class=\"jXK9ad-SmKAyb\">\n<div class=\"tyJCtd mGzaTb baZpAe\">\n<div><strong>Acreditaci\u00f3n de situaci\u00f3n de dependencia:<\/strong> presentar\u00e1 certificaci\u00f3n expedida por la Consejer\u00eda competente en materia de dependencia y servicios sociales.<\/div>\n<\/div>\n<\/div>\n<\/div>\n<\/div>\n<\/div>\n<\/div>\n<\/li>\n<li><strong>Acreditaci\u00f3n de pertenecer a familia monoparental:<\/strong> copia autenticada del libro de familia o documento judicial de monoparentalidad y, en su caso, la orden judicial de alejamiento en vigor.<\/li>\n<\/ol>\n<\/div>\n<\/div>\n<\/section>\n<p>&nbsp;<\/p>\n<h3>Otros documentos:<\/h3>\n<p>Los siguientes documentos est\u00e1n presentes en la <a href=\"https:\/\/www.juntadeandalucia.es\/educacion\/secretariavirtual\/solicitudes\/\">matr\u00edcula online<\/a> por lo que quienes elijan esta opci\u00f3n no necesitar\u00e1n rellenar los siguientes documentos.<\/p>\n<p>Las personas que quieran presentar la matr\u00edcula en formato papel deber\u00e1n descargar los siguientes documentos y presentarlos en el centro junto a la matr\u00edcula y si se ha decidido solicitar alg\u00fan o algunos de los servicios del centro:<\/p>\n<ul>\n<li><a href=\"https:\/\/blogsaverroes.juntadeandalucia.es\/ceipvalerianolopez\/files\/2020\/06\/Ficha-de-alumnado.pdf\">Ficha de alumnado<\/a><\/li>\n<li><a href=\"https:\/\/blogsaverroes.juntadeandalucia.es\/ceipvalerianolopez\/files\/2020\/06\/Autorizacio\u0301n-de-Recogida.pdf\">Autorizacio\u0301n de Recogida<\/a><\/li>\n<li><a href=\"https:\/\/blogsaverroes.juntadeandalucia.es\/ceipvalerianolopez\/files\/2020\/06\/Autorizacio\u0301n-Imagen-y-Voz.pdf\">Autorizacio\u0301n Imagen y Voz<\/a><\/li>\n<\/ul>\n<p>&nbsp;<\/p>\n<h2>Enlaces de inter\u00e9s sobre la matriculaci\u00f3n<\/h2>\n<p>En el&nbsp;<a href=\"http:\/\/www.juntadeandalucia.es\/educacion\/portals\/web\/escolarizacion\/infantil-a-bachillerato\">Portal de Escolarizaci\u00f3n y Matr\u00edcula: Primaria y ESO<\/a>&nbsp;que se actualiza con los datos de cada curso acad\u00e9mico, podr\u00e1s encontrar:<\/p>\n<ul>\n<li>El <a href=\"http:\/\/www.juntadeandalucia.es\/educacion\/portals\/web\/escolarizacion\/infantil-a-bachillerato\/calendario\">calendario<\/a> con las fechas de los distintos pasos de la tramitaci\u00f3n<\/li>\n<li>Los <a href=\"http:\/\/www.juntadeandalucia.es\/educacion\/portals\/web\/escolarizacion\/infantil-a-bachillerato\/impresos\">impresos<\/a> necesarios para los distintos tr\u00e1mites o&nbsp;<a class=\"ico_enlaceExt\" title=\"Se abre en una nueva ventana\" href=\"https:\/\/www.juntadeandalucia.es\/educacion\/secretariavirtual\/\" target=\"_blank\" rel=\"noopener noreferrer\">acceso a la Secretar\u00eda Virtual<\/a>.\n<ul>\n<li><a title=\"Pulse para visualizar el documento:&nbsp;ANEXO IV\" href=\"https:\/\/www.juntadeandalucia.es\/educacion\/portals\/delegate\/content\/d26442b2-4b4a-433a-9c1e-e1790a29f781\/ANEXO%20IV\" target=\"_blank\" rel=\"noopener noreferrer\">ANEXO IV:&nbsp;<\/a><a title=\"Pulse para visualizar el documento:&nbsp;ANEXO IV\" href=\"https:\/\/www.juntadeandalucia.es\/educacion\/portals\/delegate\/content\/d26442b2-4b4a-433a-9c1e-e1790a29f781\/ANEXO%20IV\" target=\"_blank\" rel=\"noopener noreferrer\">Matr\u00edcula en segundo ciclo de Educaci\u00f3n Infantil<\/a><\/li>\n<li><a title=\"Pulse para visualizar el documento:&nbsp;ANEXO - RELIGI\u00d3N\" href=\"https:\/\/www.juntadeandalucia.es\/educacion\/portals\/delegate\/content\/12c1f402-4ea8-4a01-a921-5baa061cc442\/ANEXO%20-%20RELIGI%C3%93N\" target=\"_blank\" rel=\"noopener noreferrer\">ANEXO &#8211; RELIGI\u00d3N:&nbsp;<\/a><a title=\"Pulse para visualizar el documento:&nbsp;ANEXO - RELIGI\u00d3N\" href=\"https:\/\/www.juntadeandalucia.es\/educacion\/portals\/delegate\/content\/12c1f402-4ea8-4a01-a921-5baa061cc442\/ANEXO%20-%20RELIGI%C3%93N\" target=\"_blank\" rel=\"noopener noreferrer\">Solicitud para cursar la ense\u00f1anza de religi\u00f3n en Primaria, ESO o Bachillerato<\/a><\/li>\n<li><a title=\"Pulse para visualizar el documento:&nbsp;ANEXO V\" href=\"https:\/\/www.juntadeandalucia.es\/educacion\/portals\/delegate\/content\/55fad88e-7bb3-40e3-bbe4-198107487345\/ANEXO%20V\" target=\"_blank\" rel=\"noopener noreferrer\">ANEXO V:&nbsp;<\/a><a title=\"Pulse para visualizar el documento:&nbsp;ANEXO V\" href=\"https:\/\/www.juntadeandalucia.es\/educacion\/portals\/delegate\/content\/55fad88e-7bb3-40e3-bbe4-198107487345\/ANEXO%20V\" target=\"_blank\" rel=\"noopener noreferrer\">Matr\u00edcula en Educaci\u00f3n Primaria<\/a><\/li>\n<li><a title=\"Pulse para visualizar el documento:&nbsp;ANEXO VI\" href=\"https:\/\/www.juntadeandalucia.es\/educacion\/portals\/delegate\/content\/84909c76-f6af-4eaa-8a6a-7345b62b1645\/ANEXO%20VI\" target=\"_blank\" rel=\"noopener noreferrer\">ANEXO VI:&nbsp;<\/a><a title=\"Pulse para visualizar el documento:&nbsp;ANEXO VI\" href=\"https:\/\/www.juntadeandalucia.es\/educacion\/portals\/delegate\/content\/84909c76-f6af-4eaa-8a6a-7345b62b1645\/ANEXO%20VI\" target=\"_blank\" rel=\"noopener noreferrer\">Matr\u00edcula en Educaci\u00f3n Especial: Aula espec\u00edfica o Centro Espec\u00edfico<\/a><\/li>\n<li><a href=\"https:\/\/blogsaverroes.juntadeandalucia.es\/ceipvalerianolopez\/files\/2020\/06\/Ficha-de-alumnado.pdf\">Ficha de alumnado<\/a><\/li>\n<li><a href=\"https:\/\/blogsaverroes.juntadeandalucia.es\/ceipvalerianolopez\/files\/2020\/06\/Autorizacio\u0301n-de-Recogida.pdf\">Autorizacio\u0301n de Recogida<\/a><\/li>\n<li><a href=\"https:\/\/blogsaverroes.juntadeandalucia.es\/ceipvalerianolopez\/files\/2020\/06\/Autorizacio\u0301n-Imagen-y-Voz.pdf\">Autorizacio\u0301n Imagen y Voz<\/a><\/li>\n<li><a href=\"https:\/\/blogsaverroes.juntadeandalucia.es\/ceipvalerianolopez\/files\/2020\/06\/Solicitud-Aula-Matinal-Comedor-y-Act-Extraescolar.pdf\">Solicitud Aula Matinal, Comedor y Act Extraescolar<\/a><\/li>\n<li><a href=\"https:\/\/blogsaverroes.juntadeandalucia.es\/ceipvalerianolopez\/files\/2020\/06\/Solicitud-transporte-escolar.pdf\">Solicitud transporte escolar<\/a><\/li>\n<\/ul>\n<\/li>\n<li><a href=\"http:\/\/www.juntadeandalucia.es\/educacion\/portals\/web\/escolarizacion\/infantil-a-bachillerato\/autobaremo\">Autobaremo<\/a> para el c\u00e1lculo de puntuaci\u00f3n de acceso a los centros a trav\u00e9s de un sencillo formulario con preguntas.<\/li>\n<li>Informaci\u00f3n sobre los criterios de admisi\u00f3n, puntuaci\u00f3n y documentaci\u00f3n acreditativa<\/li>\n<li>La normativa que regula las ense\u00f1anzas de segundo ciclo de educaci\u00f3n infantil, educaci\u00f3n primaria, educaci\u00f3n especial, educaci\u00f3n secundaria obligatoria y bachillerato.<\/li>\n<li>Un buscador de centros y de las <a href=\"http:\/\/www.juntadeandalucia.es\/educacion\/portals\/web\/escolarizacion\/infantil-a-bachillerato\/consultas\">\u00e1reas de influencias<\/a><\/li>\n<li>Una secci\u00f3n de <a href=\"http:\/\/www.juntadeandalucia.es\/educacion\/portals\/web\/escolarizacion\/infantil-a-bachillerato\/preguntas-frecuentes\">preguntas frecuentes<\/a><\/li>\n<\/ul>\n<p>&nbsp;<\/p>\n<p>Para atender consultas sobre todo el proceso de escolarizaci\u00f3n, la Consejer\u00eda ha habilitado un tel\u00e9fono gratuito de informaci\u00f3n (900 848 000), en horario ininterrumpido de 8.00 a 19.00 horas.<\/p>\n<p>Adem\u00e1s, gracias a una aplicaci\u00f3n para smartphones puedes realizar consultas de centros as\u00ed como de los puntos del baremo por domicilio.<\/p>\n<ul>\n<li><a href=\"https:\/\/itunes.apple.com\/es\/app\/iescolariza\/id606516551?mt=8\">Descarga la aplicaci\u00f3n para dispositivos iPhone<\/a><\/li>\n<li><a href=\"https:\/\/play.google.com\/store\/apps\/details?id=es.juntadeandalucia.ced.escolarizacion\">Descarga la aplicaci\u00f3n para dispositivos Android<\/a><\/li>\n<\/ul>\n<p>&nbsp;<\/p>\n<h2>M\u00e1s informaci\u00f3n<\/h2>\n<ul>\n<li><a href=\"http:\/\/www.juntadeandalucia.es\/export\/drupaljda\/Matriculacion_2017_2018.pdf\">Informaci\u00f3n sobre escolarizaci\u00f3n y matriculaci\u00f3n del curso escolar 2017\/18 (pdf)<\/a><\/li>\n<li><a href=\"http:\/\/www.juntadeandalucia.es\/boja\/2017\/32\/1\">Decreto 9\/2017, de 31 de enero, por el que se modifica el Decreto 40\/2011, de 22 de febrero, por el que se regulan los criterios y el procedimiento de admisi\u00f3n del alumnado en los centros docentes p\u00fablicos y privados concertados para cursar las ense\u00f1anzas de segundo ciclo de educaci\u00f3n infantil, educaci\u00f3n primaria, educaci\u00f3n especial, educaci\u00f3n secundaria obligatoria y bachillerato<\/a><\/li>\n<li><a href=\"http:\/\/www.juntadeandalucia.es\/boja\/2017\/41\/1\">Orden de 24 de febrero de 2017, por la que se modifica la Orden de 24 de febrero de 2011, por la que se desarrolla el procedimiento de admisi\u00f3n del alumnado en los centros docentes p\u00fablicos y privados concertados para cursar las ense\u00f1anzas de segundo ciclo de educaci\u00f3n infantil, educaci\u00f3n primaria, educaci\u00f3n especial, educaci\u00f3n secundaria obligatoria y bachillerato<\/a><\/li>\n<\/ul>\n<p>&nbsp;<\/p>\n<p>&nbsp;<\/p>\n<p style=\"text-align: center\">Secretar\u00eda y la atenci\u00f3n telef\u00f3nica permanecer\u00e1 abierta de 09:30 a 13:30.<\/p>\n<p style=\"text-align: center\">Tel\u00e9fono para cita previa telem\u00e1tica y presencial:<span style=\"font-size: 14pt\"><strong>600140482<\/strong><\/span><\/p>\n<p style=\"text-align: center\">Tel\u00e9fono para dudas y consultas: <span style=\"font-size: 14pt\"><strong>951270596 o al 600158191<\/strong><\/span><\/p>\n<p style=\"text-align: center\">Email: <a href=\"mailto:administracion@colegiovalerianolopez.com\">administracion@colegiovalerianolopez.com<\/a><\/p>\n<p>&nbsp;<\/p>\n","protected":false},"excerpt":{"rendered":"<p>Se ha enviado por tabl\u00f3n de IPASEN toda la informaci\u00f3n sobre la matriculaci\u00f3n 20\/21 El periodo de matriculaci\u00f3n es del 2 al 8 de junio.&hellip;<\/p>\n","protected":false},"author":8377,"featured_media":1502,"comment_status":"open","ping_status":"open","sticky":false,"template":"","format":"standard","meta":{"ngg_post_thumbnail":0,"footnotes":""},"categories":[28,19,4441],"tags":[26636],"aioseo_notices":[],"_links":{"self":[{"href":"https:\/\/blogsaverroes.juntadeandalucia.es\/ceipvalerianolopez\/wp-json\/wp\/v2\/posts\/1531"}],"collection":[{"href":"https:\/\/blogsaverroes.juntadeandalucia.es\/ceipvalerianolopez\/wp-json\/wp\/v2\/posts"}],"about":[{"href":"https:\/\/blogsaverroes.juntadeandalucia.es\/ceipvalerianolopez\/wp-json\/wp\/v2\/types\/post"}],"author":[{"embeddable":true,"href":"https:\/\/blogsaverroes.juntadeandalucia.es\/ceipvalerianolopez\/wp-json\/wp\/v2\/users\/8377"}],"replies":[{"embeddable":true,"href":"https:\/\/blogsaverroes.juntadeandalucia.es\/ceipvalerianolopez\/wp-json\/wp\/v2\/comments?post=1531"}],"version-history":[{"count":5,"href":"https:\/\/blogsaverroes.juntadeandalucia.es\/ceipvalerianolopez\/wp-json\/wp\/v2\/posts\/1531\/revisions"}],"predecessor-version":[{"id":1540,"href":"https:\/\/blogsaverroes.juntadeandalucia.es\/ceipvalerianolopez\/wp-json\/wp\/v2\/posts\/1531\/revisions\/1540"}],"wp:featuredmedia":[{"embeddable":true,"href":"https:\/\/blogsaverroes.juntadeandalucia.es\/ceipvalerianolopez\/wp-json\/wp\/v2\/media\/1502"}],"wp:attachment":[{"href":"https:\/\/blogsaverroes.juntadeandalucia.es\/ceipvalerianolopez\/wp-json\/wp\/v2\/media?parent=1531"}],"wp:term":[{"taxonomy":"category","embeddable":true,"href":"https:\/\/blogsaverroes.juntadeandalucia.es\/ceipvalerianolopez\/wp-json\/wp\/v2\/categories?post=1531"},{"taxonomy":"post_tag","embeddable":true,"href":"https:\/\/blogsaverroes.juntadeandalucia.es\/ceipvalerianolopez\/wp-json\/wp\/v2\/tags?post=1531"}],"curies":[{"name":"wp","href":"https:\/\/api.w.org\/{rel}","templated":true}]}}