{"id":1593,"date":"2020-09-14T23:23:20","date_gmt":"2020-09-14T21:23:20","guid":{"rendered":"https:\/\/blogsaverroes.juntadeandalucia.es\/ceipvalerianolopez\/?p=1593"},"modified":"2020-09-14T23:23:20","modified_gmt":"2020-09-14T21:23:20","slug":"huelga-informacion-a-las-familias","status":"publish","type":"post","link":"https:\/\/blogsaverroes.juntadeandalucia.es\/ceipvalerianolopez\/huelga-informacion-a-las-familias\/","title":{"rendered":"Huelga. Informaci\u00f3n a las familias"},"content":{"rendered":"<p>Ante la HUELGA DE ENSE\u00d1ANZA, convocada para los d\u00edas comprendidos entre el 15 de septiembre hasta el 16 de octubre de 2020, el CEIP Valeriano L\u00f3pez (Estepona) les comunica lo siguiente:<\/p>\n<ul>\n<li>Los servicios m\u00ednimos decretados son:\n<ul>\n<li>Dos miembros del equipo directivo.<\/li>\n<li>Cuatro maestros\/as.<\/li>\n<\/ul>\n<\/li>\n<li>El personal docente (profesorado), acogiendo a su derecho a secundar la huelga, podr\u00e1 no informar a la direcci\u00f3n del centro sobre su intenci\u00f3n de hacerlo.<\/li>\n<\/ul>\n<p>&nbsp;<\/p>\n<p>Los motivos de la convocatoria de huelga seg\u00fan se indican en la convocatoria de la misma son:<\/p>\n<ol>\n<li>Disminuci\u00f3n de las ratios hasta asegurar la posibilidad de una distancia social en las aulas de 1,5 metros.<\/li>\n<li>Incremento de la contrataci\u00f3n del profesorado para hacer posible dicha ratio.<\/li>\n<li>Desde 3\u00ba de la ESO, se podr\u00eda hacer ense\u00f1anza semipresencial, dividiendo los grupos.<\/li>\n<li>Incrementando el profesorado que fuera necesario.<\/li>\n<li>Asegurar que la limpieza de los centros es la adecuada.<\/li>\n<li>Dotar a los centros de la posibilidad de higiene personal adecuada a estas circunstancias.<\/li>\n<li>El profesorado declarado de alto riesgo por los comit\u00e9s de Salud Laboral y prevenci\u00f3n de Riesgos Laborales, y para el que este organismo recomienda la modificaci\u00f3n de las condiciones laborales, deber\u00e1 ser objeto de dicha modificaci\u00f3n y en el caso de no poderse realizar, deber\u00edan asign\u00e1rsele otras tareas o que pasaran a la situaci\u00f3n de IT.<\/li>\n<li>Tener un protocolo claro y dotar los medios necesarios para que el alumnado y el profesorado puedan, en caso necesario, realizar adecuadamente la tele-ense\u00f1anza.<\/li>\n<li>Posponer el inicio del curso escolar 2020\/2021 hasta que la Consejer\u00eda de Educaci\u00f3n y Deporte no garantice a todos y todas los\/as integrantes de la comunidad educativa una vuelta a las aulas en las condiciones higi\u00e9nico sanitarias necesarias para garantizar la seguridad y la salud de todos ellos, en las mismas condiciones que se exigen con car\u00e1cter general a todos y todas los ciudadanos y ciudadanas andaluces\/as.<\/li>\n<\/ol>\n<p>La Direcci\u00f3n<\/p>\n","protected":false},"excerpt":{"rendered":"<p>Ante la HUELGA DE ENSE\u00d1ANZA, convocada para los d\u00edas comprendidos entre el 15 de septiembre hasta el 16 de octubre de 2020, el CEIP Valeriano&hellip;<\/p>\n","protected":false},"author":8377,"featured_media":0,"comment_status":"open","ping_status":"open","sticky":false,"template":"","format":"standard","meta":{"ngg_post_thumbnail":0,"footnotes":""},"categories":[28,19],"tags":[26636,28],"aioseo_notices":[],"_links":{"self":[{"href":"https:\/\/blogsaverroes.juntadeandalucia.es\/ceipvalerianolopez\/wp-json\/wp\/v2\/posts\/1593"}],"collection":[{"href":"https:\/\/blogsaverroes.juntadeandalucia.es\/ceipvalerianolopez\/wp-json\/wp\/v2\/posts"}],"about":[{"href":"https:\/\/blogsaverroes.juntadeandalucia.es\/ceipvalerianolopez\/wp-json\/wp\/v2\/types\/post"}],"author":[{"embeddable":true,"href":"https:\/\/blogsaverroes.juntadeandalucia.es\/ceipvalerianolopez\/wp-json\/wp\/v2\/users\/8377"}],"replies":[{"embeddable":true,"href":"https:\/\/blogsaverroes.juntadeandalucia.es\/ceipvalerianolopez\/wp-json\/wp\/v2\/comments?post=1593"}],"version-history":[{"count":1,"href":"https:\/\/blogsaverroes.juntadeandalucia.es\/ceipvalerianolopez\/wp-json\/wp\/v2\/posts\/1593\/revisions"}],"predecessor-version":[{"id":1594,"href":"https:\/\/blogsaverroes.juntadeandalucia.es\/ceipvalerianolopez\/wp-json\/wp\/v2\/posts\/1593\/revisions\/1594"}],"wp:attachment":[{"href":"https:\/\/blogsaverroes.juntadeandalucia.es\/ceipvalerianolopez\/wp-json\/wp\/v2\/media?parent=1593"}],"wp:term":[{"taxonomy":"category","embeddable":true,"href":"https:\/\/blogsaverroes.juntadeandalucia.es\/ceipvalerianolopez\/wp-json\/wp\/v2\/categories?post=1593"},{"taxonomy":"post_tag","embeddable":true,"href":"https:\/\/blogsaverroes.juntadeandalucia.es\/ceipvalerianolopez\/wp-json\/wp\/v2\/tags?post=1593"}],"curies":[{"name":"wp","href":"https:\/\/api.w.org\/{rel}","templated":true}]}}