{"id":1603,"date":"2020-09-18T21:11:56","date_gmt":"2020-09-18T19:11:56","guid":{"rendered":"https:\/\/blogsaverroes.juntadeandalucia.es\/ceipvalerianolopez\/?p=1603"},"modified":"2020-09-21T21:14:59","modified_gmt":"2020-09-21T19:14:59","slug":"1603-2","status":"publish","type":"post","link":"https:\/\/blogsaverroes.juntadeandalucia.es\/ceipvalerianolopez\/1603-2\/","title":{"rendered":""},"content":{"rendered":"<p>El pr\u00f3ximo mi\u00e9rcoles 23 de septiembre recibiremos la \u00faltima entrega del Plan de Consumo de Frutas y Hortalizas que quedo pendiente del curso pasado, as\u00ed como el contenido de la misma.<br \/>\nEl Programa Creciendo en Salud tiene como objetivo principal garantizar la ingesta de frutas y hortalizas por el alumnado en el centro educativo para que normalicen y se habit\u00faen a su consumo.<br \/>\nLa distribuci\u00f3n comenzar\u00e1 el pr\u00f3ximo jueves 24 de septiembre y finalizar\u00e1 el martes 29 del presente mes. Para ello os pedimos que nos deis vuestra autorizaci\u00f3n para poder darle a vuestro hijo\/a la fruta u hortaliza que nos suministren cada d\u00eda.<br \/>\nLos productos son los siguientes:<\/p>\n<ul>\n<li>Primer producto de consumo (Jueves 24): gazpacho ecol\u00f3gico sin gluten, facilitaremos vasos para su consumo.<\/li>\n<li>Segundo producto de consumo (Viernes 25): manzana. El formato de entrega se har\u00e1 en bolsitas individuales.<\/li>\n<li>Tercer producto de consumo (Lunes 28): tomate cherry ecol\u00f3gico.<\/li>\n<li>Cuarto producto de consumo (Martes 29): mandarina ecol\u00f3gica.<\/li>\n<\/ul>\n<p>Si alg\u00fan d\u00eda su hijo\/a no quisiese consumir alg\u00fan producto podr\u00e1 comunicarlo directamente a su tutor\/a y llevar al cole su desayuno habitual.<\/p>\n<p>&nbsp;<\/p>\n<p><img loading=\"lazy\" decoding=\"async\" class=\"aligncenter  wp-image-1033\" src=\"https:\/\/blogsaverroes.juntadeandalucia.es\/ceipvalerianolopez\/files\/2019\/05\/2019-05-24_0952-239x300.png\" alt=\"Programa Creciendo en Salud 18\/19\" width=\"336\" height=\"422\" srcset=\"https:\/\/blogsaverroes.juntadeandalucia.es\/ceipvalerianolopez\/files\/2019\/05\/2019-05-24_0952-239x300.png 239w, https:\/\/blogsaverroes.juntadeandalucia.es\/ceipvalerianolopez\/files\/2019\/05\/2019-05-24_0952-768x964.png 768w, https:\/\/blogsaverroes.juntadeandalucia.es\/ceipvalerianolopez\/files\/2019\/05\/2019-05-24_0952-816x1024.png 816w, https:\/\/blogsaverroes.juntadeandalucia.es\/ceipvalerianolopez\/files\/2019\/05\/2019-05-24_0952-19x24.png 19w, https:\/\/blogsaverroes.juntadeandalucia.es\/ceipvalerianolopez\/files\/2019\/05\/2019-05-24_0952-29x36.png 29w, https:\/\/blogsaverroes.juntadeandalucia.es\/ceipvalerianolopez\/files\/2019\/05\/2019-05-24_0952-38x48.png 38w, https:\/\/blogsaverroes.juntadeandalucia.es\/ceipvalerianolopez\/files\/2019\/05\/2019-05-24_0952.png 862w\" sizes=\"(max-width: 336px) 100vw, 336px\" \/><\/p>\n","protected":false},"excerpt":{"rendered":"<p>El pr\u00f3ximo mi\u00e9rcoles 23 de septiembre recibiremos la \u00faltima entrega del Plan de Consumo de Frutas y Hortalizas que quedo pendiente del curso pasado, as\u00ed&hellip;<\/p>\n","protected":false},"author":8377,"featured_media":1033,"comment_status":"open","ping_status":"open","sticky":false,"template":"","format":"standard","meta":{"ngg_post_thumbnail":0,"footnotes":""},"categories":[307409],"tags":[348121,185379,348133,598374,26636],"aioseo_notices":[],"_links":{"self":[{"href":"https:\/\/blogsaverroes.juntadeandalucia.es\/ceipvalerianolopez\/wp-json\/wp\/v2\/posts\/1603"}],"collection":[{"href":"https:\/\/blogsaverroes.juntadeandalucia.es\/ceipvalerianolopez\/wp-json\/wp\/v2\/posts"}],"about":[{"href":"https:\/\/blogsaverroes.juntadeandalucia.es\/ceipvalerianolopez\/wp-json\/wp\/v2\/types\/post"}],"author":[{"embeddable":true,"href":"https:\/\/blogsaverroes.juntadeandalucia.es\/ceipvalerianolopez\/wp-json\/wp\/v2\/users\/8377"}],"replies":[{"embeddable":true,"href":"https:\/\/blogsaverroes.juntadeandalucia.es\/ceipvalerianolopez\/wp-json\/wp\/v2\/comments?post=1603"}],"version-history":[{"count":1,"href":"https:\/\/blogsaverroes.juntadeandalucia.es\/ceipvalerianolopez\/wp-json\/wp\/v2\/posts\/1603\/revisions"}],"predecessor-version":[{"id":1604,"href":"https:\/\/blogsaverroes.juntadeandalucia.es\/ceipvalerianolopez\/wp-json\/wp\/v2\/posts\/1603\/revisions\/1604"}],"wp:featuredmedia":[{"embeddable":true,"href":"https:\/\/blogsaverroes.juntadeandalucia.es\/ceipvalerianolopez\/wp-json\/wp\/v2\/media\/1033"}],"wp:attachment":[{"href":"https:\/\/blogsaverroes.juntadeandalucia.es\/ceipvalerianolopez\/wp-json\/wp\/v2\/media?parent=1603"}],"wp:term":[{"taxonomy":"category","embeddable":true,"href":"https:\/\/blogsaverroes.juntadeandalucia.es\/ceipvalerianolopez\/wp-json\/wp\/v2\/categories?post=1603"},{"taxonomy":"post_tag","embeddable":true,"href":"https:\/\/blogsaverroes.juntadeandalucia.es\/ceipvalerianolopez\/wp-json\/wp\/v2\/tags?post=1603"}],"curies":[{"name":"wp","href":"https:\/\/api.w.org\/{rel}","templated":true}]}}