{"id":1656,"date":"2020-11-20T20:22:47","date_gmt":"2020-11-20T19:22:47","guid":{"rendered":"https:\/\/blogsaverroes.juntadeandalucia.es\/ceipvalerianolopez\/?p=1656"},"modified":"2020-11-20T20:22:47","modified_gmt":"2020-11-20T19:22:47","slug":"deteccion-del-alumnado-en-riesgo-de-exclusion-digital","status":"publish","type":"post","link":"https:\/\/blogsaverroes.juntadeandalucia.es\/ceipvalerianolopez\/deteccion-del-alumnado-en-riesgo-de-exclusion-digital\/","title":{"rendered":"Detecci\u00f3n del alumnado en riesgo de exclusi\u00f3n digital"},"content":{"rendered":"<p>Desde S\u00e9neca se ha enviado a trav\u00e9s de todos los delegados\/as de cada unidad, comunicaci\u00f3n a todas las familias y se ha publicado en el tabl\u00f3n de anuncios de nuestro colegio un formulario que nos servir\u00e1 para detectar al alumnado que est\u00e1 en riesgo de exclusi\u00f3n digital&nbsp;por lo que se hace necesario recoger la informaci\u00f3n de <strong>la totalidad del alumnado<\/strong> de nuestro centro.<\/p>\n<p>Esta informaci\u00f3n debe estar recogida antes del 25\/11\/20 para ser tramitada a la Junta de Andaluc\u00eda. La informaci\u00f3n se pondr\u00e1 a disposici\u00f3n de la Junta de Andaluc\u00eda a trav\u00e9s de S\u00e9neca por requerimiento del Director General de Formaci\u00f3n del Profesorado e Innovaci\u00f3n Educativa de la Junta de Andaluc\u00eda.<\/p>\n<p>&nbsp;<\/p>\n<p>Si eres de nuestra Comunidad Educativa consulta el tabl\u00f3n de anuncios de IPASEN y tus comunicaciones. Si a\u00fan as\u00ed no accedes al \u00abFORMULARIO\u00bb ponte en contacto con el tutor\/a de tu hijo\/a o con el centro.<\/p>\n<p><img loading=\"lazy\" decoding=\"async\" class=\"aligncenter  wp-image-1657\" src=\"https:\/\/blogsaverroes.juntadeandalucia.es\/ceipvalerianolopez\/files\/2020\/11\/Captura-de-pantalla-2020-11-20-a-las-20.09.53-300x275.png\" alt=\"\" width=\"451\" height=\"413\" srcset=\"https:\/\/blogsaverroes.juntadeandalucia.es\/ceipvalerianolopez\/files\/2020\/11\/Captura-de-pantalla-2020-11-20-a-las-20.09.53-300x275.png 300w, https:\/\/blogsaverroes.juntadeandalucia.es\/ceipvalerianolopez\/files\/2020\/11\/Captura-de-pantalla-2020-11-20-a-las-20.09.53-1024x939.png 1024w, https:\/\/blogsaverroes.juntadeandalucia.es\/ceipvalerianolopez\/files\/2020\/11\/Captura-de-pantalla-2020-11-20-a-las-20.09.53-768x704.png 768w, https:\/\/blogsaverroes.juntadeandalucia.es\/ceipvalerianolopez\/files\/2020\/11\/Captura-de-pantalla-2020-11-20-a-las-20.09.53-24x22.png 24w, https:\/\/blogsaverroes.juntadeandalucia.es\/ceipvalerianolopez\/files\/2020\/11\/Captura-de-pantalla-2020-11-20-a-las-20.09.53-36x33.png 36w, https:\/\/blogsaverroes.juntadeandalucia.es\/ceipvalerianolopez\/files\/2020\/11\/Captura-de-pantalla-2020-11-20-a-las-20.09.53-48x44.png 48w, https:\/\/blogsaverroes.juntadeandalucia.es\/ceipvalerianolopez\/files\/2020\/11\/Captura-de-pantalla-2020-11-20-a-las-20.09.53.png 1198w\" sizes=\"(max-width: 451px) 100vw, 451px\" \/><\/p>\n","protected":false},"excerpt":{"rendered":"<p>Desde S\u00e9neca se ha enviado a trav\u00e9s de todos los delegados\/as de cada unidad, comunicaci\u00f3n a todas las familias y se ha publicado en el&hellip;<\/p>\n","protected":false},"author":8377,"featured_media":1659,"comment_status":"open","ping_status":"open","sticky":false,"template":"","format":"standard","meta":{"ngg_post_thumbnail":0,"footnotes":""},"categories":[28,19,1508355],"tags":[348121,185379,348133,598374,26636,1852],"aioseo_notices":[],"_links":{"self":[{"href":"https:\/\/blogsaverroes.juntadeandalucia.es\/ceipvalerianolopez\/wp-json\/wp\/v2\/posts\/1656"}],"collection":[{"href":"https:\/\/blogsaverroes.juntadeandalucia.es\/ceipvalerianolopez\/wp-json\/wp\/v2\/posts"}],"about":[{"href":"https:\/\/blogsaverroes.juntadeandalucia.es\/ceipvalerianolopez\/wp-json\/wp\/v2\/types\/post"}],"author":[{"embeddable":true,"href":"https:\/\/blogsaverroes.juntadeandalucia.es\/ceipvalerianolopez\/wp-json\/wp\/v2\/users\/8377"}],"replies":[{"embeddable":true,"href":"https:\/\/blogsaverroes.juntadeandalucia.es\/ceipvalerianolopez\/wp-json\/wp\/v2\/comments?post=1656"}],"version-history":[{"count":1,"href":"https:\/\/blogsaverroes.juntadeandalucia.es\/ceipvalerianolopez\/wp-json\/wp\/v2\/posts\/1656\/revisions"}],"predecessor-version":[{"id":1658,"href":"https:\/\/blogsaverroes.juntadeandalucia.es\/ceipvalerianolopez\/wp-json\/wp\/v2\/posts\/1656\/revisions\/1658"}],"wp:featuredmedia":[{"embeddable":true,"href":"https:\/\/blogsaverroes.juntadeandalucia.es\/ceipvalerianolopez\/wp-json\/wp\/v2\/media\/1659"}],"wp:attachment":[{"href":"https:\/\/blogsaverroes.juntadeandalucia.es\/ceipvalerianolopez\/wp-json\/wp\/v2\/media?parent=1656"}],"wp:term":[{"taxonomy":"category","embeddable":true,"href":"https:\/\/blogsaverroes.juntadeandalucia.es\/ceipvalerianolopez\/wp-json\/wp\/v2\/categories?post=1656"},{"taxonomy":"post_tag","embeddable":true,"href":"https:\/\/blogsaverroes.juntadeandalucia.es\/ceipvalerianolopez\/wp-json\/wp\/v2\/tags?post=1656"}],"curies":[{"name":"wp","href":"https:\/\/api.w.org\/{rel}","templated":true}]}}