{"id":1684,"date":"2020-12-03T22:00:11","date_gmt":"2020-12-03T21:00:11","guid":{"rendered":"https:\/\/blogsaverroes.juntadeandalucia.es\/ceipvalerianolopez\/?p=1684"},"modified":"2020-12-08T15:00:36","modified_gmt":"2020-12-08T14:00:36","slug":"dia-de-la-diversidad-funcional-2020","status":"publish","type":"post","link":"https:\/\/blogsaverroes.juntadeandalucia.es\/ceipvalerianolopez\/dia-de-la-diversidad-funcional-2020\/","title":{"rendered":"D\u00eda de la Diversidad Funcional 2020"},"content":{"rendered":"<h2>Manifiesto \u201cD\u00eda Diversidad Funcional\u201d<\/h2>\n<p>El 3 de diciembre se conmemora el \u00abD\u00eda de la Diversidad Funcional\u00bb y viene siendo tradici\u00f3n celebrar este d\u00eda, declarado as\u00ed por la Asamblea General de las Naciones Unidas desde 1992. Por razones sanitarias y tema Covid-19, se han suprimido los talleres deportivos y educativos que otros a\u00f1os ven\u00edamos desarrollando con tanta ilusi\u00f3n.<br \/>\nAhora bien, no debemos olvidar que el objetivo de este d\u00eda es concienciar sobre la situaci\u00f3n de las personas con discapacidad en todos los<br \/>\naspectos de la vida pol\u00edtica, social, econ\u00f3mica y cultural.<\/p>\n<p>De los Siete mil millones de personas del mundo, m\u00e1s de mil millones sufre alg\u00fan tipo de discapacidad (una de cada siete) y m\u00e1s de cien millones<br \/>\nson ni\u00f1os. Pero hoy, nuestro mensaje quiere llenarse de optimismo, de apoyo, de sensibilizaci\u00f3n, de concienciaci\u00f3n. Esa empat\u00eda que es<br \/>\npalpable, es la que mover\u00e1 el mundo hacia la direcci\u00f3n en la que TODOS NOS SINTAMOS INCLUIDOS EN EL VALERIANO LOPEZ, EN ESTEPONA Y EN EL MUNDO.<\/p>\n<p>&nbsp;<\/p>\n<h2>Actividad del centro<\/h2>\n<p style=\"text-align: left\">Este a\u00f1o hemos trabajado el cuento de <strong>\u00abSUPERLUC\u00cdA\u00bb;&nbsp;<\/strong><i><span style=\"font-weight: 400\">una historia en la que una ni\u00f1a se da cuenta que est\u00e1 rodeada por otros ni\u00f1os con \u201csuperpoderes\u201d. Es un cuento infantil para que los ni\u00f1os y ni\u00f1as conozcan de cerca la discapacidad sin prejuicios.<\/span><\/i><\/p>\n<p>Desde estas l\u00edneas generemos nombrar a <strong>AFAD Valdepe\u00f1as<\/strong> d\u00e1ndole las gracias por la colaboraci\u00f3n y la cesi\u00f3n de su cuento tanto para trabajarlo en el aula como para difundirlo en la web de nuestro colegio.<\/p>\n<p style=\"text-align: center\"><iframe loading=\"lazy\" src=\"\/\/www.youtube.com\/embed\/-UnfhaUbT0c\" width=\"560\" height=\"314\"><\/iframe><\/p>\n<p style=\"text-align: left\"><i><span style=\"font-weight: 400\">Cada nivel o ciclo decidir\u00e1 qu\u00e9 recursos utilizar teniendo como eje fundamental el cuento de SuperLuc\u00eda. (Tenemos los permisos y la propia asociaci\u00f3n lo ha publicado en Youtube y nos ha enviado los recursos).&nbsp;<\/span><\/i><\/p>\n<p><i><span style=\"font-weight: 400\">Enlaces al cuento y recursos para ver y trabajar con los tutores en cualquier momento de la ma\u00f1ana:<\/span><\/i><\/p>\n<p style=\"text-align: center\"><iframe loading=\"lazy\" src=\"https:\/\/drive.google.com\/file\/d\/1sqTAST5yLmUomAdwR3jrNadn3OI0Jf6a\/preview\" width=\"640\" height=\"480\"><\/iframe><\/p>\n<p>&nbsp;<\/p>\n<h2>Recursos educativos<\/h2>\n<p>Desde AFAD Valdepe\u00f1as se nos ha aportado <a href=\"https:\/\/drive.google.com\/file\/d\/1Xj71RKSZKU6Ob0o0RqDEi15d1LWzaZZt\/view?usp=sharing\">un dossier<\/a> que servir\u00e1 tanto a profesorado como a familia para el trabajo de este cuento con nuestro alumnado.<\/p>\n<p>Tambi\u00e9n disponemos de unas <a href=\"https:\/\/drive.google.com\/file\/d\/1qImK96ov9fz3U2lLYSxvspLC0zPm5-oG\/view?usp=sharing\">l\u00e1minas para colorear<\/a> y una <a href=\"https:\/\/drive.google.com\/file\/d\/1v5OnJcceU8Ekg4uAD4ywdKkfg9XAi1b1\/view?usp=sharing\">ficha para el trabajo<\/a> de los personajes de este cuento, as\u00ed como <a href=\"https:\/\/youtu.be\/-UnfhaUbT0c\">el v\u00eddeo<\/a> y el mismo <a href=\"https:\/\/drive.google.com\/file\/d\/1sqTAST5yLmUomAdwR3jrNadn3OI0Jf6a\/view?usp=sharing\">texto del cuento<\/a> que ya est\u00e1n publicadas en esta misma entrada.<\/p>\n<div style=\"width: 100%\">\n<div style=\"padding-bottom: 56.25%;padding-top: 0;height: 0\"><iframe loading=\"lazy\" src=\"https:\/\/view.genial.ly\/5fc351d82c85d8120cbf2093\" width=\"1200px\" height=\"675px\" frameborder=\"0\" scrolling=\"yes\"><\/iframe><\/div>\n<\/div>\n<p>&nbsp;<\/p>\n<h2 style=\"text-align: center\">Gracias AFAD Valdepe\u00f1as por la colaboraci\u00f3n y la difusi\u00f3n del cuento<\/h2>\n<p>&nbsp;<\/p>\n","protected":false},"excerpt":{"rendered":"<p>Manifiesto \u201cD\u00eda Diversidad Funcional\u201d El 3 de diciembre se conmemora el \u00abD\u00eda de la Diversidad Funcional\u00bb y viene siendo tradici\u00f3n celebrar este d\u00eda, declarado as\u00ed&hellip;<\/p>\n","protected":false},"author":8377,"featured_media":1691,"comment_status":"open","ping_status":"open","sticky":false,"template":"","format":"standard","meta":{"ngg_post_thumbnail":0,"footnotes":""},"categories":[32,485,3253,11909],"tags":[598374,26636,1852,303,10954,10955],"aioseo_notices":[],"_links":{"self":[{"href":"https:\/\/blogsaverroes.juntadeandalucia.es\/ceipvalerianolopez\/wp-json\/wp\/v2\/posts\/1684"}],"collection":[{"href":"https:\/\/blogsaverroes.juntadeandalucia.es\/ceipvalerianolopez\/wp-json\/wp\/v2\/posts"}],"about":[{"href":"https:\/\/blogsaverroes.juntadeandalucia.es\/ceipvalerianolopez\/wp-json\/wp\/v2\/types\/post"}],"author":[{"embeddable":true,"href":"https:\/\/blogsaverroes.juntadeandalucia.es\/ceipvalerianolopez\/wp-json\/wp\/v2\/users\/8377"}],"replies":[{"embeddable":true,"href":"https:\/\/blogsaverroes.juntadeandalucia.es\/ceipvalerianolopez\/wp-json\/wp\/v2\/comments?post=1684"}],"version-history":[{"count":6,"href":"https:\/\/blogsaverroes.juntadeandalucia.es\/ceipvalerianolopez\/wp-json\/wp\/v2\/posts\/1684\/revisions"}],"predecessor-version":[{"id":1693,"href":"https:\/\/blogsaverroes.juntadeandalucia.es\/ceipvalerianolopez\/wp-json\/wp\/v2\/posts\/1684\/revisions\/1693"}],"wp:featuredmedia":[{"embeddable":true,"href":"https:\/\/blogsaverroes.juntadeandalucia.es\/ceipvalerianolopez\/wp-json\/wp\/v2\/media\/1691"}],"wp:attachment":[{"href":"https:\/\/blogsaverroes.juntadeandalucia.es\/ceipvalerianolopez\/wp-json\/wp\/v2\/media?parent=1684"}],"wp:term":[{"taxonomy":"category","embeddable":true,"href":"https:\/\/blogsaverroes.juntadeandalucia.es\/ceipvalerianolopez\/wp-json\/wp\/v2\/categories?post=1684"},{"taxonomy":"post_tag","embeddable":true,"href":"https:\/\/blogsaverroes.juntadeandalucia.es\/ceipvalerianolopez\/wp-json\/wp\/v2\/tags?post=1684"}],"curies":[{"name":"wp","href":"https:\/\/api.w.org\/{rel}","templated":true}]}}