{"id":1708,"date":"2020-12-10T20:00:41","date_gmt":"2020-12-10T19:00:41","guid":{"rendered":"https:\/\/blogsaverroes.juntadeandalucia.es\/ceipvalerianolopez\/?p=1708"},"modified":"2020-12-22T12:52:52","modified_gmt":"2020-12-22T11:52:52","slug":"recogida-de-alimentos-2020","status":"publish","type":"post","link":"https:\/\/blogsaverroes.juntadeandalucia.es\/ceipvalerianolopez\/recogida-de-alimentos-2020\/","title":{"rendered":"Recogida de alimentos 2020"},"content":{"rendered":"<p>Como en a\u00f1os anteriores desde el departamento de religi\u00f3n se va a continuar con la recogida de alimentos a favor de C\u00e1ritas.<\/p>\n<p>Sin embargo, este curso nos debemos adaptar a las circunstancias, por lo que&nbsp;la recogida se realizar\u00e1 de 13.30 a 14.00 por la entrada de las pistas. Para ello colaborar\u00e1n miembros del AMPA que colaboran con esta causa.<br \/>\nPara el alumnado y familias que no puedan colaborar en este horario se habilitar\u00e1 un espacio en la zona del parking para que depositen los alimentos en el momento de la entrada (08:50 a 09:00).<\/p>\n<p>Cabe recordar que los alimentos que se recoger\u00e1n deben ser NO PERECEDEROS, productos de limpieza y\/o alimentaci\u00f3n infantil.<\/p>\n<p>Muchas gracias por vuestra solidaridad de parte de C\u00e1ritas Estepona, el AMPA Los Altos de Estepona y del maestro Jose.<\/p>\n<p><img loading=\"lazy\" decoding=\"async\" class=\"aligncenter wp-image-1709\" src=\"https:\/\/blogsaverroes.juntadeandalucia.es\/ceipvalerianolopez\/files\/2020\/12\/Recogida-de-alimentos-169x300.jpeg\" alt=\"\" width=\"267\" height=\"474\" srcset=\"https:\/\/blogsaverroes.juntadeandalucia.es\/ceipvalerianolopez\/files\/2020\/12\/Recogida-de-alimentos-169x300.jpeg 169w, https:\/\/blogsaverroes.juntadeandalucia.es\/ceipvalerianolopez\/files\/2020\/12\/Recogida-de-alimentos-576x1024.jpeg 576w, https:\/\/blogsaverroes.juntadeandalucia.es\/ceipvalerianolopez\/files\/2020\/12\/Recogida-de-alimentos-13x24.jpeg 13w, https:\/\/blogsaverroes.juntadeandalucia.es\/ceipvalerianolopez\/files\/2020\/12\/Recogida-de-alimentos-20x36.jpeg 20w, https:\/\/blogsaverroes.juntadeandalucia.es\/ceipvalerianolopez\/files\/2020\/12\/Recogida-de-alimentos-27x48.jpeg 27w, https:\/\/blogsaverroes.juntadeandalucia.es\/ceipvalerianolopez\/files\/2020\/12\/Recogida-de-alimentos.jpeg 750w\" sizes=\"(max-width: 267px) 100vw, 267px\" \/><\/p>\n<p>&nbsp;<\/p>\n<p>Reeditamos esta entrada para agradecer la aportaci\u00f3n de tantas personas de nuestra comunidad educativa.<\/p>\n<p>Hemos podido recoger para C\u00e1ritas la cantidad de <strong><span style=\"font-size: 14pt\">\u00a1\u00a1173kg!!<\/span><\/strong><\/p>\n<div style=\"text-align: center\">MUCHAS GRACIAS POR VUESTRA COLABORACI\u00d3N.<\/div>\n<div>&nbsp;<\/div>\n<div>Hab\u00e9is demostrado, una vez m\u00e1s, vuestra solidaridad y empat\u00eda con los m\u00e1s necesitados, creando valores muy importantes para nuestros ni\u00f1os\/as y con ellos para nuestra sociedad.<\/div>\n<div>&nbsp;<\/div>\n<div>Gracias de parte de C\u00e1ritas Estepona, el AMPA de nuestro colegio, Los Altos de Estepona y del profe Jos\u00e9 que organiza las actividades de Navidad en nuestro colegio.<\/div>\n","protected":false},"excerpt":{"rendered":"<p>Como en a\u00f1os anteriores desde el departamento de religi\u00f3n se va a continuar con la recogida de alimentos a favor de C\u00e1ritas. Sin embargo, este&hellip;<\/p>\n","protected":false},"author":8377,"featured_media":1711,"comment_status":"open","ping_status":"open","sticky":false,"template":"","format":"standard","meta":{"ngg_post_thumbnail":0,"footnotes":""},"categories":[32,485,28],"tags":[1696,26636,749],"aioseo_notices":[],"_links":{"self":[{"href":"https:\/\/blogsaverroes.juntadeandalucia.es\/ceipvalerianolopez\/wp-json\/wp\/v2\/posts\/1708"}],"collection":[{"href":"https:\/\/blogsaverroes.juntadeandalucia.es\/ceipvalerianolopez\/wp-json\/wp\/v2\/posts"}],"about":[{"href":"https:\/\/blogsaverroes.juntadeandalucia.es\/ceipvalerianolopez\/wp-json\/wp\/v2\/types\/post"}],"author":[{"embeddable":true,"href":"https:\/\/blogsaverroes.juntadeandalucia.es\/ceipvalerianolopez\/wp-json\/wp\/v2\/users\/8377"}],"replies":[{"embeddable":true,"href":"https:\/\/blogsaverroes.juntadeandalucia.es\/ceipvalerianolopez\/wp-json\/wp\/v2\/comments?post=1708"}],"version-history":[{"count":4,"href":"https:\/\/blogsaverroes.juntadeandalucia.es\/ceipvalerianolopez\/wp-json\/wp\/v2\/posts\/1708\/revisions"}],"predecessor-version":[{"id":1729,"href":"https:\/\/blogsaverroes.juntadeandalucia.es\/ceipvalerianolopez\/wp-json\/wp\/v2\/posts\/1708\/revisions\/1729"}],"wp:featuredmedia":[{"embeddable":true,"href":"https:\/\/blogsaverroes.juntadeandalucia.es\/ceipvalerianolopez\/wp-json\/wp\/v2\/media\/1711"}],"wp:attachment":[{"href":"https:\/\/blogsaverroes.juntadeandalucia.es\/ceipvalerianolopez\/wp-json\/wp\/v2\/media?parent=1708"}],"wp:term":[{"taxonomy":"category","embeddable":true,"href":"https:\/\/blogsaverroes.juntadeandalucia.es\/ceipvalerianolopez\/wp-json\/wp\/v2\/categories?post=1708"},{"taxonomy":"post_tag","embeddable":true,"href":"https:\/\/blogsaverroes.juntadeandalucia.es\/ceipvalerianolopez\/wp-json\/wp\/v2\/tags?post=1708"}],"curies":[{"name":"wp","href":"https:\/\/api.w.org\/{rel}","templated":true}]}}