{"id":1732,"date":"2021-01-28T20:00:33","date_gmt":"2021-01-28T19:00:33","guid":{"rendered":"https:\/\/blogsaverroes.juntadeandalucia.es\/ceipvalerianolopez\/?p=1732"},"modified":"2021-01-28T20:41:49","modified_gmt":"2021-01-28T19:41:49","slug":"28-de-enero-dia-mundial-por-la-reduccion-de-las-emisiones-de-co2","status":"publish","type":"post","link":"https:\/\/blogsaverroes.juntadeandalucia.es\/ceipvalerianolopez\/28-de-enero-dia-mundial-por-la-reduccion-de-las-emisiones-de-co2\/","title":{"rendered":"28 DE ENERO: D\u00cdA MUNDIAL POR LA REDUCCION DE LAS EMISIONES DE CO2"},"content":{"rendered":"<p>Hoy, 28 de enero, es el D\u00eda Mundial por la Reducci\u00f3n de las Emisiones de CO2. La celebraci\u00f3n de este d\u00eda se inicia en Belgrado en 1975 como el D\u00eda de la Educaci\u00f3n Ambiental; conoci\u00e9ndolo en la actualidad como el <strong>D\u00eda Mundial por la Reducci\u00f3n de las Emisiones de CO2<\/strong>. El objetivo es promover una reflexi\u00f3n a nivel mundial de la importancia que significa reducir el CO2 en nuestro planeta.<\/p>\n<p><img loading=\"lazy\" decoding=\"async\" class=\"aligncenter size-medium wp-image-1734\" src=\"https:\/\/blogsaverroes.juntadeandalucia.es\/ceipvalerianolopez\/files\/2021\/01\/VZVG_208-300x190.jpg\" alt=\"\" width=\"300\" height=\"190\" srcset=\"https:\/\/blogsaverroes.juntadeandalucia.es\/ceipvalerianolopez\/files\/2021\/01\/VZVG_208-300x190.jpg 300w, https:\/\/blogsaverroes.juntadeandalucia.es\/ceipvalerianolopez\/files\/2021\/01\/VZVG_208-24x15.jpg 24w, https:\/\/blogsaverroes.juntadeandalucia.es\/ceipvalerianolopez\/files\/2021\/01\/VZVG_208-36x23.jpg 36w, https:\/\/blogsaverroes.juntadeandalucia.es\/ceipvalerianolopez\/files\/2021\/01\/VZVG_208-48x30.jpg 48w, https:\/\/blogsaverroes.juntadeandalucia.es\/ceipvalerianolopez\/files\/2021\/01\/VZVG_208.jpg 730w\" sizes=\"(max-width: 300px) 100vw, 300px\" \/><\/p>\n<p>Sin la presencia de CO2 y otros gases que permiten que el calor quede atrapado cerca de la superficie de la Tierra, la temperatura media atmosf\u00e9rica bajar\u00eda. Si aumentara, el agua de los oc\u00e9anos se calentar\u00e1 y los polos se derretir\u00e1n. Todo ello ocasionar\u00e1 un cambio en el clima y las ya conocidos cambios extra\u00f1os en los fen\u00f3menos atmosf\u00e9ricos.<\/p>\n<p>Ello se ha unido a que por la situaci\u00f3n actual de COVID19 es necesario conocer la cantidad de CO2 que hay en una estancia para valorar si la probabilidad de contagio aumenta por lo que hay que recurrir a estrategias como la ventilaci\u00f3n, distancia social, mascarillas o salida al exterior&#8230;. reduciendo as\u00ed las probabilidades.&nbsp;<\/p>\n<p>Es por ello que durante el d\u00eda de hoy hemos iniciado nuestras mediciones en nuestro centro para mejorar la cantidad de CO2 que emitimos a la naturaleza y garantizar la seguridad de todos los que estamos en el centro.<\/p>\n<p><img loading=\"lazy\" decoding=\"async\" class=\"aligncenter size-medium wp-image-1733\" src=\"https:\/\/blogsaverroes.juntadeandalucia.es\/ceipvalerianolopez\/files\/2021\/01\/Co2-300x225.jpeg\" alt=\"\" width=\"300\" height=\"225\" srcset=\"https:\/\/blogsaverroes.juntadeandalucia.es\/ceipvalerianolopez\/files\/2021\/01\/Co2-300x225.jpeg 300w, https:\/\/blogsaverroes.juntadeandalucia.es\/ceipvalerianolopez\/files\/2021\/01\/Co2-1024x768.jpeg 1024w, https:\/\/blogsaverroes.juntadeandalucia.es\/ceipvalerianolopez\/files\/2021\/01\/Co2-768x576.jpeg 768w, https:\/\/blogsaverroes.juntadeandalucia.es\/ceipvalerianolopez\/files\/2021\/01\/Co2-1536x1152.jpeg 1536w, https:\/\/blogsaverroes.juntadeandalucia.es\/ceipvalerianolopez\/files\/2021\/01\/Co2-24x18.jpeg 24w, https:\/\/blogsaverroes.juntadeandalucia.es\/ceipvalerianolopez\/files\/2021\/01\/Co2-36x27.jpeg 36w, https:\/\/blogsaverroes.juntadeandalucia.es\/ceipvalerianolopez\/files\/2021\/01\/Co2-48x36.jpeg 48w, https:\/\/blogsaverroes.juntadeandalucia.es\/ceipvalerianolopez\/files\/2021\/01\/Co2.jpeg 2048w\" sizes=\"(max-width: 300px) 100vw, 300px\" \/><\/p>\n<p>&nbsp;<\/p>\n<p>Desde esta entrada queremos agradecer y poner en relevancia a una familia de nuestro centro que es especialista en estos temas y nos ha asesorado en la compra del medidor de CO2, nos ha aportado informaci\u00f3n y nos ha ayudado en las primeras mediciones.<\/p>\n<p>Este medidor no solo nos ayudar\u00e1 a mejorar la seguridad de nuestro alumnado ante el COVID19 sino que ser\u00e1 fruto del trabajo de aula involucrando al alumnado en todo lo relativo a las mediciones, su significado y la relevancia del tratamiento de datos tanto por la situaci\u00f3n pand\u00e9mica como la importancia de la reducci\u00f3n de las emisiones de CO2.<\/p>\n<p>Es todo un placer contar con nuestra Comunidad Educativa para poder nutrirnos de sus conocimientos, formaci\u00f3n y experiencia que nutren al centro y repercute directamente en nuestros queridos alumnos y alumnas. En nombre del centro: GRACIAS.<\/p>\n","protected":false},"excerpt":{"rendered":"<p>Hoy, 28 de enero, es el D\u00eda Mundial por la Reducci\u00f3n de las Emisiones de CO2. La celebraci\u00f3n de este d\u00eda se inicia en Belgrado&hellip;<\/p>\n","protected":false},"author":8377,"featured_media":1733,"comment_status":"open","ping_status":"open","sticky":false,"template":"","format":"standard","meta":{"ngg_post_thumbnail":0,"footnotes":""},"categories":[217183,307409,485,28,432713,1508355,2309595],"tags":[348121,185379,348133,598374,26636,2312411,1852],"aioseo_notices":[],"_links":{"self":[{"href":"https:\/\/blogsaverroes.juntadeandalucia.es\/ceipvalerianolopez\/wp-json\/wp\/v2\/posts\/1732"}],"collection":[{"href":"https:\/\/blogsaverroes.juntadeandalucia.es\/ceipvalerianolopez\/wp-json\/wp\/v2\/posts"}],"about":[{"href":"https:\/\/blogsaverroes.juntadeandalucia.es\/ceipvalerianolopez\/wp-json\/wp\/v2\/types\/post"}],"author":[{"embeddable":true,"href":"https:\/\/blogsaverroes.juntadeandalucia.es\/ceipvalerianolopez\/wp-json\/wp\/v2\/users\/8377"}],"replies":[{"embeddable":true,"href":"https:\/\/blogsaverroes.juntadeandalucia.es\/ceipvalerianolopez\/wp-json\/wp\/v2\/comments?post=1732"}],"version-history":[{"count":1,"href":"https:\/\/blogsaverroes.juntadeandalucia.es\/ceipvalerianolopez\/wp-json\/wp\/v2\/posts\/1732\/revisions"}],"predecessor-version":[{"id":1735,"href":"https:\/\/blogsaverroes.juntadeandalucia.es\/ceipvalerianolopez\/wp-json\/wp\/v2\/posts\/1732\/revisions\/1735"}],"wp:featuredmedia":[{"embeddable":true,"href":"https:\/\/blogsaverroes.juntadeandalucia.es\/ceipvalerianolopez\/wp-json\/wp\/v2\/media\/1733"}],"wp:attachment":[{"href":"https:\/\/blogsaverroes.juntadeandalucia.es\/ceipvalerianolopez\/wp-json\/wp\/v2\/media?parent=1732"}],"wp:term":[{"taxonomy":"category","embeddable":true,"href":"https:\/\/blogsaverroes.juntadeandalucia.es\/ceipvalerianolopez\/wp-json\/wp\/v2\/categories?post=1732"},{"taxonomy":"post_tag","embeddable":true,"href":"https:\/\/blogsaverroes.juntadeandalucia.es\/ceipvalerianolopez\/wp-json\/wp\/v2\/tags?post=1732"}],"curies":[{"name":"wp","href":"https:\/\/api.w.org\/{rel}","templated":true}]}}