{"id":1736,"date":"2021-01-29T14:05:58","date_gmt":"2021-01-29T13:05:58","guid":{"rendered":"https:\/\/blogsaverroes.juntadeandalucia.es\/ceipvalerianolopez\/?p=1736"},"modified":"2021-01-29T14:06:41","modified_gmt":"2021-01-29T13:06:41","slug":"dia-de-la-paz-2021-retoporlapaz","status":"publish","type":"post","link":"https:\/\/blogsaverroes.juntadeandalucia.es\/ceipvalerianolopez\/dia-de-la-paz-2021-retoporlapaz\/","title":{"rendered":"D\u00eda de la Paz 2021 #RetoPorLaPaz"},"content":{"rendered":"<p><strong>En en D\u00eda de la Paz, los centros educativos se comprometen como defensores de la paz y entendimiento entre personas de distinta procedencia y modos de pensar.<\/strong><\/p>\n<p>La educaci\u00f3n en y para la tolerancia, la solidaridad, la concordia, el respeto a los Derechos Humanos, la no-violencia y la paz son motivos para recordar el 30 de enero.&nbsp;<\/p>\n<p>&nbsp;<\/p>\n<p>Desde nuestro centro hemos querido colaborar en la iniciativa #<a href=\"https:\/\/twitter.com\/hashtag\/retoporlapaz?lang=es\">RETOPORLAPAZ<\/a> que nos proponen desde la Consejer\u00eda de Educaci\u00f3n y Deporte de Andaluc\u00eda con lo que compartimos el trabajo realizado en nuestras aulas:<\/p>\n<p>Dibujos, carteler\u00eda, mensajes, significado de la paz, nubes de palabras, siembra de semillas, charlas, reflexiones&#8230;<\/p>\n<p><img loading=\"lazy\" decoding=\"async\" class=\"aligncenter size-medium wp-image-1741\" src=\"https:\/\/blogsaverroes.juntadeandalucia.es\/ceipvalerianolopez\/files\/2021\/01\/IMG_9195-300x169.jpg\" alt=\"\" width=\"300\" height=\"169\" srcset=\"https:\/\/blogsaverroes.juntadeandalucia.es\/ceipvalerianolopez\/files\/2021\/01\/IMG_9195-300x169.jpg 300w, https:\/\/blogsaverroes.juntadeandalucia.es\/ceipvalerianolopez\/files\/2021\/01\/IMG_9195-1024x576.jpg 1024w, https:\/\/blogsaverroes.juntadeandalucia.es\/ceipvalerianolopez\/files\/2021\/01\/IMG_9195-768x432.jpg 768w, https:\/\/blogsaverroes.juntadeandalucia.es\/ceipvalerianolopez\/files\/2021\/01\/IMG_9195-1536x864.jpg 1536w, https:\/\/blogsaverroes.juntadeandalucia.es\/ceipvalerianolopez\/files\/2021\/01\/IMG_9195-24x14.jpg 24w, https:\/\/blogsaverroes.juntadeandalucia.es\/ceipvalerianolopez\/files\/2021\/01\/IMG_9195-36x20.jpg 36w, https:\/\/blogsaverroes.juntadeandalucia.es\/ceipvalerianolopez\/files\/2021\/01\/IMG_9195-48x27.jpg 48w, https:\/\/blogsaverroes.juntadeandalucia.es\/ceipvalerianolopez\/files\/2021\/01\/IMG_9195.jpg 1600w\" sizes=\"(max-width: 300px) 100vw, 300px\" \/> <img loading=\"lazy\" decoding=\"async\" class=\"aligncenter size-medium wp-image-1742\" src=\"https:\/\/blogsaverroes.juntadeandalucia.es\/ceipvalerianolopez\/files\/2021\/01\/IMG_9194-300x169.jpg\" alt=\"\" width=\"300\" height=\"169\" srcset=\"https:\/\/blogsaverroes.juntadeandalucia.es\/ceipvalerianolopez\/files\/2021\/01\/IMG_9194-300x169.jpg 300w, https:\/\/blogsaverroes.juntadeandalucia.es\/ceipvalerianolopez\/files\/2021\/01\/IMG_9194-1024x577.jpg 1024w, https:\/\/blogsaverroes.juntadeandalucia.es\/ceipvalerianolopez\/files\/2021\/01\/IMG_9194-768x432.jpg 768w, https:\/\/blogsaverroes.juntadeandalucia.es\/ceipvalerianolopez\/files\/2021\/01\/IMG_9194-1536x865.jpg 1536w, https:\/\/blogsaverroes.juntadeandalucia.es\/ceipvalerianolopez\/files\/2021\/01\/IMG_9194-24x14.jpg 24w, https:\/\/blogsaverroes.juntadeandalucia.es\/ceipvalerianolopez\/files\/2021\/01\/IMG_9194-36x20.jpg 36w, https:\/\/blogsaverroes.juntadeandalucia.es\/ceipvalerianolopez\/files\/2021\/01\/IMG_9194-48x27.jpg 48w, https:\/\/blogsaverroes.juntadeandalucia.es\/ceipvalerianolopez\/files\/2021\/01\/IMG_9194.jpg 1600w\" sizes=\"(max-width: 300px) 100vw, 300px\" \/> <img loading=\"lazy\" decoding=\"async\" class=\"aligncenter size-medium wp-image-1743\" src=\"https:\/\/blogsaverroes.juntadeandalucia.es\/ceipvalerianolopez\/files\/2021\/01\/IMG_9193-300x169.jpg\" alt=\"\" width=\"300\" height=\"169\" srcset=\"https:\/\/blogsaverroes.juntadeandalucia.es\/ceipvalerianolopez\/files\/2021\/01\/IMG_9193-300x169.jpg 300w, https:\/\/blogsaverroes.juntadeandalucia.es\/ceipvalerianolopez\/files\/2021\/01\/IMG_9193-1024x577.jpg 1024w, https:\/\/blogsaverroes.juntadeandalucia.es\/ceipvalerianolopez\/files\/2021\/01\/IMG_9193-768x432.jpg 768w, https:\/\/blogsaverroes.juntadeandalucia.es\/ceipvalerianolopez\/files\/2021\/01\/IMG_9193-1536x865.jpg 1536w, https:\/\/blogsaverroes.juntadeandalucia.es\/ceipvalerianolopez\/files\/2021\/01\/IMG_9193-24x14.jpg 24w, https:\/\/blogsaverroes.juntadeandalucia.es\/ceipvalerianolopez\/files\/2021\/01\/IMG_9193-36x20.jpg 36w, https:\/\/blogsaverroes.juntadeandalucia.es\/ceipvalerianolopez\/files\/2021\/01\/IMG_9193-48x27.jpg 48w, https:\/\/blogsaverroes.juntadeandalucia.es\/ceipvalerianolopez\/files\/2021\/01\/IMG_9193.jpg 1600w\" sizes=\"(max-width: 300px) 100vw, 300px\" \/> <img loading=\"lazy\" decoding=\"async\" class=\"aligncenter size-medium wp-image-1744\" src=\"https:\/\/blogsaverroes.juntadeandalucia.es\/ceipvalerianolopez\/files\/2021\/01\/IMG_9192-300x225.jpg\" alt=\"\" width=\"300\" height=\"225\" srcset=\"https:\/\/blogsaverroes.juntadeandalucia.es\/ceipvalerianolopez\/files\/2021\/01\/IMG_9192-300x225.jpg 300w, https:\/\/blogsaverroes.juntadeandalucia.es\/ceipvalerianolopez\/files\/2021\/01\/IMG_9192-1024x768.jpg 1024w, https:\/\/blogsaverroes.juntadeandalucia.es\/ceipvalerianolopez\/files\/2021\/01\/IMG_9192-768x576.jpg 768w, https:\/\/blogsaverroes.juntadeandalucia.es\/ceipvalerianolopez\/files\/2021\/01\/IMG_9192-1536x1152.jpg 1536w, https:\/\/blogsaverroes.juntadeandalucia.es\/ceipvalerianolopez\/files\/2021\/01\/IMG_9192-2048x1536.jpg 2048w, https:\/\/blogsaverroes.juntadeandalucia.es\/ceipvalerianolopez\/files\/2021\/01\/IMG_9192-24x18.jpg 24w, https:\/\/blogsaverroes.juntadeandalucia.es\/ceipvalerianolopez\/files\/2021\/01\/IMG_9192-36x27.jpg 36w, https:\/\/blogsaverroes.juntadeandalucia.es\/ceipvalerianolopez\/files\/2021\/01\/IMG_9192-48x36.jpg 48w\" sizes=\"(max-width: 300px) 100vw, 300px\" \/><\/p>\n<p><img loading=\"lazy\" decoding=\"async\" class=\"size-medium wp-image-1745 aligncenter\" src=\"https:\/\/blogsaverroes.juntadeandalucia.es\/ceipvalerianolopez\/files\/2021\/01\/IMG_9191-300x300.jpg\" alt=\"\" width=\"300\" height=\"300\" srcset=\"https:\/\/blogsaverroes.juntadeandalucia.es\/ceipvalerianolopez\/files\/2021\/01\/IMG_9191-300x300.jpg 300w, https:\/\/blogsaverroes.juntadeandalucia.es\/ceipvalerianolopez\/files\/2021\/01\/IMG_9191-1024x1024.jpg 1024w, https:\/\/blogsaverroes.juntadeandalucia.es\/ceipvalerianolopez\/files\/2021\/01\/IMG_9191-150x150.jpg 150w, https:\/\/blogsaverroes.juntadeandalucia.es\/ceipvalerianolopez\/files\/2021\/01\/IMG_9191-768x768.jpg 768w, https:\/\/blogsaverroes.juntadeandalucia.es\/ceipvalerianolopez\/files\/2021\/01\/IMG_9191-100x100.jpg 100w, https:\/\/blogsaverroes.juntadeandalucia.es\/ceipvalerianolopez\/files\/2021\/01\/IMG_9191-1536x1536.jpg 1536w, https:\/\/blogsaverroes.juntadeandalucia.es\/ceipvalerianolopez\/files\/2021\/01\/IMG_9191-2048x2048.jpg 2048w, https:\/\/blogsaverroes.juntadeandalucia.es\/ceipvalerianolopez\/files\/2021\/01\/IMG_9191-246x246.jpg 246w, https:\/\/blogsaverroes.juntadeandalucia.es\/ceipvalerianolopez\/files\/2021\/01\/IMG_9191-520x520.jpg 520w, https:\/\/blogsaverroes.juntadeandalucia.es\/ceipvalerianolopez\/files\/2021\/01\/IMG_9191-185x185.jpg 185w, https:\/\/blogsaverroes.juntadeandalucia.es\/ceipvalerianolopez\/files\/2021\/01\/IMG_9191-220x220.jpg 220w, https:\/\/blogsaverroes.juntadeandalucia.es\/ceipvalerianolopez\/files\/2021\/01\/IMG_9191-60x60.jpg 60w, https:\/\/blogsaverroes.juntadeandalucia.es\/ceipvalerianolopez\/files\/2021\/01\/IMG_9191-384x384.jpg 384w, https:\/\/blogsaverroes.juntadeandalucia.es\/ceipvalerianolopez\/files\/2021\/01\/IMG_9191-24x24.jpg 24w, https:\/\/blogsaverroes.juntadeandalucia.es\/ceipvalerianolopez\/files\/2021\/01\/IMG_9191-36x36.jpg 36w, https:\/\/blogsaverroes.juntadeandalucia.es\/ceipvalerianolopez\/files\/2021\/01\/IMG_9191-48x48.jpg 48w\" sizes=\"(max-width: 300px) 100vw, 300px\" \/><\/p>\n<p><img loading=\"lazy\" decoding=\"async\" class=\"aligncenter size-medium wp-image-1746\" src=\"https:\/\/blogsaverroes.juntadeandalucia.es\/ceipvalerianolopez\/files\/2021\/01\/76a7588d-0135-44d4-b2b9-84350daa8a9f-300x169.jpg\" alt=\"\" width=\"300\" height=\"169\" srcset=\"https:\/\/blogsaverroes.juntadeandalucia.es\/ceipvalerianolopez\/files\/2021\/01\/76a7588d-0135-44d4-b2b9-84350daa8a9f-300x169.jpg 300w, https:\/\/blogsaverroes.juntadeandalucia.es\/ceipvalerianolopez\/files\/2021\/01\/76a7588d-0135-44d4-b2b9-84350daa8a9f-1024x576.jpg 1024w, https:\/\/blogsaverroes.juntadeandalucia.es\/ceipvalerianolopez\/files\/2021\/01\/76a7588d-0135-44d4-b2b9-84350daa8a9f-768x432.jpg 768w, https:\/\/blogsaverroes.juntadeandalucia.es\/ceipvalerianolopez\/files\/2021\/01\/76a7588d-0135-44d4-b2b9-84350daa8a9f-1536x864.jpg 1536w, https:\/\/blogsaverroes.juntadeandalucia.es\/ceipvalerianolopez\/files\/2021\/01\/76a7588d-0135-44d4-b2b9-84350daa8a9f-24x14.jpg 24w, https:\/\/blogsaverroes.juntadeandalucia.es\/ceipvalerianolopez\/files\/2021\/01\/76a7588d-0135-44d4-b2b9-84350daa8a9f-36x20.jpg 36w, https:\/\/blogsaverroes.juntadeandalucia.es\/ceipvalerianolopez\/files\/2021\/01\/76a7588d-0135-44d4-b2b9-84350daa8a9f-48x27.jpg 48w, https:\/\/blogsaverroes.juntadeandalucia.es\/ceipvalerianolopez\/files\/2021\/01\/76a7588d-0135-44d4-b2b9-84350daa8a9f.jpg 1920w\" sizes=\"(max-width: 300px) 100vw, 300px\" \/> <img loading=\"lazy\" decoding=\"async\" class=\"aligncenter size-medium wp-image-1747\" src=\"https:\/\/blogsaverroes.juntadeandalucia.es\/ceipvalerianolopez\/files\/2021\/01\/532a54f6-c4ad-413b-b334-83f8593911fb-169x300.jpg\" alt=\"\" width=\"169\" height=\"300\" srcset=\"https:\/\/blogsaverroes.juntadeandalucia.es\/ceipvalerianolopez\/files\/2021\/01\/532a54f6-c4ad-413b-b334-83f8593911fb-169x300.jpg 169w, https:\/\/blogsaverroes.juntadeandalucia.es\/ceipvalerianolopez\/files\/2021\/01\/532a54f6-c4ad-413b-b334-83f8593911fb-576x1024.jpg 576w, https:\/\/blogsaverroes.juntadeandalucia.es\/ceipvalerianolopez\/files\/2021\/01\/532a54f6-c4ad-413b-b334-83f8593911fb-768x1365.jpg 768w, https:\/\/blogsaverroes.juntadeandalucia.es\/ceipvalerianolopez\/files\/2021\/01\/532a54f6-c4ad-413b-b334-83f8593911fb-864x1536.jpg 864w, https:\/\/blogsaverroes.juntadeandalucia.es\/ceipvalerianolopez\/files\/2021\/01\/532a54f6-c4ad-413b-b334-83f8593911fb-14x24.jpg 14w, https:\/\/blogsaverroes.juntadeandalucia.es\/ceipvalerianolopez\/files\/2021\/01\/532a54f6-c4ad-413b-b334-83f8593911fb-20x36.jpg 20w, https:\/\/blogsaverroes.juntadeandalucia.es\/ceipvalerianolopez\/files\/2021\/01\/532a54f6-c4ad-413b-b334-83f8593911fb-27x48.jpg 27w, https:\/\/blogsaverroes.juntadeandalucia.es\/ceipvalerianolopez\/files\/2021\/01\/532a54f6-c4ad-413b-b334-83f8593911fb.jpg 1125w\" sizes=\"(max-width: 169px) 100vw, 169px\" \/><\/p>\n<p>&nbsp;<\/p>\n<p>&nbsp;<\/p>\n<p style=\"text-align: center\"><span style=\"font-size: 14pt\">Ahora y siempre el trabajo de la PAZ y la CONVIVENCIA <\/span><\/p>\n<p style=\"text-align: center\"><span style=\"font-size: 14pt\">debe ser una prioridad en educaci\u00f3n<\/span><\/p>\n<p><img loading=\"lazy\" decoding=\"async\" class=\"aligncenter size-medium wp-image-1748\" src=\"https:\/\/blogsaverroes.juntadeandalucia.es\/ceipvalerianolopez\/files\/2021\/01\/Word-Art-2-300x261.jpeg\" alt=\"\" width=\"300\" height=\"261\" srcset=\"https:\/\/blogsaverroes.juntadeandalucia.es\/ceipvalerianolopez\/files\/2021\/01\/Word-Art-2-300x261.jpeg 300w, https:\/\/blogsaverroes.juntadeandalucia.es\/ceipvalerianolopez\/files\/2021\/01\/Word-Art-2-24x21.jpeg 24w, https:\/\/blogsaverroes.juntadeandalucia.es\/ceipvalerianolopez\/files\/2021\/01\/Word-Art-2-36x31.jpeg 36w, https:\/\/blogsaverroes.juntadeandalucia.es\/ceipvalerianolopez\/files\/2021\/01\/Word-Art-2-48x42.jpeg 48w, https:\/\/blogsaverroes.juntadeandalucia.es\/ceipvalerianolopez\/files\/2021\/01\/Word-Art-2.jpeg 758w\" sizes=\"(max-width: 300px) 100vw, 300px\" \/><\/p>\n","protected":false},"excerpt":{"rendered":"<p>En en D\u00eda de la Paz, los centros educativos se comprometen como defensores de la paz y entendimiento entre personas de distinta procedencia y modos&hellip;<\/p>\n","protected":false},"author":8377,"featured_media":1748,"comment_status":"open","ping_status":"open","sticky":false,"template":"","format":"standard","meta":{"ngg_post_thumbnail":0,"footnotes":""},"categories":[32,485,458647,3253,1508355],"tags":[348121,185379,348133,598374,26636,28,1852],"aioseo_notices":[],"_links":{"self":[{"href":"https:\/\/blogsaverroes.juntadeandalucia.es\/ceipvalerianolopez\/wp-json\/wp\/v2\/posts\/1736"}],"collection":[{"href":"https:\/\/blogsaverroes.juntadeandalucia.es\/ceipvalerianolopez\/wp-json\/wp\/v2\/posts"}],"about":[{"href":"https:\/\/blogsaverroes.juntadeandalucia.es\/ceipvalerianolopez\/wp-json\/wp\/v2\/types\/post"}],"author":[{"embeddable":true,"href":"https:\/\/blogsaverroes.juntadeandalucia.es\/ceipvalerianolopez\/wp-json\/wp\/v2\/users\/8377"}],"replies":[{"embeddable":true,"href":"https:\/\/blogsaverroes.juntadeandalucia.es\/ceipvalerianolopez\/wp-json\/wp\/v2\/comments?post=1736"}],"version-history":[{"count":5,"href":"https:\/\/blogsaverroes.juntadeandalucia.es\/ceipvalerianolopez\/wp-json\/wp\/v2\/posts\/1736\/revisions"}],"predecessor-version":[{"id":1750,"href":"https:\/\/blogsaverroes.juntadeandalucia.es\/ceipvalerianolopez\/wp-json\/wp\/v2\/posts\/1736\/revisions\/1750"}],"wp:featuredmedia":[{"embeddable":true,"href":"https:\/\/blogsaverroes.juntadeandalucia.es\/ceipvalerianolopez\/wp-json\/wp\/v2\/media\/1748"}],"wp:attachment":[{"href":"https:\/\/blogsaverroes.juntadeandalucia.es\/ceipvalerianolopez\/wp-json\/wp\/v2\/media?parent=1736"}],"wp:term":[{"taxonomy":"category","embeddable":true,"href":"https:\/\/blogsaverroes.juntadeandalucia.es\/ceipvalerianolopez\/wp-json\/wp\/v2\/categories?post=1736"},{"taxonomy":"post_tag","embeddable":true,"href":"https:\/\/blogsaverroes.juntadeandalucia.es\/ceipvalerianolopez\/wp-json\/wp\/v2\/tags?post=1736"}],"curies":[{"name":"wp","href":"https:\/\/api.w.org\/{rel}","templated":true}]}}