{"id":1765,"date":"2021-02-28T10:00:20","date_gmt":"2021-02-28T09:00:20","guid":{"rendered":"https:\/\/blogsaverroes.juntadeandalucia.es\/ceipvalerianolopez\/?p=1765"},"modified":"2021-02-28T19:31:59","modified_gmt":"2021-02-28T18:31:59","slug":"escolarizacion-para-el-curso-21-22","status":"publish","type":"post","link":"https:\/\/blogsaverroes.juntadeandalucia.es\/ceipvalerianolopez\/escolarizacion-para-el-curso-21-22\/","title":{"rendered":"Escolarizaci\u00f3n para el curso 21\/22"},"content":{"rendered":"<h1>ESCOLARIZACI\u00d3N: Segundo ciclo de Educaci\u00f3n Infantil, Primaria, ESO y Bachillerato<\/h1>\n<p><strong>El plazo de admisi\u00f3n es del 1 al 31 de marzo.<\/strong><\/p>\n<p>Este tr\u00e1mite realizar\u00e1 principalmente por v\u00eda telem\u00e1tica y se podr\u00e1 solicitar ayuda telef\u00f3nica o a trav\u00e9s de correo electr\u00f3nico usando los cauces que el centro pone a disposici\u00f3n de las familias.<\/p>\n<p>Esta informaci\u00f3n se ha actualizado en al secci\u00f3n de <a href=\"https:\/\/blogsaverroes.juntadeandalucia.es\/ceipvalerianolopez\/escolarizacion\/admision\/\">admisi\u00f3n<\/a> dentro de <a href=\"https:\/\/blogsaverroes.juntadeandalucia.es\/ceipvalerianolopez\/escolarizacion\/\">escolarizaci\u00f3n<\/a> que pod\u00e9is encontrar en <a href=\"https:\/\/blogsaverroes.juntadeandalucia.es\/ceipvalerianolopez\/secretaria\/\">Secretar\u00eda<\/a> del men\u00fa de <a href=\"https:\/\/blogsaverroes.juntadeandalucia.es\/ceipvalerianolopez\/\">nuestra web<\/a>.<\/p>\n<p>Tambi\u00e9n podr\u00e9is consultar m\u00e1s informaci\u00f3n en la&nbsp; <a href=\"http:\/\/www.juntadeandalucia.es\/educacion\/portals\/web\/escolarizacion\/infantil-a-bachillerato\">web de la Junta de Andaluc\u00eda.<\/a><\/p>\n<p>&nbsp;<\/p>\n<p>Os adjuntamos tambi\u00e9n un v\u00eddeo que os ayudar\u00e1 para la realizaci\u00f3n telem\u00e1tica de la admisi\u00f3n.<\/p>\n<p><iframe loading=\"lazy\" src=\"\/\/www.youtube.com\/embed\/0jzsoje-GyQ?feature=youtu\" width=\"560\" height=\"314\"><\/iframe><\/p>\n","protected":false},"excerpt":{"rendered":"<p>ESCOLARIZACI\u00d3N: Segundo ciclo de Educaci\u00f3n Infantil, Primaria, ESO y Bachillerato El plazo de admisi\u00f3n es del 1 al 31 de marzo. Este tr\u00e1mite realizar\u00e1 principalmente&hellip;<\/p>\n","protected":false},"author":8377,"featured_media":0,"comment_status":"open","ping_status":"open","sticky":false,"template":"","format":"standard","meta":{"ngg_post_thumbnail":0,"footnotes":""},"categories":[4441,11909],"tags":[26636,4441],"aioseo_notices":[],"_links":{"self":[{"href":"https:\/\/blogsaverroes.juntadeandalucia.es\/ceipvalerianolopez\/wp-json\/wp\/v2\/posts\/1765"}],"collection":[{"href":"https:\/\/blogsaverroes.juntadeandalucia.es\/ceipvalerianolopez\/wp-json\/wp\/v2\/posts"}],"about":[{"href":"https:\/\/blogsaverroes.juntadeandalucia.es\/ceipvalerianolopez\/wp-json\/wp\/v2\/types\/post"}],"author":[{"embeddable":true,"href":"https:\/\/blogsaverroes.juntadeandalucia.es\/ceipvalerianolopez\/wp-json\/wp\/v2\/users\/8377"}],"replies":[{"embeddable":true,"href":"https:\/\/blogsaverroes.juntadeandalucia.es\/ceipvalerianolopez\/wp-json\/wp\/v2\/comments?post=1765"}],"version-history":[{"count":1,"href":"https:\/\/blogsaverroes.juntadeandalucia.es\/ceipvalerianolopez\/wp-json\/wp\/v2\/posts\/1765\/revisions"}],"predecessor-version":[{"id":1766,"href":"https:\/\/blogsaverroes.juntadeandalucia.es\/ceipvalerianolopez\/wp-json\/wp\/v2\/posts\/1765\/revisions\/1766"}],"wp:attachment":[{"href":"https:\/\/blogsaverroes.juntadeandalucia.es\/ceipvalerianolopez\/wp-json\/wp\/v2\/media?parent=1765"}],"wp:term":[{"taxonomy":"category","embeddable":true,"href":"https:\/\/blogsaverroes.juntadeandalucia.es\/ceipvalerianolopez\/wp-json\/wp\/v2\/categories?post=1765"},{"taxonomy":"post_tag","embeddable":true,"href":"https:\/\/blogsaverroes.juntadeandalucia.es\/ceipvalerianolopez\/wp-json\/wp\/v2\/tags?post=1765"}],"curies":[{"name":"wp","href":"https:\/\/api.w.org\/{rel}","templated":true}]}}