{"id":1781,"date":"2021-04-06T22:00:53","date_gmt":"2021-04-06T20:00:53","guid":{"rendered":"https:\/\/blogsaverroes.juntadeandalucia.es\/ceipvalerianolopez\/?p=1781"},"modified":"2021-04-14T10:42:00","modified_gmt":"2021-04-14T08:42:00","slug":"%f0%9f%8c%bb-el-sueno-de-segundo-%f0%9f%8c%b3","status":"publish","type":"post","link":"https:\/\/blogsaverroes.juntadeandalucia.es\/ceipvalerianolopez\/%f0%9f%8c%bb-el-sueno-de-segundo-%f0%9f%8c%b3\/","title":{"rendered":"\ud83c\udf3b \u201cEL SUE\u00d1O DE SEGUNDO\u00bb \ud83c\udf33"},"content":{"rendered":"<p>Os compartimos un gran proyecto que se est\u00e1 realizando en 2\u00ba de primaria. Para ello ser\u00e1n los mismos ni\u00f1os y ni\u00f1as junto a sus maestras quienes compartan esta bonita experiencia&#8230; que a\u00fan contin\u00faa:<\/p>\n<blockquote><p>As\u00ed empez\u00f3 nuestro proyecto: <strong>con un sue\u00f1o, una carta y un cuento.<\/strong><\/p>\n<p>Os pongo en situaci\u00f3n:<br \/>\nHace un par de meses, mientras d\u00e1bamos clases de Naturales, surgi\u00f3 una idea \ud83d\udc66\ud83c\udffb\ud83d\udca1\ud83d\udc67\ud83c\udffc y le escribimos una carta a nuestro Alcalde para pedirle ayuda.<br \/>\nAqu\u00ed os dejamos leer la carta a nuestro Alcalde para que sep\u00e1is cu\u00e1l era nuestra idea. \u2709\ufe0f<\/p>\n<p>Tambi\u00e9n le mandamos un cuento hecho por nosotros\/as para darle las gracias por adelantado. Aqu\u00ed os dejamos el cuento por escrito y le\u00eddo por nosotros\/as.\ud83d\udcd6<\/p>\n<p>Nuestro conserje Paco le hizo llegar nuestra carta y cuento al se\u00f1or Alcalde y a partir de ese momento empez\u00f3 nuestra espera.<br \/>\nNo hab\u00eda d\u00eda que no habl\u00e1ramos sobre el tema y so\u00f1\u00e1ramos con la respuesta que todos quer\u00edamos o\u00edr.<br \/>\n\u00bfSe har\u00eda realidad nuestro sue\u00f1o?<\/p>\n<p>Pasadas unas semanas, un d\u00eda la directora del cole vino a nuestra clase y les cont\u00f3 algo a nuestras se\u00f1os. Pero nosotros\/as no sab\u00edamos de qu\u00e9 se trataba&#8230; \ud83e\udd37\ud83c\udffb\u200d\u2642\ufe0f<br \/>\nSolo supimos que un se\u00f1or lleg\u00f3 al cole diciendo que el Alcalde hab\u00eda le\u00eddo nuestra carta&#8230;<br \/>\n\u00bfEstar\u00edamos m\u00e1s cerca de nuestro sue\u00f1o? De momento, nos tocaba seguir esperando&#8230;<\/p>\n<p>El martes 23 de marzo, despu\u00e9s de hacer una prueba de Lengua, nuestras se\u00f1os nos llevaron al lugar de nuestros sue\u00f1os con la excusa de ver florecer a nuestro olivo Lola. Lo que no sab\u00edamos es que nuestro sue\u00f1o estaba a punto de hacerse realidad:<br \/>\n\u00a1El Alcalde estaba en nuestro cole y hab\u00eda venido a vernos! Hab\u00eda le\u00eddo nuestro mensaje y lo m\u00e1s importante&#8230; \u00a1ven\u00eda en persona a contestarnos que iba a estudiar nuestro proyecto!<br \/>\nLo hab\u00edamos conseguido y es que:<br \/>\n\u201cLos sue\u00f1os se hacen realidad\u201d.\ud83c\udf08<\/p>\n<p>Los alumnos y alumnas de Segundo del CEIP Valeriano L\u00f3pez (Estepona).<\/p>\n<p>Atentamente, se\u00f1o Roc\u00edo y se\u00f1o Manoli.<\/p><\/blockquote>\n<p>&nbsp;<\/p>\n<p>A continuaci\u00f3n, os compartimos la carta que recibi\u00f3 nuestro alcalde:<\/p>\n<p style=\"text-align: center\"><iframe loading=\"lazy\" src=\"https:\/\/drive.google.com\/file\/d\/1b7Gwz06W6B6x4LUnFkiBljfkfT_Y-2SX\/preview\" width=\"640\" height=\"480\"><\/iframe>&nbsp;<\/p>\n<p style=\"text-align: center\"><iframe loading=\"lazy\" src=\"\/\/www.youtube.com\/embed\/mKproVuNRD0\" width=\"560\" height=\"314\"><\/iframe><\/p>\n<p style=\"text-align: center\">&nbsp;<\/p>\n<p style=\"text-align: left\">Junto a la carta le enviamos el cuento que tan maravillosamente han escrito e ilustrado el alumnado de 2\u00ba de primaria<\/p>\n<p style=\"text-align: center\"><iframe loading=\"lazy\" src=\"https:\/\/drive.google.com\/file\/d\/1dfHXBhP2tlbPDm0Zsa3uaTnuwMj2NkaY\/preview\" width=\"640\" height=\"480\"><\/iframe>&nbsp;<\/p>\n<p style=\"text-align: center\"><iframe loading=\"lazy\" src=\"\/\/www.youtube.com\/embed\/xKxi02hMzTE\" width=\"560\" height=\"314\"><\/iframe><\/p>\n<p>&nbsp;<\/p>\n<p>Ante tal invitaci\u00f3n nuestro alcalde no solo se puso en contacto con el centro sino que colabor\u00f3 organizando una visita sorpresa para el alumnado, el pasado 23 de marzo, ya que quer\u00eda hablar y escuchar directamente de nuestros ni\u00f1os y ni\u00f1as el trabajo realizado en este proyecto. Pod\u00e9is ver la visita en el siguiente v\u00eddeo y conocer la noticia en la web de Radio y Televisi\u00f3n de Estepona en el <a href=\"https:\/\/television.estepona.es\/el-alcalde-visita-el-colegio-valeriano-lopez\/\">siguiente enlace.<\/a><\/p>\n<p style=\"text-align: center\"><iframe loading=\"lazy\" src=\"https:\/\/www.facebook.com\/plugins\/video.php?href=https%3A%2F%2Fwww.facebook.com%2Festeponatelevision%2Fvideos%2F2208121219321923%2F&amp;show_text=0&amp;width=560\" width=\"560\" height=\"315\" frameborder=\"0\" scrolling=\"no\"><\/iframe><br \/>\n&nbsp;<\/p>\n<p>Tras la visita del alcalde, el alumnado ha seguido trabajando y dise\u00f1ando una zona para aprender, jugar y disfrutar del espacio libre.<\/p>\n<p><img loading=\"lazy\" decoding=\"async\" class=\"aligncenter wp-image-1782\" src=\"https:\/\/blogsaverroes.juntadeandalucia.es\/ceipvalerianolopez\/files\/2021\/04\/suen\u0303o-300x262.jpeg\" alt=\"Sue\u00f1o\" width=\"508\" height=\"443\" srcset=\"https:\/\/blogsaverroes.juntadeandalucia.es\/ceipvalerianolopez\/files\/2021\/04\/suen\u0303o-300x262.jpeg 300w, https:\/\/blogsaverroes.juntadeandalucia.es\/ceipvalerianolopez\/files\/2021\/04\/suen\u0303o-1024x893.jpeg 1024w, https:\/\/blogsaverroes.juntadeandalucia.es\/ceipvalerianolopez\/files\/2021\/04\/suen\u0303o-768x670.jpeg 768w, https:\/\/blogsaverroes.juntadeandalucia.es\/ceipvalerianolopez\/files\/2021\/04\/suen\u0303o.jpeg 1168w\" sizes=\"(max-width: 508px) 100vw, 508px\" \/><\/p>\n<p>&nbsp;<\/p>\n<p>&#8230;Y el proyecto a\u00fan contin\u00faa&#8230;<\/p>\n","protected":false},"excerpt":{"rendered":"<p>Os compartimos un gran proyecto que se est\u00e1 realizando en 2\u00ba de primaria. Para ello ser\u00e1n los mismos ni\u00f1os y ni\u00f1as junto a sus maestras&hellip;<\/p>\n","protected":false},"author":8377,"featured_media":1782,"comment_status":"open","ping_status":"open","sticky":false,"template":"","format":"standard","meta":{"ngg_post_thumbnail":0,"footnotes":""},"categories":[32,217183,307409,2309265,3253,19,33096,2309595],"tags":[348121,26636,708],"aioseo_notices":[],"_links":{"self":[{"href":"https:\/\/blogsaverroes.juntadeandalucia.es\/ceipvalerianolopez\/wp-json\/wp\/v2\/posts\/1781"}],"collection":[{"href":"https:\/\/blogsaverroes.juntadeandalucia.es\/ceipvalerianolopez\/wp-json\/wp\/v2\/posts"}],"about":[{"href":"https:\/\/blogsaverroes.juntadeandalucia.es\/ceipvalerianolopez\/wp-json\/wp\/v2\/types\/post"}],"author":[{"embeddable":true,"href":"https:\/\/blogsaverroes.juntadeandalucia.es\/ceipvalerianolopez\/wp-json\/wp\/v2\/users\/8377"}],"replies":[{"embeddable":true,"href":"https:\/\/blogsaverroes.juntadeandalucia.es\/ceipvalerianolopez\/wp-json\/wp\/v2\/comments?post=1781"}],"version-history":[{"count":3,"href":"https:\/\/blogsaverroes.juntadeandalucia.es\/ceipvalerianolopez\/wp-json\/wp\/v2\/posts\/1781\/revisions"}],"predecessor-version":[{"id":1785,"href":"https:\/\/blogsaverroes.juntadeandalucia.es\/ceipvalerianolopez\/wp-json\/wp\/v2\/posts\/1781\/revisions\/1785"}],"wp:featuredmedia":[{"embeddable":true,"href":"https:\/\/blogsaverroes.juntadeandalucia.es\/ceipvalerianolopez\/wp-json\/wp\/v2\/media\/1782"}],"wp:attachment":[{"href":"https:\/\/blogsaverroes.juntadeandalucia.es\/ceipvalerianolopez\/wp-json\/wp\/v2\/media?parent=1781"}],"wp:term":[{"taxonomy":"category","embeddable":true,"href":"https:\/\/blogsaverroes.juntadeandalucia.es\/ceipvalerianolopez\/wp-json\/wp\/v2\/categories?post=1781"},{"taxonomy":"post_tag","embeddable":true,"href":"https:\/\/blogsaverroes.juntadeandalucia.es\/ceipvalerianolopez\/wp-json\/wp\/v2\/tags?post=1781"}],"curies":[{"name":"wp","href":"https:\/\/api.w.org\/{rel}","templated":true}]}}