{"id":1801,"date":"2021-04-29T11:00:04","date_gmt":"2021-04-29T09:00:04","guid":{"rendered":"https:\/\/blogsaverroes.juntadeandalucia.es\/ceipvalerianolopez\/?p=1801"},"modified":"2021-05-07T13:47:23","modified_gmt":"2021-05-07T11:47:23","slug":"campana-aprende-a-crecer-con-seguridad","status":"publish","type":"post","link":"https:\/\/blogsaverroes.juntadeandalucia.es\/ceipvalerianolopez\/campana-aprende-a-crecer-con-seguridad\/","title":{"rendered":"CAMPA\u00d1A \u201cAPRENDE A CRECER CON SEGURIDAD\u201d"},"content":{"rendered":"<p>La actual Consejer\u00eda de Empleo, Formaci\u00f3n y Trabajo Aut\u00f3nomo, en colaboraci\u00f3n con la actual Consejer\u00eda de Educaci\u00f3n y Deporte, desarrolla desde el a\u00f1o 2003 la Campa\u00f1a Escolar \u201cAprende a Crecer con Seguridad\u201d, dirigida a alumnos de quinto de Primaria.<\/p>\n<p><img loading=\"lazy\" decoding=\"async\" class=\"aligncenter  wp-image-1803\" src=\"https:\/\/blogsaverroes.juntadeandalucia.es\/ceipvalerianolopez\/files\/2021\/05\/Captura-de-pantalla-2021-05-07-a-las-13.33.30-300x220.png\" alt=\"\" width=\"445\" height=\"326\" srcset=\"https:\/\/blogsaverroes.juntadeandalucia.es\/ceipvalerianolopez\/files\/2021\/05\/Captura-de-pantalla-2021-05-07-a-las-13.33.30-300x220.png 300w, https:\/\/blogsaverroes.juntadeandalucia.es\/ceipvalerianolopez\/files\/2021\/05\/Captura-de-pantalla-2021-05-07-a-las-13.33.30-1024x750.png 1024w, https:\/\/blogsaverroes.juntadeandalucia.es\/ceipvalerianolopez\/files\/2021\/05\/Captura-de-pantalla-2021-05-07-a-las-13.33.30-768x563.png 768w, https:\/\/blogsaverroes.juntadeandalucia.es\/ceipvalerianolopez\/files\/2021\/05\/Captura-de-pantalla-2021-05-07-a-las-13.33.30-1536x1126.png 1536w, https:\/\/blogsaverroes.juntadeandalucia.es\/ceipvalerianolopez\/files\/2021\/05\/Captura-de-pantalla-2021-05-07-a-las-13.33.30.png 1624w\" sizes=\"(max-width: 445px) 100vw, 445px\" \/><\/p>\n<p>Este programa se engloba dentro de la actual Estrategia Andaluza de Seguridad y Salud en el Trabajo 2017-2022 y tiene el objetivo de introducir en las escuelas la cultura de la prevenci\u00f3n como ense\u00f1anza transversal, mediante tres l\u00edneas de actuaci\u00f3n que se concretan en:<\/p>\n<ol>\n<li>La sensibilizaci\u00f3n.<\/li>\n<li>La formaci\u00f3n del profesorado.<\/li>\n<li>Las gu\u00edas de apoyo.<\/li>\n<\/ol>\n<p>Los objetivos de esta campa\u00f1a se centran en concienciar a ni\u00f1os, padres y profesores ante la problem\u00e1tica de los accidentes, y asentar as\u00ed, la cultura de la prevenci\u00f3n que se refleja en la Ley de Prevenci\u00f3n de Riesgos Laborales.<br \/>\nDe igual manera, pretende integrar a todos los responsables de la educaci\u00f3n del ni\u00f1o para que crezcan con el valor de la prevenci\u00f3n, y tambi\u00e9n persigue reducir los accidentes infantiles, como paso previo a la seguridad en el trabajo.<\/p>\n<p>&nbsp;<\/p>\n<p><img loading=\"lazy\" decoding=\"async\" class=\"aligncenter  wp-image-1804\" src=\"https:\/\/blogsaverroes.juntadeandalucia.es\/ceipvalerianolopez\/files\/2021\/05\/Captura-de-pantalla-2021-05-07-a-las-13.31.00-280x300.png\" alt=\"\" width=\"519\" height=\"556\" srcset=\"https:\/\/blogsaverroes.juntadeandalucia.es\/ceipvalerianolopez\/files\/2021\/05\/Captura-de-pantalla-2021-05-07-a-las-13.31.00-280x300.png 280w, https:\/\/blogsaverroes.juntadeandalucia.es\/ceipvalerianolopez\/files\/2021\/05\/Captura-de-pantalla-2021-05-07-a-las-13.31.00-954x1024.png 954w, https:\/\/blogsaverroes.juntadeandalucia.es\/ceipvalerianolopez\/files\/2021\/05\/Captura-de-pantalla-2021-05-07-a-las-13.31.00-768x824.png 768w, https:\/\/blogsaverroes.juntadeandalucia.es\/ceipvalerianolopez\/files\/2021\/05\/Captura-de-pantalla-2021-05-07-a-las-13.31.00-360x385.png 360w, https:\/\/blogsaverroes.juntadeandalucia.es\/ceipvalerianolopez\/files\/2021\/05\/Captura-de-pantalla-2021-05-07-a-las-13.31.00.png 1206w\" sizes=\"(max-width: 519px) 100vw, 519px\" \/><\/p>\n<p>&nbsp;<\/p>\n<p>Desde estas l\u00edneas queremos agradecer la gran labor realizada por Jos\u00e9 Antonio Vilchez&nbsp; en la preparaci\u00f3n, gesti\u00f3n y documentaci\u00f3n de esta charla-taller para nuestro alumnado de 5\u00ba de Primaria.<\/p>\n<p>Tanto el profesorado como el alumnado disfrutaron de todo lo trabajado en la charla y lo aplican ya a su d\u00eda a d\u00eda.<\/p>\n","protected":false},"excerpt":{"rendered":"<p>La actual Consejer\u00eda de Empleo, Formaci\u00f3n y Trabajo Aut\u00f3nomo, en colaboraci\u00f3n con la actual Consejer\u00eda de Educaci\u00f3n y Deporte, desarrolla desde el a\u00f1o 2003 la&hellip;<\/p>\n","protected":false},"author":8377,"featured_media":1802,"comment_status":"open","ping_status":"open","sticky":false,"template":"","format":"standard","meta":{"ngg_post_thumbnail":0,"footnotes":""},"categories":[11909],"tags":[10955],"aioseo_notices":[],"_links":{"self":[{"href":"https:\/\/blogsaverroes.juntadeandalucia.es\/ceipvalerianolopez\/wp-json\/wp\/v2\/posts\/1801"}],"collection":[{"href":"https:\/\/blogsaverroes.juntadeandalucia.es\/ceipvalerianolopez\/wp-json\/wp\/v2\/posts"}],"about":[{"href":"https:\/\/blogsaverroes.juntadeandalucia.es\/ceipvalerianolopez\/wp-json\/wp\/v2\/types\/post"}],"author":[{"embeddable":true,"href":"https:\/\/blogsaverroes.juntadeandalucia.es\/ceipvalerianolopez\/wp-json\/wp\/v2\/users\/8377"}],"replies":[{"embeddable":true,"href":"https:\/\/blogsaverroes.juntadeandalucia.es\/ceipvalerianolopez\/wp-json\/wp\/v2\/comments?post=1801"}],"version-history":[{"count":1,"href":"https:\/\/blogsaverroes.juntadeandalucia.es\/ceipvalerianolopez\/wp-json\/wp\/v2\/posts\/1801\/revisions"}],"predecessor-version":[{"id":1805,"href":"https:\/\/blogsaverroes.juntadeandalucia.es\/ceipvalerianolopez\/wp-json\/wp\/v2\/posts\/1801\/revisions\/1805"}],"wp:featuredmedia":[{"embeddable":true,"href":"https:\/\/blogsaverroes.juntadeandalucia.es\/ceipvalerianolopez\/wp-json\/wp\/v2\/media\/1802"}],"wp:attachment":[{"href":"https:\/\/blogsaverroes.juntadeandalucia.es\/ceipvalerianolopez\/wp-json\/wp\/v2\/media?parent=1801"}],"wp:term":[{"taxonomy":"category","embeddable":true,"href":"https:\/\/blogsaverroes.juntadeandalucia.es\/ceipvalerianolopez\/wp-json\/wp\/v2\/categories?post=1801"},{"taxonomy":"post_tag","embeddable":true,"href":"https:\/\/blogsaverroes.juntadeandalucia.es\/ceipvalerianolopez\/wp-json\/wp\/v2\/tags?post=1801"}],"curies":[{"name":"wp","href":"https:\/\/api.w.org\/{rel}","templated":true}]}}