{"id":1853,"date":"2021-06-14T09:45:16","date_gmt":"2021-06-14T07:45:16","guid":{"rendered":"https:\/\/blogsaverroes.juntadeandalucia.es\/ceipvalerianolopez\/?p=1853"},"modified":"2021-06-14T09:51:45","modified_gmt":"2021-06-14T07:51:45","slug":"juegos-escolares-2021-final-de-atletismo-escolar","status":"publish","type":"post","link":"https:\/\/blogsaverroes.juntadeandalucia.es\/ceipvalerianolopez\/juegos-escolares-2021-final-de-atletismo-escolar\/","title":{"rendered":"JUEGOS ESCOLARES 2021: FINAL DE ATLETISMO ESCOLAR"},"content":{"rendered":"<p>El s\u00e1bado 12 de junio, a partir de las 9:00 h, se ha celebrado la Final de Atletismo Escolar en el Estadio de Atletismo. La actividad est\u00e1 organizada por la <a href=\"https:\/\/24horasdeportivas.com\/category\/juegos-escolares-2\/boletines\/boletines-2020\/\">Fundaci\u00f3n 24 Horas Deportivas<\/a> con la colaboraci\u00f3n del <a href=\"https:\/\/deportes.estepona.es\/el-ayuntamiento-y-la-fundacion-24-horas-deportivas-celebran-manana-la-final-de-atletismo-escolar\/\">Ayuntamiento de Estepona<\/a> dentro del programa de Juegos Escolares, con la inestimable participaci\u00f3n de los centros de Educaci\u00f3n Primaria de Estepona.<\/p>\n<p>Para cumplir con todos los protocolos establecidos por la Junta de Andaluc\u00eda en referente al COVID-19, este a\u00f1o solo se han clasificado por cada centro 24 representantes (12 ni\u00f1os y 12 ni\u00f1as) de los 10 centros participantes en el curso 2020\/21. La clasificaci\u00f3n la obtienen los mejores alumnos\/a de cada colegio que, en la Jornada de Atletismo Escolar (celebrada previamente en su centro escolar), han conseguido estar entre los TRES mejores de sus respectivas categor\u00edas Benjam\u00edn (3o-4o curso) y Alev\u00edn (5o-6o curso), tanto en la modalidad de velocidad, como en<br \/>\nresistencia, CEIP Antonio Machado, CEIP Mar\u00eda Espinosa CEIP Ntra. Sra. del Carmen, CEIP S. Tom\u00e1s de Aquino, CEPr V\u00edctor de la Serna, CEIP Ram\u00f3n Lago, CEIP Sierra Bermeja, CEIP Sim\u00f3n Fern\u00e1ndez, CEIP Ram\u00f3n Garc\u00eda y CEIP Valeriano L\u00f3pez.<\/p>\n<p>El programa de actividades previstas es el siguiente:<\/p>\n<ul>\n<li>ENTREGA DE DORSALES (Plaza del Estadio de Atletismo)<\/li>\n<li>PRUEBA ATL\u00c9TICA<\/li>\n<li>MEDALLAS TRAS CADA PRUEBA<\/li>\n<\/ul>\n<p>&nbsp;<\/p>\n<ul>\n<li>ENTRADA EN PISTA\n<ul>\n<li>09:30 h. Velocidad Benjam\u00edn Femenina (50 metros) (Entrega de dorsales 9:00h)<\/li>\n<li>10:00 h. Velocidad Benjam\u00edn Masculina (50 metros) (Entrega de dorsales 9:30h)<\/li>\n<li>10:30 h. Velocidad Alev\u00edn Femenina (50 metros) (Entrega de dorsales 10:00h)<\/li>\n<li>11:00 h. Velocidad Alev\u00edn Masculina (50 metros) (Entrega de dorsales 10:30h)<\/li>\n<li>11:30 h. Entrega de dorsales para TODAS las pruebas de Resistencia<\/li>\n<li>12:00 h. Acto Izada de Banderas para conmemorar la Edici\u00f3n de 24 Horas de este a\u00f1o , y seguidamente:\n<ul>\n<li>Resistencia Benjam\u00edn Femenina (400 metros)<\/li>\n<li>Resistencia Benjam\u00edn Masculina (400 metros)<\/li>\n<li>Resistencia Alev\u00edn Femenina (400 metros)<\/li>\n<li>Resistencia Alev\u00edn Masculina (400 metros)<\/li>\n<\/ul>\n<\/li>\n<\/ul>\n<\/li>\n<\/ul>\n<p><img loading=\"lazy\" decoding=\"async\" class=\"aligncenter wp-image-1855\" src=\"https:\/\/blogsaverroes.juntadeandalucia.es\/ceipvalerianolopez\/files\/2021\/06\/Captura-de-pantalla-2021-06-14-a-las-9.44.18-212x300.png\" alt=\"\" width=\"541\" height=\"766\" srcset=\"https:\/\/blogsaverroes.juntadeandalucia.es\/ceipvalerianolopez\/files\/2021\/06\/Captura-de-pantalla-2021-06-14-a-las-9.44.18-212x300.png 212w, https:\/\/blogsaverroes.juntadeandalucia.es\/ceipvalerianolopez\/files\/2021\/06\/Captura-de-pantalla-2021-06-14-a-las-9.44.18-723x1024.png 723w, https:\/\/blogsaverroes.juntadeandalucia.es\/ceipvalerianolopez\/files\/2021\/06\/Captura-de-pantalla-2021-06-14-a-las-9.44.18-768x1088.png 768w, https:\/\/blogsaverroes.juntadeandalucia.es\/ceipvalerianolopez\/files\/2021\/06\/Captura-de-pantalla-2021-06-14-a-las-9.44.18.png 1056w\" sizes=\"(max-width: 541px) 100vw, 541px\" \/><\/p>\n<p>&nbsp;<\/p>\n<p>Felicidades a todo el alumnado que ha participado en estos juegos porque han tenido la experiencia de vivir en primera persona el proceso de unas pruebas de atletismo y compartir con todos sus compa\u00f1eros\/as una experiencia muy enriquecedora y saludable.<\/p>\n","protected":false},"excerpt":{"rendered":"<p>El s\u00e1bado 12 de junio, a partir de las 9:00 h, se ha celebrado la Final de Atletismo Escolar en el Estadio de Atletismo. La&hellip;<\/p>\n","protected":false},"author":8377,"featured_media":1855,"comment_status":"open","ping_status":"open","sticky":false,"template":"","format":"standard","meta":{"ngg_post_thumbnail":0,"footnotes":""},"categories":[32,2309151,1029588,307409],"tags":[185379,348133,26636,422868],"aioseo_notices":[],"_links":{"self":[{"href":"https:\/\/blogsaverroes.juntadeandalucia.es\/ceipvalerianolopez\/wp-json\/wp\/v2\/posts\/1853"}],"collection":[{"href":"https:\/\/blogsaverroes.juntadeandalucia.es\/ceipvalerianolopez\/wp-json\/wp\/v2\/posts"}],"about":[{"href":"https:\/\/blogsaverroes.juntadeandalucia.es\/ceipvalerianolopez\/wp-json\/wp\/v2\/types\/post"}],"author":[{"embeddable":true,"href":"https:\/\/blogsaverroes.juntadeandalucia.es\/ceipvalerianolopez\/wp-json\/wp\/v2\/users\/8377"}],"replies":[{"embeddable":true,"href":"https:\/\/blogsaverroes.juntadeandalucia.es\/ceipvalerianolopez\/wp-json\/wp\/v2\/comments?post=1853"}],"version-history":[{"count":3,"href":"https:\/\/blogsaverroes.juntadeandalucia.es\/ceipvalerianolopez\/wp-json\/wp\/v2\/posts\/1853\/revisions"}],"predecessor-version":[{"id":1858,"href":"https:\/\/blogsaverroes.juntadeandalucia.es\/ceipvalerianolopez\/wp-json\/wp\/v2\/posts\/1853\/revisions\/1858"}],"wp:featuredmedia":[{"embeddable":true,"href":"https:\/\/blogsaverroes.juntadeandalucia.es\/ceipvalerianolopez\/wp-json\/wp\/v2\/media\/1855"}],"wp:attachment":[{"href":"https:\/\/blogsaverroes.juntadeandalucia.es\/ceipvalerianolopez\/wp-json\/wp\/v2\/media?parent=1853"}],"wp:term":[{"taxonomy":"category","embeddable":true,"href":"https:\/\/blogsaverroes.juntadeandalucia.es\/ceipvalerianolopez\/wp-json\/wp\/v2\/categories?post=1853"},{"taxonomy":"post_tag","embeddable":true,"href":"https:\/\/blogsaverroes.juntadeandalucia.es\/ceipvalerianolopez\/wp-json\/wp\/v2\/tags?post=1853"}],"curies":[{"name":"wp","href":"https:\/\/api.w.org\/{rel}","templated":true}]}}