{"id":1901,"date":"2021-09-19T19:23:11","date_gmt":"2021-09-19T17:23:11","guid":{"rendered":"https:\/\/blogsaverroes.juntadeandalucia.es\/ceipvalerianolopez\/?p=1901"},"modified":"2021-10-30T00:18:03","modified_gmt":"2021-10-29T22:18:03","slug":"curso-2021_2022-nuevo-proyecto","status":"publish","type":"post","link":"https:\/\/blogsaverroes.juntadeandalucia.es\/ceipvalerianolopez\/curso-2021_2022-nuevo-proyecto\/","title":{"rendered":"Curso 2021_2022 Nuevo Proyecto"},"content":{"rendered":"<p><span style=\"font-family: arial, helvetica, sans-serif;font-size: 10pt\">A toda la comunidad educativa:<\/span><\/p>\n<p style=\"text-align: center\"><span style=\"font-family: arial, helvetica, sans-serif;font-size: 10pt\"><strong>Curso 2021-2022 en \u201cmarcha\u201d<\/strong><\/span><\/p>\n<p><span style=\"font-family: arial, helvetica, sans-serif;font-size: 10pt\"><img loading=\"lazy\" decoding=\"async\" class=\"aligncenter wp-image-1889\" src=\"https:\/\/blogsaverroes.juntadeandalucia.es\/ceipvalerianolopez\/files\/2021\/09\/logo_peque%C3%B1o-150x150.jpg\" alt=\"\" width=\"99\" height=\"99\"><\/span><\/p>\n<p style=\"text-align: justify\"><span style=\"font-family: arial, helvetica, sans-serif;font-size: 10pt\">&nbsp; &nbsp; &nbsp;Hemos comenzado el curso escolar 2021-2022 con una nueva etapa en la direcci\u00f3n del centro y con un nuevo equipo directivo ilusionado y responsabilizado. Contamos con personal docente y no docente muy comprometido, la mayor\u00eda repiten de cursos pasados y nuevos \u201cfichajes\u201d que nos ayudar\u00e1n para conseguir todos los objetivos que nos propongamos. Estamos convencidos de poder dotar de identidad propia al centro a trav\u00e9s de 4 pilares importantes que nos van a definir:<\/span><\/p>\n<ol style=\"text-align: justify\">\n<li><span style=\"font-family: arial, helvetica, sans-serif;font-size: 10pt\">Adecuado clima de convivencia, para conseguir un ambiente agradable que proporcione seguridad y confianza en el alumnado, desarrollando al m\u00e1ximo sus capacidades personales.<\/span><\/li>\n<li><span style=\"font-family: arial, helvetica, sans-serif;font-size: 10pt\">Centro participativo y abierto. Queremos conformar un centro en el que la participaci\u00f3n de las familias sea un eje vertebrador en la educaci\u00f3n de sus hijos e hijas.<\/span><\/li>\n<li><span style=\"font-family: arial, helvetica, sans-serif;font-size: 10pt\">Educaci\u00f3n Integral y de Calidad del alumno\/a, donde se desarrollen todas las capacidades de todos\/as los ni\u00f1os\/as y de nuestros docentes.<\/span><\/li>\n<li><span style=\"font-family: arial, helvetica, sans-serif;font-size: 10pt\">Mejora de la gesti\u00f3n de los recursos: personales, f\u00edsicos o de instalaciones y procurando sacar de ellos el mayor rendimiento posible.<\/span><\/li>\n<\/ol>\n<p style=\"text-align: justify\"><span style=\"font-family: arial, helvetica, sans-serif;font-size: 10pt\">&nbsp; &nbsp; &nbsp;Ahora bien, con todo ello, iniciamos el curso con la esperanza que mejore la situaci\u00f3n de pandemia y con el firme prop\u00f3sito de apoyar al alumnado a conseguir una educaci\u00f3n integral y de calidad. Continuaremos con las medidas de Prevenci\u00f3n, Protecci\u00f3n, Vigilancia y Promoci\u00f3n de Salud COVID19, tal y como nos marca la Consejer\u00eda de Salud y Familias dentro de las \u00faltimas Instrucciones aprobadas con fecha del 29 de junio de 2021, as\u00ed como en el Dec\u00e1logo para una vuelta al cole segura del 2 de septiembre de 2021 de la Viceconsejer\u00eda de Educaci\u00f3n de la Junta. Nuestro objetivo principal en cuanto a medias sanitarias, ser\u00e1 proteger la salud y el bienestar de toda la comunidad educativa, para ello, el cumplimiento de los protocolos de seguridad y el compromiso de la comunidad educativa son claves para mantener la seguridad de nuestro alumnado.<\/span><\/p>\n<p style=\"text-align: justify\"><span style=\"font-family: arial, helvetica, sans-serif;font-size: 10pt\">&nbsp; &nbsp; &nbsp;Desde nuestra posici\u00f3n, queremos agradecer a las familias todas las muestras de apoyo y aprecio que nos transmiten d\u00eda a d\u00eda y sobre todo a nuestro alumnado que nos ha dado una lecci\u00f3n de adaptaci\u00f3n en tiempos de pandemia cumpliendo las medidas de seguridad con normalidad y empat\u00eda. Os pedimos que continu\u00e9is desde casa la labor compartida en cuanto al uso de mascarillas y el gel desinfectante. Poco a poco todo esto quedar\u00e1 en el recuerdo.<\/span><\/p>\n<p style=\"text-align: justify\"><span style=\"font-family: arial, helvetica, sans-serif;font-size: 10pt\">&nbsp; &nbsp; &nbsp;Y otro peque\u00f1o esfuerzo, el seguimiento de las comunicaciones a trav\u00e9s de los mecanismos oficiales de comunicaci\u00f3n que nos ofrece la Junta ante la situaci\u00f3n provocada por el Covid-19:<\/span><\/p>\n<p style=\"text-align: justify\"><span style=\"font-family: arial, helvetica, sans-serif;font-size: 10pt\">\u2013 Citas y&nbsp;<u>Consultas administrativas<\/u>&nbsp;en el correo&nbsp;<a href=\"mailto:29016173.administracion@g.educaand.es\">29016173.administracion@g.educaand.es<\/a><\/span><\/p>\n<p style=\"text-align: justify\"><span style=\"font-family: arial, helvetica, sans-serif;font-size: 10pt\">\u2013 Tel\u00e9fono del centro&nbsp;<strong>951270596<\/strong><\/span><\/p>\n<p style=\"text-align: justify\"><span style=\"font-family: arial, helvetica, sans-serif;font-size: 10pt\">\u2013&nbsp;<u>Ipasen y S\u00e9neca<\/u>. Comunicaci\u00f3n directa de noticias con el centro y tutor\/a.<\/span><\/p>\n<p style=\"text-align: justify\"><span style=\"font-family: arial, helvetica, sans-serif;font-size: 10pt\">\u2013 P\u00e1gina web del colegio&nbsp;<a href=\"https:\/\/blogsaverroes.juntadeandalucia.es\/ceipvalerianolopez\/\">CEIP Valeriano L\u00f3pez<\/a><\/span><\/p>\n<p style=\"text-align: justify\"><span style=\"font-family: arial, helvetica, sans-serif;font-size: 10pt\">\u2013 Delegados\/as y subdelegados\/as de clase.<\/span><\/p>\n<p style=\"text-align: justify\"><span style=\"font-family: arial, helvetica, sans-serif;font-size: 10pt\">\u2013 Facebook del centro \u00abCeip Valeriano L\u00f3pez\u00bb.<\/span><\/p>\n<p style=\"text-align: justify\"><span style=\"font-family: arial, helvetica, sans-serif;font-size: 10pt\">\u2013 Nuestra AMPA. Facebook \u00abAmpa Los Altos de Estepona\u00bb.<\/span><\/p>\n<p style=\"text-align: justify\"><span style=\"font-family: arial, helvetica, sans-serif;font-size: 10pt\">&nbsp; &nbsp; &nbsp;Finalmente, desear un buen curso a todos y todas. Contamos con ustedes, las familias, en beneficio de sus hijos para que los acompa\u00f1en educativamente desde sus casas. La educaci\u00f3n empieza en casa y continua en la escuela.<\/span><\/p>\n<p style=\"text-align: justify\"><span style=\"font-family: arial, helvetica, sans-serif;font-size: 10pt\">&nbsp; &nbsp; &nbsp;Le invitamos a que comparta esta informaci\u00f3n con todas las familias para el beneficio de la comunidad educativa.<\/span><\/p>\n<p style=\"text-align: justify\"><span style=\"font-family: arial, helvetica, sans-serif;font-size: 10pt\"><img loading=\"lazy\" decoding=\"async\" class=\"aligncenter wp-image-1887\" src=\"https:\/\/blogsaverroes.juntadeandalucia.es\/ceipvalerianolopez\/files\/2021\/09\/IMG-0634_1-300x225.jpg\" alt=\"\" width=\"340\" height=\"255\" srcset=\"https:\/\/blogsaverroes.juntadeandalucia.es\/ceipvalerianolopez\/files\/2021\/09\/IMG-0634_1-300x225.jpg 300w, https:\/\/blogsaverroes.juntadeandalucia.es\/ceipvalerianolopez\/files\/2021\/09\/IMG-0634_1-1024x768.jpg 1024w, https:\/\/blogsaverroes.juntadeandalucia.es\/ceipvalerianolopez\/files\/2021\/09\/IMG-0634_1-768x576.jpg 768w, https:\/\/blogsaverroes.juntadeandalucia.es\/ceipvalerianolopez\/files\/2021\/09\/IMG-0634_1-1536x1152.jpg 1536w, https:\/\/blogsaverroes.juntadeandalucia.es\/ceipvalerianolopez\/files\/2021\/09\/IMG-0634_1-2048x1536.jpg 2048w\" sizes=\"(max-width: 340px) 100vw, 340px\" \/><\/span><\/p>\n<p style=\"text-align: justify\"><span style=\"font-family: arial, helvetica, sans-serif;font-size: 10pt\">Un saludo muy cordial.<\/span><\/p>\n<p style=\"text-align: justify\"><span style=\"font-family: arial, helvetica, sans-serif;font-size: 10pt\">Gabriel Jes\u00fas Moreno Alhambra<\/span><\/p>\n<p style=\"text-align: justify\"><span style=\"font-family: arial, helvetica, sans-serif;font-size: 10pt\">Director del CEIP Valeriano L\u00f3pez de Estepona.<\/span><\/p>\n","protected":false},"excerpt":{"rendered":"<p>A toda la comunidad educativa: Curso 2021-2022 en \u201cmarcha\u201d &nbsp; &nbsp; &nbsp;Hemos comenzado el curso escolar 2021-2022 con una nueva etapa en la direcci\u00f3n del&hellip;<\/p>\n","protected":false},"author":8703,"featured_media":1887,"comment_status":"closed","ping_status":"closed","sticky":false,"template":"","format":"standard","meta":{"ngg_post_thumbnail":0,"footnotes":""},"categories":[11909],"tags":[],"aioseo_notices":[],"_links":{"self":[{"href":"https:\/\/blogsaverroes.juntadeandalucia.es\/ceipvalerianolopez\/wp-json\/wp\/v2\/posts\/1901"}],"collection":[{"href":"https:\/\/blogsaverroes.juntadeandalucia.es\/ceipvalerianolopez\/wp-json\/wp\/v2\/posts"}],"about":[{"href":"https:\/\/blogsaverroes.juntadeandalucia.es\/ceipvalerianolopez\/wp-json\/wp\/v2\/types\/post"}],"author":[{"embeddable":true,"href":"https:\/\/blogsaverroes.juntadeandalucia.es\/ceipvalerianolopez\/wp-json\/wp\/v2\/users\/8703"}],"replies":[{"embeddable":true,"href":"https:\/\/blogsaverroes.juntadeandalucia.es\/ceipvalerianolopez\/wp-json\/wp\/v2\/comments?post=1901"}],"version-history":[{"count":5,"href":"https:\/\/blogsaverroes.juntadeandalucia.es\/ceipvalerianolopez\/wp-json\/wp\/v2\/posts\/1901\/revisions"}],"predecessor-version":[{"id":1917,"href":"https:\/\/blogsaverroes.juntadeandalucia.es\/ceipvalerianolopez\/wp-json\/wp\/v2\/posts\/1901\/revisions\/1917"}],"wp:featuredmedia":[{"embeddable":true,"href":"https:\/\/blogsaverroes.juntadeandalucia.es\/ceipvalerianolopez\/wp-json\/wp\/v2\/media\/1887"}],"wp:attachment":[{"href":"https:\/\/blogsaverroes.juntadeandalucia.es\/ceipvalerianolopez\/wp-json\/wp\/v2\/media?parent=1901"}],"wp:term":[{"taxonomy":"category","embeddable":true,"href":"https:\/\/blogsaverroes.juntadeandalucia.es\/ceipvalerianolopez\/wp-json\/wp\/v2\/categories?post=1901"},{"taxonomy":"post_tag","embeddable":true,"href":"https:\/\/blogsaverroes.juntadeandalucia.es\/ceipvalerianolopez\/wp-json\/wp\/v2\/tags?post=1901"}],"curies":[{"name":"wp","href":"https:\/\/api.w.org\/{rel}","templated":true}]}}