{"id":1974,"date":"2021-10-26T07:27:37","date_gmt":"2021-10-26T05:27:37","guid":{"rendered":"https:\/\/blogsaverroes.juntadeandalucia.es\/ceipvalerianolopez\/?p=1974"},"modified":"2021-10-26T07:28:08","modified_gmt":"2021-10-26T05:28:08","slug":"escuela-espacio-de-paz","status":"publish","type":"post","link":"https:\/\/blogsaverroes.juntadeandalucia.es\/ceipvalerianolopez\/escuela-espacio-de-paz\/","title":{"rendered":"Escuela Espacio de Paz"},"content":{"rendered":"<p style=\"text-align: left\">Dentro de los planes y programas que desde el centro se van a desarrollar este curso escolar 2021\/2022 os presentamos el de \u201cEscuela Espacio de Paz\u201d.<br \/>\nLa coordinadora del programa y tutora de 2\u00baB&nbsp;<a class=\"oajrlxb2 g5ia77u1 qu0x051f esr5mh6w e9989ue4 r7d6kgcz rq0escxv nhd2j8a9 nc684nl6 p7hjln8o kvgmc6g5 cxmmr5t8 oygrvhab hcukyx3x jb3vyjys rz4wbd8a qt6c0cv9 a8nywdso i1ao9s8h esuyzwwr f1sip0of lzcic4wl oo9gr5id gpro0wi8 lrazzd5p\" role=\"link\" href=\"https:\/\/www.facebook.com\/profile.php?id=100011336219395&amp;__cft__[0]=AZUGk-NxZ90CN-gRGGwSm8U05KMIWLFLutuhp96Vg6nTw8yz3oo9OTUYm-y8YCgNdurPJSZewJ5wNrQJHX8UTlhYQdOKMuDoeYRxlj8brtE_HwY_gVYJ2ASIcypgWoT9f-WCk2pXOpJB3AKJoEhrQdqKeGkE1ZXa3tMgOugDTmDRnfOm99dzopRYH9-tjLd728w&amp;__tn__=-]K*F\"><span class=\"nc684nl6\">Se\u00f1o Roc\u00edo<\/span><\/a>&nbsp;junto al claustro del CEIP Valeriano L\u00f3pez pondr\u00e1n nuevamente en marcha un bonito programa que en algunos cursos anteriores ya tuvo una buena acogida en nuestra comunidad.<br \/>\nLos objetivos de este programa ir\u00e1n encaminados a la mejora de la convivencia en el centro y la creaci\u00f3n de un clima positivo que favorezca las relaciones constructivas entre todos los miembros de la comunidad, en especial de nuestro alumnado. Y adem\u00e1s se establecer\u00e1n mecanismos de comunicaci\u00f3n para dar visibilidad a las buenas pr\u00e1cticas que se desarrollan en el proceso de ense\u00f1anza-aprendizaje.<\/p>\n<p><img loading=\"lazy\" decoding=\"async\" class=\"aligncenter size-medium wp-image-1966\" src=\"https:\/\/blogsaverroes.juntadeandalucia.es\/ceipvalerianolopez\/files\/2021\/10\/programa-escuela-espacio-de-paz-212x300.jpg\" alt=\"\" width=\"212\" height=\"300\" srcset=\"https:\/\/blogsaverroes.juntadeandalucia.es\/ceipvalerianolopez\/files\/2021\/10\/programa-escuela-espacio-de-paz-212x300.jpg 212w, https:\/\/blogsaverroes.juntadeandalucia.es\/ceipvalerianolopez\/files\/2021\/10\/programa-escuela-espacio-de-paz.jpg 678w\" sizes=\"(max-width: 212px) 100vw, 212px\" \/><\/p>\n","protected":false},"excerpt":{"rendered":"<p>Dentro de los planes y programas que desde el centro se van a desarrollar este curso escolar 2021\/2022 os presentamos el de \u201cEscuela Espacio de&hellip;<\/p>\n","protected":false},"author":8703,"featured_media":1966,"comment_status":"closed","ping_status":"closed","sticky":false,"template":"","format":"standard","meta":{"ngg_post_thumbnail":0,"footnotes":""},"categories":[458647,33096],"tags":[2312425],"aioseo_notices":[],"_links":{"self":[{"href":"https:\/\/blogsaverroes.juntadeandalucia.es\/ceipvalerianolopez\/wp-json\/wp\/v2\/posts\/1974"}],"collection":[{"href":"https:\/\/blogsaverroes.juntadeandalucia.es\/ceipvalerianolopez\/wp-json\/wp\/v2\/posts"}],"about":[{"href":"https:\/\/blogsaverroes.juntadeandalucia.es\/ceipvalerianolopez\/wp-json\/wp\/v2\/types\/post"}],"author":[{"embeddable":true,"href":"https:\/\/blogsaverroes.juntadeandalucia.es\/ceipvalerianolopez\/wp-json\/wp\/v2\/users\/8703"}],"replies":[{"embeddable":true,"href":"https:\/\/blogsaverroes.juntadeandalucia.es\/ceipvalerianolopez\/wp-json\/wp\/v2\/comments?post=1974"}],"version-history":[{"count":3,"href":"https:\/\/blogsaverroes.juntadeandalucia.es\/ceipvalerianolopez\/wp-json\/wp\/v2\/posts\/1974\/revisions"}],"predecessor-version":[{"id":1977,"href":"https:\/\/blogsaverroes.juntadeandalucia.es\/ceipvalerianolopez\/wp-json\/wp\/v2\/posts\/1974\/revisions\/1977"}],"wp:featuredmedia":[{"embeddable":true,"href":"https:\/\/blogsaverroes.juntadeandalucia.es\/ceipvalerianolopez\/wp-json\/wp\/v2\/media\/1966"}],"wp:attachment":[{"href":"https:\/\/blogsaverroes.juntadeandalucia.es\/ceipvalerianolopez\/wp-json\/wp\/v2\/media?parent=1974"}],"wp:term":[{"taxonomy":"category","embeddable":true,"href":"https:\/\/blogsaverroes.juntadeandalucia.es\/ceipvalerianolopez\/wp-json\/wp\/v2\/categories?post=1974"},{"taxonomy":"post_tag","embeddable":true,"href":"https:\/\/blogsaverroes.juntadeandalucia.es\/ceipvalerianolopez\/wp-json\/wp\/v2\/tags?post=1974"}],"curies":[{"name":"wp","href":"https:\/\/api.w.org\/{rel}","templated":true}]}}