{"id":2005,"date":"2021-11-09T17:48:42","date_gmt":"2021-11-09T16:48:42","guid":{"rendered":"https:\/\/blogsaverroes.juntadeandalucia.es\/ceipvalerianolopez\/?p=2005"},"modified":"2021-11-09T17:48:42","modified_gmt":"2021-11-09T16:48:42","slug":"actividad-solidaria-cadena-de-corazones","status":"publish","type":"post","link":"https:\/\/blogsaverroes.juntadeandalucia.es\/ceipvalerianolopez\/actividad-solidaria-cadena-de-corazones\/","title":{"rendered":"Actividad Solidaria \u201cCadena de Corazones\u201d"},"content":{"rendered":"<p>La asociaci\u00f3n solidaria <strong>Ubuntu Estepona<\/strong> tiene un nuevo proyecto en colaboraci\u00f3n con la <strong>Asociaci\u00f3n Andr\u00e9s Olivares<\/strong>, que ayuda a ni\u00f1os\/as y familiares enfermos de c\u00e1ncer.<\/p>\n<p>En Fundaci\u00f3n Olivares llevamos m\u00e1s de 10 a\u00f1os tratando a ni\u00f1@s enfermos de c\u00e1ncer y sus familias, y desde hace m\u00e1s de 2 a\u00f1os, tambi\u00e9n atendemos a ni\u00f1@s con enfermedades cr\u00f3nicas complejas. Sin ninguna duda, son la clave de nuestro d\u00eda a d\u00eda, por eso y para este a\u00f1o queremos hacer algo muy especial por ell@s.<\/p>\n<p>Como ya sab\u00e9is, en nuestra Fundaci\u00f3n uno de los motores es el coraz\u00f3n de las personas, y como no pod\u00eda ser de otra manera queremos que sea el protagonista en nuestra campa\u00f1a. Queremos movilizar e implicar a la sociedad a trav\u00e9s de la uni\u00f3n de las voluntades, y con ello conseguir la mayor cadena de corazones del mundo (el r\u00e9cord del mundo actualmente est\u00e1 en 17.939 corazones). Esta acci\u00f3n tiene un RETO en may\u00fasculas, la solidaridad de la sociedad hacia nuestros NI\u00d1@S y la vamos a demostrar a trav\u00e9s de la mayor cadena de corazones solidarios del mundo. Cada coraz\u00f3n llevar\u00e1 escrito uno de vuestros mensajes y queremos que sea un broche de oro para el pr\u00f3ximo a\u00f1o.<\/p>\n<p>Una vez m\u00e1s necesitamos tu ayuda, tu implicaci\u00f3n y tu solidaridad. Nos encantar\u00eda movilizar a los centros escolares de Estepona y que mostr\u00e9is vuestro compromiso con nuestr@s ni\u00f1@s.<\/p>\n<p>La idea de la campa\u00f1a adem\u00e1s de visibilizar el c\u00e1ncer infantil y la labor que realizamos en Fundaci\u00f3n Olivares, es recaudar fondos para seguir prestando nuestros servicios de forma gratuita, como siempre lo hemos hecho, a los ni\u00f1os enfermos y sus familias e incluso poder ampliarlos. Por ello queremos monetizar los corazones desde solo un euro cada uno.<\/p>\n<p><strong><u>\u00a1\u00a1Nos gustar\u00eda contar con tu ayuda!!! GRACIASSSS<\/u><\/strong><\/p>\n<p><strong><u>OS PEDIMOS COMO FAMILIAS:<\/u><\/strong><\/p>\n<ul>\n<li>Donativo de 1\u20ac por hijo\/a para animar de manera voluntaria en esta bonita causa que ir\u00e1 a parar a dicha asociaci\u00f3n. (a recoger antes del 19 de noviembre)<\/li>\n<\/ul>\n<p><strong><u>ACTIVIDAD EN EL AULA <\/u><\/strong><\/p>\n<ul>\n<li>Cadeneta de corazones y mensajes enlazados por el pasillo principal del centro.<\/li>\n<li>Visualizar el v\u00eddeo que explica el significado de la campa\u00f1a <u><a href=\"http:\/\/www.youtube.com\/watch?v=f5-6VkdkXXE\">youtube.com\/watch?v=f5-6VkdkXXE<\/a><\/u><\/li>\n<\/ul>\n","protected":false},"excerpt":{"rendered":"<p>La asociaci\u00f3n solidaria Ubuntu Estepona tiene un nuevo proyecto en colaboraci\u00f3n con la Asociaci\u00f3n Andr\u00e9s Olivares, que ayuda a ni\u00f1os\/as y familiares enfermos de c\u00e1ncer.&hellip;<\/p>\n","protected":false},"author":8377,"featured_media":2006,"comment_status":"closed","ping_status":"closed","sticky":false,"template":"","format":"standard","meta":{"ngg_post_thumbnail":0,"footnotes":""},"categories":[32,1029588],"tags":[2312427,2312428],"aioseo_notices":[],"_links":{"self":[{"href":"https:\/\/blogsaverroes.juntadeandalucia.es\/ceipvalerianolopez\/wp-json\/wp\/v2\/posts\/2005"}],"collection":[{"href":"https:\/\/blogsaverroes.juntadeandalucia.es\/ceipvalerianolopez\/wp-json\/wp\/v2\/posts"}],"about":[{"href":"https:\/\/blogsaverroes.juntadeandalucia.es\/ceipvalerianolopez\/wp-json\/wp\/v2\/types\/post"}],"author":[{"embeddable":true,"href":"https:\/\/blogsaverroes.juntadeandalucia.es\/ceipvalerianolopez\/wp-json\/wp\/v2\/users\/8377"}],"replies":[{"embeddable":true,"href":"https:\/\/blogsaverroes.juntadeandalucia.es\/ceipvalerianolopez\/wp-json\/wp\/v2\/comments?post=2005"}],"version-history":[{"count":1,"href":"https:\/\/blogsaverroes.juntadeandalucia.es\/ceipvalerianolopez\/wp-json\/wp\/v2\/posts\/2005\/revisions"}],"predecessor-version":[{"id":2007,"href":"https:\/\/blogsaverroes.juntadeandalucia.es\/ceipvalerianolopez\/wp-json\/wp\/v2\/posts\/2005\/revisions\/2007"}],"wp:featuredmedia":[{"embeddable":true,"href":"https:\/\/blogsaverroes.juntadeandalucia.es\/ceipvalerianolopez\/wp-json\/wp\/v2\/media\/2006"}],"wp:attachment":[{"href":"https:\/\/blogsaverroes.juntadeandalucia.es\/ceipvalerianolopez\/wp-json\/wp\/v2\/media?parent=2005"}],"wp:term":[{"taxonomy":"category","embeddable":true,"href":"https:\/\/blogsaverroes.juntadeandalucia.es\/ceipvalerianolopez\/wp-json\/wp\/v2\/categories?post=2005"},{"taxonomy":"post_tag","embeddable":true,"href":"https:\/\/blogsaverroes.juntadeandalucia.es\/ceipvalerianolopez\/wp-json\/wp\/v2\/tags?post=2005"}],"curies":[{"name":"wp","href":"https:\/\/api.w.org\/{rel}","templated":true}]}}