{"id":2445,"date":"2022-06-24T13:28:52","date_gmt":"2022-06-24T11:28:52","guid":{"rendered":"https:\/\/blogsaverroes.juntadeandalucia.es\/ceipvalerianolopez\/?p=2445"},"modified":"2022-06-24T13:28:52","modified_gmt":"2022-06-24T11:28:52","slug":"felices-vacaciones","status":"publish","type":"post","link":"https:\/\/blogsaverroes.juntadeandalucia.es\/ceipvalerianolopez\/felices-vacaciones\/","title":{"rendered":"Felices vacaciones"},"content":{"rendered":"<p>Felices vacaciones de parte de todo el claustro del CEIP Valeriano L\u00f3pez a toda nuestra comunidad educativa.<\/p>\n<p>Hoy es nuestro \u00faltimo d\u00eda lectivo lleno de despedidas y emociones. Os deseamos todo lo mejor y que disfrut\u00e9is de cada momento.<\/p>\n<p><img loading=\"lazy\" decoding=\"async\" class=\"aligncenter size-medium wp-image-2446\" src=\"https:\/\/blogsaverroes.juntadeandalucia.es\/ceipvalerianolopez\/files\/2022\/06\/fin-de-curso-300x300.jpg\" alt=\"\" width=\"300\" height=\"300\" srcset=\"https:\/\/blogsaverroes.juntadeandalucia.es\/ceipvalerianolopez\/files\/2022\/06\/fin-de-curso-300x300.jpg 300w, https:\/\/blogsaverroes.juntadeandalucia.es\/ceipvalerianolopez\/files\/2022\/06\/fin-de-curso-1024x1024.jpg 1024w, https:\/\/blogsaverroes.juntadeandalucia.es\/ceipvalerianolopez\/files\/2022\/06\/fin-de-curso-150x150.jpg 150w, https:\/\/blogsaverroes.juntadeandalucia.es\/ceipvalerianolopez\/files\/2022\/06\/fin-de-curso-768x768.jpg 768w, https:\/\/blogsaverroes.juntadeandalucia.es\/ceipvalerianolopez\/files\/2022\/06\/fin-de-curso-246x246.jpg 246w, https:\/\/blogsaverroes.juntadeandalucia.es\/ceipvalerianolopez\/files\/2022\/06\/fin-de-curso-520x520.jpg 520w, https:\/\/blogsaverroes.juntadeandalucia.es\/ceipvalerianolopez\/files\/2022\/06\/fin-de-curso-185x185.jpg 185w, https:\/\/blogsaverroes.juntadeandalucia.es\/ceipvalerianolopez\/files\/2022\/06\/fin-de-curso-220x220.jpg 220w, https:\/\/blogsaverroes.juntadeandalucia.es\/ceipvalerianolopez\/files\/2022\/06\/fin-de-curso-60x60.jpg 60w, https:\/\/blogsaverroes.juntadeandalucia.es\/ceipvalerianolopez\/files\/2022\/06\/fin-de-curso-384x384.jpg 384w, https:\/\/blogsaverroes.juntadeandalucia.es\/ceipvalerianolopez\/files\/2022\/06\/fin-de-curso.jpg 1080w\" sizes=\"(max-width: 300px) 100vw, 300px\" \/><\/p>\n","protected":false},"excerpt":{"rendered":"<p>Felices vacaciones de parte de todo el claustro del CEIP Valeriano L\u00f3pez a toda nuestra comunidad educativa. Hoy es nuestro \u00faltimo d\u00eda lectivo lleno de&hellip;<\/p>\n","protected":false},"author":8377,"featured_media":2446,"comment_status":"closed","ping_status":"closed","sticky":false,"template":"","format":"standard","meta":{"ngg_post_thumbnail":0,"footnotes":""},"categories":[2312418],"tags":[],"aioseo_notices":[],"_links":{"self":[{"href":"https:\/\/blogsaverroes.juntadeandalucia.es\/ceipvalerianolopez\/wp-json\/wp\/v2\/posts\/2445"}],"collection":[{"href":"https:\/\/blogsaverroes.juntadeandalucia.es\/ceipvalerianolopez\/wp-json\/wp\/v2\/posts"}],"about":[{"href":"https:\/\/blogsaverroes.juntadeandalucia.es\/ceipvalerianolopez\/wp-json\/wp\/v2\/types\/post"}],"author":[{"embeddable":true,"href":"https:\/\/blogsaverroes.juntadeandalucia.es\/ceipvalerianolopez\/wp-json\/wp\/v2\/users\/8377"}],"replies":[{"embeddable":true,"href":"https:\/\/blogsaverroes.juntadeandalucia.es\/ceipvalerianolopez\/wp-json\/wp\/v2\/comments?post=2445"}],"version-history":[{"count":1,"href":"https:\/\/blogsaverroes.juntadeandalucia.es\/ceipvalerianolopez\/wp-json\/wp\/v2\/posts\/2445\/revisions"}],"predecessor-version":[{"id":2447,"href":"https:\/\/blogsaverroes.juntadeandalucia.es\/ceipvalerianolopez\/wp-json\/wp\/v2\/posts\/2445\/revisions\/2447"}],"wp:featuredmedia":[{"embeddable":true,"href":"https:\/\/blogsaverroes.juntadeandalucia.es\/ceipvalerianolopez\/wp-json\/wp\/v2\/media\/2446"}],"wp:attachment":[{"href":"https:\/\/blogsaverroes.juntadeandalucia.es\/ceipvalerianolopez\/wp-json\/wp\/v2\/media?parent=2445"}],"wp:term":[{"taxonomy":"category","embeddable":true,"href":"https:\/\/blogsaverroes.juntadeandalucia.es\/ceipvalerianolopez\/wp-json\/wp\/v2\/categories?post=2445"},{"taxonomy":"post_tag","embeddable":true,"href":"https:\/\/blogsaverroes.juntadeandalucia.es\/ceipvalerianolopez\/wp-json\/wp\/v2\/tags?post=2445"}],"curies":[{"name":"wp","href":"https:\/\/api.w.org\/{rel}","templated":true}]}}