{"id":2533,"date":"2022-10-13T22:07:43","date_gmt":"2022-10-13T20:07:43","guid":{"rendered":"https:\/\/blogsaverroes.juntadeandalucia.es\/ceipvalerianolopez\/?p=2533"},"modified":"2022-10-16T22:19:38","modified_gmt":"2022-10-16T20:19:38","slug":"presentacion-concurso-rtv-estepona-curiosidades-y-adivinanzas","status":"publish","type":"post","link":"https:\/\/blogsaverroes.juntadeandalucia.es\/ceipvalerianolopez\/presentacion-concurso-rtv-estepona-curiosidades-y-adivinanzas\/","title":{"rendered":"PRESENTACI\u00d3N CONCURSO RTV ESTEPONA \u201cCURIOSIDADES Y ADIVINANZAS\u201d"},"content":{"rendered":"<p style=\"text-align: justify\">El CEIP Valeriano L\u00f3pez participar\u00e1 junto a otros 6 centros de Estepona en el Concurso radiof\u00f3nico de \u201cCuriosidades y adivinanzas\u201d que comenzar\u00e1 el pr\u00f3ximo 20 de octubre. Hoy ha tenido lugar la presentaci\u00f3n en el colegio V\u00edctor de la Serna.<\/p>\n<p><img loading=\"lazy\" decoding=\"async\" class=\"aligncenter wp-image-2534 size-full\" src=\"https:\/\/blogsaverroes.juntadeandalucia.es\/ceipvalerianolopez\/files\/2022\/10\/Concurso-RTV-Estepona.jpg\" alt=\"\" width=\"639\" height=\"290\" srcset=\"https:\/\/blogsaverroes.juntadeandalucia.es\/ceipvalerianolopez\/files\/2022\/10\/Concurso-RTV-Estepona.jpg 639w, https:\/\/blogsaverroes.juntadeandalucia.es\/ceipvalerianolopez\/files\/2022\/10\/Concurso-RTV-Estepona-300x136.jpg 300w\" sizes=\"(max-width: 639px) 100vw, 639px\" \/><\/p>\n<div class=\"x11i5rnm xat24cr x1mh8g0r x1vvkbs xtlvy1s x126k92a\" style=\"text-align: justify\">\n<div dir=\"auto\">Agradecemos el ofrecimiento que nos hace Juanma Herrera y Patricia Jim\u00e9nez a los centros educativos de Estepona.<\/div>\n<\/div>\n<div class=\"x11i5rnm xat24cr x1mh8g0r x1vvkbs xtlvy1s x126k92a\">\n<div dir=\"auto\" style=\"text-align: justify\">La radio es din\u00e1mica, estimula la creatividad, la espontaneidad, el pensamiento cr\u00edtico, en definitiva, es una excelente herramienta educativa y la tenemos aqu\u00ed en Estepona gracias a Juanma Herrera y a todo su equipo.<\/div>\n<div dir=\"auto\"><img loading=\"lazy\" decoding=\"async\" class=\"aligncenter wp-image-2535 size-medium\" src=\"https:\/\/blogsaverroes.juntadeandalucia.es\/ceipvalerianolopez\/files\/2022\/10\/Sin-t\u00edtulo-300x169.png\" alt=\"\" width=\"300\" height=\"169\" srcset=\"https:\/\/blogsaverroes.juntadeandalucia.es\/ceipvalerianolopez\/files\/2022\/10\/Sin-t\u00edtulo-300x169.png 300w, https:\/\/blogsaverroes.juntadeandalucia.es\/ceipvalerianolopez\/files\/2022\/10\/Sin-t\u00edtulo-1024x576.png 1024w, https:\/\/blogsaverroes.juntadeandalucia.es\/ceipvalerianolopez\/files\/2022\/10\/Sin-t\u00edtulo-768x432.png 768w, https:\/\/blogsaverroes.juntadeandalucia.es\/ceipvalerianolopez\/files\/2022\/10\/Sin-t\u00edtulo.png 1366w\" sizes=\"(max-width: 300px) 100vw, 300px\" \/><\/div>\n<div dir=\"auto\">&nbsp;<\/div>\n<div dir=\"auto\" style=\"text-align: center\"><iframe loading=\"lazy\" src=\"\/\/www.youtube.com\/embed\/JQNvEWsUEv8\" width=\"560\" height=\"314\"><\/iframe><\/div>\n<\/div>\n<div dir=\"auto\">&nbsp;<\/div>\n","protected":false},"excerpt":{"rendered":"<p>El CEIP Valeriano L\u00f3pez participar\u00e1 junto a otros 6 centros de Estepona en el Concurso radiof\u00f3nico de \u201cCuriosidades y adivinanzas\u201d que comenzar\u00e1 el pr\u00f3ximo 20&hellip;<\/p>\n","protected":false},"author":8377,"featured_media":2534,"comment_status":"closed","ping_status":"closed","sticky":false,"template":"","format":"standard","meta":{"ngg_post_thumbnail":0,"footnotes":""},"categories":[19],"tags":[2312483],"aioseo_notices":[],"_links":{"self":[{"href":"https:\/\/blogsaverroes.juntadeandalucia.es\/ceipvalerianolopez\/wp-json\/wp\/v2\/posts\/2533"}],"collection":[{"href":"https:\/\/blogsaverroes.juntadeandalucia.es\/ceipvalerianolopez\/wp-json\/wp\/v2\/posts"}],"about":[{"href":"https:\/\/blogsaverroes.juntadeandalucia.es\/ceipvalerianolopez\/wp-json\/wp\/v2\/types\/post"}],"author":[{"embeddable":true,"href":"https:\/\/blogsaverroes.juntadeandalucia.es\/ceipvalerianolopez\/wp-json\/wp\/v2\/users\/8377"}],"replies":[{"embeddable":true,"href":"https:\/\/blogsaverroes.juntadeandalucia.es\/ceipvalerianolopez\/wp-json\/wp\/v2\/comments?post=2533"}],"version-history":[{"count":1,"href":"https:\/\/blogsaverroes.juntadeandalucia.es\/ceipvalerianolopez\/wp-json\/wp\/v2\/posts\/2533\/revisions"}],"predecessor-version":[{"id":2536,"href":"https:\/\/blogsaverroes.juntadeandalucia.es\/ceipvalerianolopez\/wp-json\/wp\/v2\/posts\/2533\/revisions\/2536"}],"wp:featuredmedia":[{"embeddable":true,"href":"https:\/\/blogsaverroes.juntadeandalucia.es\/ceipvalerianolopez\/wp-json\/wp\/v2\/media\/2534"}],"wp:attachment":[{"href":"https:\/\/blogsaverroes.juntadeandalucia.es\/ceipvalerianolopez\/wp-json\/wp\/v2\/media?parent=2533"}],"wp:term":[{"taxonomy":"category","embeddable":true,"href":"https:\/\/blogsaverroes.juntadeandalucia.es\/ceipvalerianolopez\/wp-json\/wp\/v2\/categories?post=2533"},{"taxonomy":"post_tag","embeddable":true,"href":"https:\/\/blogsaverroes.juntadeandalucia.es\/ceipvalerianolopez\/wp-json\/wp\/v2\/tags?post=2533"}],"curies":[{"name":"wp","href":"https:\/\/api.w.org\/{rel}","templated":true}]}}