{"id":2537,"date":"2022-10-14T22:22:16","date_gmt":"2022-10-14T20:22:16","guid":{"rendered":"https:\/\/blogsaverroes.juntadeandalucia.es\/ceipvalerianolopez\/?p=2537"},"modified":"2022-10-16T22:24:41","modified_gmt":"2022-10-16T20:24:41","slug":"elecciones-a-consejos-escolares-2022","status":"publish","type":"post","link":"https:\/\/blogsaverroes.juntadeandalucia.es\/ceipvalerianolopez\/elecciones-a-consejos-escolares-2022\/","title":{"rendered":"ELECCIONES A CONSEJOS ESCOLARES 2022"},"content":{"rendered":"<p style=\"text-align: justify\">Hoy, se ha constituido la junta electoral y se han publicado los censos del sector de padres\/madres, as\u00ed como del profesorado y administraci\u00f3n y servicios. Estar\u00e1n expuestos en el tabl\u00f3n de anuncios del colegio, situado en la entrada de la zona de secretaria hasta el d\u00eda 19 de octubre.<\/p>\n<p style=\"text-align: justify\">PERIODO PARA PRESENTAR VUESTRAS CANDIDATURAS DESDE EL 20 DE OCTUBRE HASTA EL 3 DE NOVIEMBRE<br \/>\nSolicit\u00e1ndolo en horario de secretaria del centro o escribiendo al correo de administraci\u00f3n del centro 29016173.administracion@g.educaand.es<\/p>\n<p>\u00a1Las votaciones, para el sector de padres\/madres\/ tutores legales, ser\u00e1n el pr\u00f3ximo d\u00eda 22 de noviembre en horario de tarde!<\/p>\n<p>\u00a1Esperamos tanto vuestras candidaturas como vuestra participaci\u00f3n en las elecciones!<\/p>\n","protected":false},"excerpt":{"rendered":"<p>Hoy, se ha constituido la junta electoral y se han publicado los censos del sector de padres\/madres, as\u00ed como del profesorado y administraci\u00f3n y servicios.&hellip;<\/p>\n","protected":false},"author":8377,"featured_media":2538,"comment_status":"closed","ping_status":"closed","sticky":false,"template":"","format":"standard","meta":{"ngg_post_thumbnail":0,"footnotes":""},"categories":[2312422],"tags":[],"aioseo_notices":[],"_links":{"self":[{"href":"https:\/\/blogsaverroes.juntadeandalucia.es\/ceipvalerianolopez\/wp-json\/wp\/v2\/posts\/2537"}],"collection":[{"href":"https:\/\/blogsaverroes.juntadeandalucia.es\/ceipvalerianolopez\/wp-json\/wp\/v2\/posts"}],"about":[{"href":"https:\/\/blogsaverroes.juntadeandalucia.es\/ceipvalerianolopez\/wp-json\/wp\/v2\/types\/post"}],"author":[{"embeddable":true,"href":"https:\/\/blogsaverroes.juntadeandalucia.es\/ceipvalerianolopez\/wp-json\/wp\/v2\/users\/8377"}],"replies":[{"embeddable":true,"href":"https:\/\/blogsaverroes.juntadeandalucia.es\/ceipvalerianolopez\/wp-json\/wp\/v2\/comments?post=2537"}],"version-history":[{"count":1,"href":"https:\/\/blogsaverroes.juntadeandalucia.es\/ceipvalerianolopez\/wp-json\/wp\/v2\/posts\/2537\/revisions"}],"predecessor-version":[{"id":2539,"href":"https:\/\/blogsaverroes.juntadeandalucia.es\/ceipvalerianolopez\/wp-json\/wp\/v2\/posts\/2537\/revisions\/2539"}],"wp:featuredmedia":[{"embeddable":true,"href":"https:\/\/blogsaverroes.juntadeandalucia.es\/ceipvalerianolopez\/wp-json\/wp\/v2\/media\/2538"}],"wp:attachment":[{"href":"https:\/\/blogsaverroes.juntadeandalucia.es\/ceipvalerianolopez\/wp-json\/wp\/v2\/media?parent=2537"}],"wp:term":[{"taxonomy":"category","embeddable":true,"href":"https:\/\/blogsaverroes.juntadeandalucia.es\/ceipvalerianolopez\/wp-json\/wp\/v2\/categories?post=2537"},{"taxonomy":"post_tag","embeddable":true,"href":"https:\/\/blogsaverroes.juntadeandalucia.es\/ceipvalerianolopez\/wp-json\/wp\/v2\/tags?post=2537"}],"curies":[{"name":"wp","href":"https:\/\/api.w.org\/{rel}","templated":true}]}}