{"id":2683,"date":"2022-11-11T13:53:35","date_gmt":"2022-11-11T12:53:35","guid":{"rendered":"https:\/\/blogsaverroes.juntadeandalucia.es\/ceipvalerianolopez\/?p=2683"},"modified":"2022-11-14T17:22:05","modified_gmt":"2022-11-14T16:22:05","slug":"proyecto-de-huerto-escolar-en-el-ceip-valeriano-lopez","status":"publish","type":"post","link":"https:\/\/blogsaverroes.juntadeandalucia.es\/ceipvalerianolopez\/proyecto-de-huerto-escolar-en-el-ceip-valeriano-lopez\/","title":{"rendered":"Proyecto de Huerto Escolar en el CEIP Valeriano L\u00f3pez"},"content":{"rendered":"<div class=\"xdj266r x11i5rnm xat24cr x1mh8g0r x1vvkbs x126k92a\">\n<div dir=\"auto\">Gracias a los programas ALDEA y PROA+, este curso empezamos nuestro proyecto de Huerto Escolar.<\/div>\n<\/div>\n<div class=\"x11i5rnm xat24cr x1mh8g0r x1vvkbs xtlvy1s x126k92a\">\n<div dir=\"auto\">Un huerto escolar es un terreno que puede tener distintas superficies, en el que los ni\u00f1os y ni\u00f1as de una escuela, cultivan y recolectan hortalizas, verduras y plantas arom\u00e1ticas. El proyecto est\u00e1 adaptado a cada nivel educativo con una variedad de actividades para su desarrollo.<\/div>\n<\/div>\n<div class=\"x11i5rnm xat24cr x1mh8g0r x1vvkbs xtlvy1s x126k92a\">\n<div dir=\"auto\">Hoy ha tenido lugar una sesi\u00f3n inicial a cargo de \u201cMaite Verdurillas\u201d con el objetivo de presentar el proyecto mediante preguntas a nuestro alumnado para conocer sus opiniones y conocimientos acerca del Huerto Escolar, as\u00ed como han podido pisar el terreno donde se instalar\u00e1 el futuro huerto del Valeriano L\u00f3pez.<\/div>\n<\/div>\n<div class=\"x11i5rnm xat24cr x1mh8g0r x1vvkbs xtlvy1s x126k92a\">\n<div dir=\"auto\">Agradecimiento especial al equipo de ROBONAUTAS y a nuestra coordinadora Mar\u00eda, responsable del programa ALDEA, que velar\u00e1n para que el proyecto se desarrolle en un ambiente enriquecedor, estimulante, ecol\u00f3gico, divertido, creativo&#8230; y que los alumnos encuentren en su cole un espacio verde donde conectar con la naturaleza, parte fundamental de nuestra vida.<\/div>\n<div dir=\"auto\"><img loading=\"lazy\" decoding=\"async\" class=\"aligncenter size-medium wp-image-2684\" src=\"https:\/\/blogsaverroes.juntadeandalucia.es\/ceipvalerianolopez\/files\/2022\/11\/315225184_526990499439263_1718579130490009376_n-300x300.jpg\" alt=\"\" width=\"300\" height=\"300\" srcset=\"https:\/\/blogsaverroes.juntadeandalucia.es\/ceipvalerianolopez\/files\/2022\/11\/315225184_526990499439263_1718579130490009376_n-300x300.jpg 300w, https:\/\/blogsaverroes.juntadeandalucia.es\/ceipvalerianolopez\/files\/2022\/11\/315225184_526990499439263_1718579130490009376_n-1024x1024.jpg 1024w, https:\/\/blogsaverroes.juntadeandalucia.es\/ceipvalerianolopez\/files\/2022\/11\/315225184_526990499439263_1718579130490009376_n-150x150.jpg 150w, https:\/\/blogsaverroes.juntadeandalucia.es\/ceipvalerianolopez\/files\/2022\/11\/315225184_526990499439263_1718579130490009376_n-768x768.jpg 768w, https:\/\/blogsaverroes.juntadeandalucia.es\/ceipvalerianolopez\/files\/2022\/11\/315225184_526990499439263_1718579130490009376_n-246x246.jpg 246w, https:\/\/blogsaverroes.juntadeandalucia.es\/ceipvalerianolopez\/files\/2022\/11\/315225184_526990499439263_1718579130490009376_n-520x520.jpg 520w, https:\/\/blogsaverroes.juntadeandalucia.es\/ceipvalerianolopez\/files\/2022\/11\/315225184_526990499439263_1718579130490009376_n-185x185.jpg 185w, https:\/\/blogsaverroes.juntadeandalucia.es\/ceipvalerianolopez\/files\/2022\/11\/315225184_526990499439263_1718579130490009376_n-220x220.jpg 220w, https:\/\/blogsaverroes.juntadeandalucia.es\/ceipvalerianolopez\/files\/2022\/11\/315225184_526990499439263_1718579130490009376_n-60x60.jpg 60w, https:\/\/blogsaverroes.juntadeandalucia.es\/ceipvalerianolopez\/files\/2022\/11\/315225184_526990499439263_1718579130490009376_n-384x384.jpg 384w, https:\/\/blogsaverroes.juntadeandalucia.es\/ceipvalerianolopez\/files\/2022\/11\/315225184_526990499439263_1718579130490009376_n.jpg 1440w\" sizes=\"(max-width: 300px) 100vw, 300px\" \/> <img loading=\"lazy\" decoding=\"async\" class=\"aligncenter size-medium wp-image-2685\" src=\"https:\/\/blogsaverroes.juntadeandalucia.es\/ceipvalerianolopez\/files\/2022\/11\/315247887_526990502772596_4904904619588371429_n-300x300.jpg\" alt=\"\" width=\"300\" height=\"300\" srcset=\"https:\/\/blogsaverroes.juntadeandalucia.es\/ceipvalerianolopez\/files\/2022\/11\/315247887_526990502772596_4904904619588371429_n-300x300.jpg 300w, https:\/\/blogsaverroes.juntadeandalucia.es\/ceipvalerianolopez\/files\/2022\/11\/315247887_526990502772596_4904904619588371429_n-1024x1024.jpg 1024w, https:\/\/blogsaverroes.juntadeandalucia.es\/ceipvalerianolopez\/files\/2022\/11\/315247887_526990502772596_4904904619588371429_n-150x150.jpg 150w, https:\/\/blogsaverroes.juntadeandalucia.es\/ceipvalerianolopez\/files\/2022\/11\/315247887_526990502772596_4904904619588371429_n-768x768.jpg 768w, https:\/\/blogsaverroes.juntadeandalucia.es\/ceipvalerianolopez\/files\/2022\/11\/315247887_526990502772596_4904904619588371429_n-246x246.jpg 246w, https:\/\/blogsaverroes.juntadeandalucia.es\/ceipvalerianolopez\/files\/2022\/11\/315247887_526990502772596_4904904619588371429_n-520x520.jpg 520w, https:\/\/blogsaverroes.juntadeandalucia.es\/ceipvalerianolopez\/files\/2022\/11\/315247887_526990502772596_4904904619588371429_n-185x185.jpg 185w, https:\/\/blogsaverroes.juntadeandalucia.es\/ceipvalerianolopez\/files\/2022\/11\/315247887_526990502772596_4904904619588371429_n-220x220.jpg 220w, https:\/\/blogsaverroes.juntadeandalucia.es\/ceipvalerianolopez\/files\/2022\/11\/315247887_526990502772596_4904904619588371429_n-60x60.jpg 60w, https:\/\/blogsaverroes.juntadeandalucia.es\/ceipvalerianolopez\/files\/2022\/11\/315247887_526990502772596_4904904619588371429_n-384x384.jpg 384w, https:\/\/blogsaverroes.juntadeandalucia.es\/ceipvalerianolopez\/files\/2022\/11\/315247887_526990502772596_4904904619588371429_n.jpg 1440w\" sizes=\"(max-width: 300px) 100vw, 300px\" \/><\/div>\n<\/div>\n<div dir=\"auto\">&nbsp;<\/div>\n","protected":false},"excerpt":{"rendered":"<p>Gracias a los programas ALDEA y PROA+, este curso empezamos nuestro proyecto de Huerto Escolar. Un huerto escolar es un terreno que puede tener distintas&hellip;<\/p>\n","protected":false},"author":8377,"featured_media":2684,"comment_status":"closed","ping_status":"closed","sticky":false,"template":"","format":"standard","meta":{"ngg_post_thumbnail":0,"footnotes":""},"categories":[217183,33096,2312464],"tags":[2312490,2312465],"aioseo_notices":[],"_links":{"self":[{"href":"https:\/\/blogsaverroes.juntadeandalucia.es\/ceipvalerianolopez\/wp-json\/wp\/v2\/posts\/2683"}],"collection":[{"href":"https:\/\/blogsaverroes.juntadeandalucia.es\/ceipvalerianolopez\/wp-json\/wp\/v2\/posts"}],"about":[{"href":"https:\/\/blogsaverroes.juntadeandalucia.es\/ceipvalerianolopez\/wp-json\/wp\/v2\/types\/post"}],"author":[{"embeddable":true,"href":"https:\/\/blogsaverroes.juntadeandalucia.es\/ceipvalerianolopez\/wp-json\/wp\/v2\/users\/8377"}],"replies":[{"embeddable":true,"href":"https:\/\/blogsaverroes.juntadeandalucia.es\/ceipvalerianolopez\/wp-json\/wp\/v2\/comments?post=2683"}],"version-history":[{"count":1,"href":"https:\/\/blogsaverroes.juntadeandalucia.es\/ceipvalerianolopez\/wp-json\/wp\/v2\/posts\/2683\/revisions"}],"predecessor-version":[{"id":2686,"href":"https:\/\/blogsaverroes.juntadeandalucia.es\/ceipvalerianolopez\/wp-json\/wp\/v2\/posts\/2683\/revisions\/2686"}],"wp:featuredmedia":[{"embeddable":true,"href":"https:\/\/blogsaverroes.juntadeandalucia.es\/ceipvalerianolopez\/wp-json\/wp\/v2\/media\/2684"}],"wp:attachment":[{"href":"https:\/\/blogsaverroes.juntadeandalucia.es\/ceipvalerianolopez\/wp-json\/wp\/v2\/media?parent=2683"}],"wp:term":[{"taxonomy":"category","embeddable":true,"href":"https:\/\/blogsaverroes.juntadeandalucia.es\/ceipvalerianolopez\/wp-json\/wp\/v2\/categories?post=2683"},{"taxonomy":"post_tag","embeddable":true,"href":"https:\/\/blogsaverroes.juntadeandalucia.es\/ceipvalerianolopez\/wp-json\/wp\/v2\/tags?post=2683"}],"curies":[{"name":"wp","href":"https:\/\/api.w.org\/{rel}","templated":true}]}}