{"id":2989,"date":"2022-12-01T18:51:38","date_gmt":"2022-12-01T17:51:38","guid":{"rendered":"https:\/\/blogsaverroes.juntadeandalucia.es\/ceipvalerianolopez\/?p=2989"},"modified":"2022-12-01T19:00:51","modified_gmt":"2022-12-01T18:00:51","slug":"excursion-complejo-la-arana-de-4o-primaria-del-ceip-valeriano-lopez","status":"publish","type":"post","link":"https:\/\/blogsaverroes.juntadeandalucia.es\/ceipvalerianolopez\/excursion-complejo-la-arana-de-4o-primaria-del-ceip-valeriano-lopez\/","title":{"rendered":"Excursi\u00f3n Complejo \u00abLa Ara\u00f1a\u00bb de 4\u00ba Primaria del CEIP Valeriano L\u00f3pez"},"content":{"rendered":"<p><span data-tt=\"{&quot;paragraphStyle&quot;:{&quot;alignment&quot;:4,&quot;style&quot;:0,&quot;writingDirection&quot;:1},&quot;fontHints&quot;:1}\">Excursi\u00f3n de 4\u00ba Primaria del CEIP Valeriano L\u00f3pez al Complejo k\u00e1rstico de La Ara\u00f1a (M\u00e1laga) <\/span><\/p>\n<p><span data-tt=\"{&quot;paragraphStyle&quot;:{&quot;alignment&quot;:4,&quot;writingDirection&quot;:1}}\">Hoy, 1 de diciembre, ha sido el turno de los alumnos de 4\u00ba de Primaria que junto a sus tutoras Cristina y Pilar han realizado la visita al Complejo K\u00e1rstico de La Ara\u00f1a. <\/span><\/p>\n<p><span data-tt=\"{&quot;paragraphStyle&quot;:{&quot;alignment&quot;:4,&quot;writingDirection&quot;:1}}\">Como ya indicamos en la excursi\u00f3n anterior, este complejo se localiza en el sector oriental de La Bah\u00eda de M\u00e1laga, y cuenta con una de las mayores y mejores concentraciones de yacimientos arqueol\u00f3gicos del Pleistoceno Superior de la franja costera de Andaluc\u00eda.<\/span><\/p>\n<p><span data-tt=\"{&quot;paragraphStyle&quot;:{&quot;alignment&quot;:4,&quot;writingDirection&quot;:1}}\">Ha sido un d\u00eda emocionante desde primera hora de la ma\u00f1ana donde los alumnos han podido disfrutar del complejo arqueol\u00f3gico y de todo su entorno.<\/span><\/p>\n<p>Os dejamos con una galer\u00eda de im\u00e1genes:<\/p>\nngg_shortcode_0_placeholder\n<p>&nbsp;<\/p>\n","protected":false},"excerpt":{"rendered":"<p>Excursi\u00f3n de 4\u00ba Primaria del CEIP Valeriano L\u00f3pez al Complejo k\u00e1rstico de La Ara\u00f1a (M\u00e1laga) Hoy, 1 de diciembre, ha sido el turno de los&hellip;<\/p>\n","protected":false},"author":8377,"featured_media":3019,"comment_status":"closed","ping_status":"closed","sticky":false,"template":"","format":"standard","meta":{"ngg_post_thumbnail":0,"footnotes":""},"categories":[597],"tags":[2312492],"aioseo_notices":[],"_links":{"self":[{"href":"https:\/\/blogsaverroes.juntadeandalucia.es\/ceipvalerianolopez\/wp-json\/wp\/v2\/posts\/2989"}],"collection":[{"href":"https:\/\/blogsaverroes.juntadeandalucia.es\/ceipvalerianolopez\/wp-json\/wp\/v2\/posts"}],"about":[{"href":"https:\/\/blogsaverroes.juntadeandalucia.es\/ceipvalerianolopez\/wp-json\/wp\/v2\/types\/post"}],"author":[{"embeddable":true,"href":"https:\/\/blogsaverroes.juntadeandalucia.es\/ceipvalerianolopez\/wp-json\/wp\/v2\/users\/8377"}],"replies":[{"embeddable":true,"href":"https:\/\/blogsaverroes.juntadeandalucia.es\/ceipvalerianolopez\/wp-json\/wp\/v2\/comments?post=2989"}],"version-history":[{"count":2,"href":"https:\/\/blogsaverroes.juntadeandalucia.es\/ceipvalerianolopez\/wp-json\/wp\/v2\/posts\/2989\/revisions"}],"predecessor-version":[{"id":3018,"href":"https:\/\/blogsaverroes.juntadeandalucia.es\/ceipvalerianolopez\/wp-json\/wp\/v2\/posts\/2989\/revisions\/3018"}],"wp:featuredmedia":[{"embeddable":true,"href":"https:\/\/blogsaverroes.juntadeandalucia.es\/ceipvalerianolopez\/wp-json\/wp\/v2\/media\/3019"}],"wp:attachment":[{"href":"https:\/\/blogsaverroes.juntadeandalucia.es\/ceipvalerianolopez\/wp-json\/wp\/v2\/media?parent=2989"}],"wp:term":[{"taxonomy":"category","embeddable":true,"href":"https:\/\/blogsaverroes.juntadeandalucia.es\/ceipvalerianolopez\/wp-json\/wp\/v2\/categories?post=2989"},{"taxonomy":"post_tag","embeddable":true,"href":"https:\/\/blogsaverroes.juntadeandalucia.es\/ceipvalerianolopez\/wp-json\/wp\/v2\/tags?post=2989"}],"curies":[{"name":"wp","href":"https:\/\/api.w.org\/{rel}","templated":true}]}}