{"id":3033,"date":"2022-11-29T22:00:38","date_gmt":"2022-11-29T21:00:38","guid":{"rendered":"https:\/\/blogsaverroes.juntadeandalucia.es\/ceipvalerianolopez\/?p=3033"},"modified":"2022-12-03T22:16:54","modified_gmt":"2022-12-03T21:16:54","slug":"stop-violencia-de-genero","status":"publish","type":"post","link":"https:\/\/blogsaverroes.juntadeandalucia.es\/ceipvalerianolopez\/stop-violencia-de-genero\/","title":{"rendered":"STOP VIOLENCIA DE GENERO"},"content":{"rendered":"<div dir=\"auto\" style=\"text-align: center\"><strong>STOP VIOLENCIA DE GENERO<\/strong><\/div>\n<div dir=\"auto\" style=\"text-align: justify\">&nbsp;<\/div>\n<div dir=\"auto\" style=\"text-align: justify\">El pasado 25 de noviembre , con motivo del d\u00eda contra la violencia de g\u00e9nero , nuestro claustro realiz\u00f3 una serie de actividades para sensibilizar y prevenir la violencia de g\u00e9nero. As\u00ed las actividades que realizamos fueron las siguientes :<\/div>\n<div dir=\"auto\" style=\"text-align: justify\">&nbsp;<\/div>\n<div dir=\"auto\" style=\"text-align: justify\">En el ciclo de infantil &nbsp;realiz\u00f3 Visionado del videocuento: \u201cEl ni\u00f1o que no quer\u00eda ser azul y la ni\u00f1a que no quer\u00eda ser rosa\u201d, &nbsp;Tras la visualizaci\u00f3n de v\u00eddeo cuento el alumnado de Educaci\u00f3n Infantil &nbsp;dibuj\u00f3 &nbsp;de distintos colores a ni\u00f1os y ni\u00f1as realizando actividades que no sigan estereotipos sexistas (ni\u00f1os realizando actividades que se han considerado de ni\u00f1as y viceversa).&nbsp;<\/div>\n<div dir=\"auto\"><img loading=\"lazy\" decoding=\"async\" class=\"aligncenter size-medium wp-image-3038\" src=\"https:\/\/blogsaverroes.juntadeandalucia.es\/ceipvalerianolopez\/files\/2022\/12\/20909778-b782-4502-a080-d3e0f8b80da5-300x225.jpg\" alt=\"\" width=\"300\" height=\"225\" srcset=\"https:\/\/blogsaverroes.juntadeandalucia.es\/ceipvalerianolopez\/files\/2022\/12\/20909778-b782-4502-a080-d3e0f8b80da5-300x225.jpg 300w, https:\/\/blogsaverroes.juntadeandalucia.es\/ceipvalerianolopez\/files\/2022\/12\/20909778-b782-4502-a080-d3e0f8b80da5-768x576.jpg 768w, https:\/\/blogsaverroes.juntadeandalucia.es\/ceipvalerianolopez\/files\/2022\/12\/20909778-b782-4502-a080-d3e0f8b80da5.jpg 1024w\" sizes=\"(max-width: 300px) 100vw, 300px\" \/><\/div>\n<div dir=\"auto\" style=\"text-align: justify\">&nbsp;<\/div>\n<div dir=\"auto\" style=\"text-align: justify\">En el primer ciclo Trabajaron &nbsp;el videocuento \u201cYo voy conmigo\u201d &nbsp;despu\u00e9s se reflexion\u00f3 &nbsp;sobre el mismo &nbsp;para a continuaci\u00f3n, realizar un dibujo del cuento en que presentaron a la protagonista del cuento, resaltando aquellos rasgos f\u00edsicos que consideren m\u00e1s importantes o que les llamen la atenci\u00f3n.&nbsp;<\/div>\n<div dir=\"auto\">&nbsp;<\/div>\n<div dir=\"auto\" style=\"text-align: justify\"><img loading=\"lazy\" decoding=\"async\" class=\"aligncenter size-medium wp-image-3036\" src=\"https:\/\/blogsaverroes.juntadeandalucia.es\/ceipvalerianolopez\/files\/2022\/12\/cd08337e-9278-4f62-8b98-b53dbfde142e-300x225.jpg\" alt=\"\" width=\"300\" height=\"225\" srcset=\"https:\/\/blogsaverroes.juntadeandalucia.es\/ceipvalerianolopez\/files\/2022\/12\/cd08337e-9278-4f62-8b98-b53dbfde142e-300x225.jpg 300w, https:\/\/blogsaverroes.juntadeandalucia.es\/ceipvalerianolopez\/files\/2022\/12\/cd08337e-9278-4f62-8b98-b53dbfde142e-768x576.jpg 768w, https:\/\/blogsaverroes.juntadeandalucia.es\/ceipvalerianolopez\/files\/2022\/12\/cd08337e-9278-4f62-8b98-b53dbfde142e.jpg 1024w\" sizes=\"(max-width: 300px) 100vw, 300px\" \/><\/div>\n<div dir=\"auto\" style=\"text-align: justify\">En el segundo ciclo trabajaron &nbsp;el videocuento \u00bfHAY ALGO M\u00c1S ABURRIDO QUE SER UNA PRINCESA ROSA &nbsp;Al finalizar el mismo establecieron un peque\u00f1o debate con el &nbsp;alumnado sobre el papel de las princesas y despu\u00e9s colorean un &nbsp;dibujo una princesa del color que ellos quieran.<\/div>\n<div dir=\"auto\"><img loading=\"lazy\" decoding=\"async\" class=\"aligncenter size-medium wp-image-3039\" src=\"https:\/\/blogsaverroes.juntadeandalucia.es\/ceipvalerianolopez\/files\/2022\/12\/34271310-2324-4dee-927d-a31e9bd19b55-300x225.jpg\" alt=\"\" width=\"300\" height=\"225\" srcset=\"https:\/\/blogsaverroes.juntadeandalucia.es\/ceipvalerianolopez\/files\/2022\/12\/34271310-2324-4dee-927d-a31e9bd19b55-300x225.jpg 300w, https:\/\/blogsaverroes.juntadeandalucia.es\/ceipvalerianolopez\/files\/2022\/12\/34271310-2324-4dee-927d-a31e9bd19b55-768x576.jpg 768w, https:\/\/blogsaverroes.juntadeandalucia.es\/ceipvalerianolopez\/files\/2022\/12\/34271310-2324-4dee-927d-a31e9bd19b55.jpg 1024w\" sizes=\"(max-width: 300px) 100vw, 300px\" \/><\/div>\n<div dir=\"auto\" style=\"text-align: justify\">&nbsp;<\/div>\n<div dir=\"auto\" style=\"text-align: justify\">En el tercer ciclo trabajamos la &nbsp;visualizaci\u00f3n y la audici\u00f3n de la letra de la canci\u00f3n &nbsp;\u201c D\u00e9jala que baile\u201d de Melendi y Alejandro Sanz, posteriormente establecimos un di\u00e1logo- debate con el alumnado comentado el contenido de la letra, a continuaci\u00f3n &nbsp; el alumnado de 5\u00ba y 6\u00ba, ilustr\u00f3 &nbsp;las letras de la canci\u00f3n.<\/div>\n<div dir=\"auto\"><img loading=\"lazy\" decoding=\"async\" class=\"aligncenter size-medium wp-image-3040\" src=\"https:\/\/blogsaverroes.juntadeandalucia.es\/ceipvalerianolopez\/files\/2022\/12\/7cdba208-3197-4f69-886b-92f3538b9f4b-300x225.jpg\" alt=\"\" width=\"300\" height=\"225\" srcset=\"https:\/\/blogsaverroes.juntadeandalucia.es\/ceipvalerianolopez\/files\/2022\/12\/7cdba208-3197-4f69-886b-92f3538b9f4b-300x225.jpg 300w, https:\/\/blogsaverroes.juntadeandalucia.es\/ceipvalerianolopez\/files\/2022\/12\/7cdba208-3197-4f69-886b-92f3538b9f4b-768x576.jpg 768w, https:\/\/blogsaverroes.juntadeandalucia.es\/ceipvalerianolopez\/files\/2022\/12\/7cdba208-3197-4f69-886b-92f3538b9f4b.jpg 1024w\" sizes=\"(max-width: 300px) 100vw, 300px\" \/><\/div>\n<div dir=\"auto\">&nbsp;<\/div>\n","protected":false},"excerpt":{"rendered":"<p>STOP VIOLENCIA DE GENERO &nbsp; El pasado 25 de noviembre , con motivo del d\u00eda contra la violencia de g\u00e9nero , nuestro claustro realiz\u00f3 una&hellip;<\/p>\n","protected":false},"author":8377,"featured_media":3034,"comment_status":"closed","ping_status":"closed","sticky":false,"template":"","format":"standard","meta":{"ngg_post_thumbnail":0,"footnotes":""},"categories":[3253,33096],"tags":[3253],"aioseo_notices":[],"_links":{"self":[{"href":"https:\/\/blogsaverroes.juntadeandalucia.es\/ceipvalerianolopez\/wp-json\/wp\/v2\/posts\/3033"}],"collection":[{"href":"https:\/\/blogsaverroes.juntadeandalucia.es\/ceipvalerianolopez\/wp-json\/wp\/v2\/posts"}],"about":[{"href":"https:\/\/blogsaverroes.juntadeandalucia.es\/ceipvalerianolopez\/wp-json\/wp\/v2\/types\/post"}],"author":[{"embeddable":true,"href":"https:\/\/blogsaverroes.juntadeandalucia.es\/ceipvalerianolopez\/wp-json\/wp\/v2\/users\/8377"}],"replies":[{"embeddable":true,"href":"https:\/\/blogsaverroes.juntadeandalucia.es\/ceipvalerianolopez\/wp-json\/wp\/v2\/comments?post=3033"}],"version-history":[{"count":2,"href":"https:\/\/blogsaverroes.juntadeandalucia.es\/ceipvalerianolopez\/wp-json\/wp\/v2\/posts\/3033\/revisions"}],"predecessor-version":[{"id":3041,"href":"https:\/\/blogsaverroes.juntadeandalucia.es\/ceipvalerianolopez\/wp-json\/wp\/v2\/posts\/3033\/revisions\/3041"}],"wp:featuredmedia":[{"embeddable":true,"href":"https:\/\/blogsaverroes.juntadeandalucia.es\/ceipvalerianolopez\/wp-json\/wp\/v2\/media\/3034"}],"wp:attachment":[{"href":"https:\/\/blogsaverroes.juntadeandalucia.es\/ceipvalerianolopez\/wp-json\/wp\/v2\/media?parent=3033"}],"wp:term":[{"taxonomy":"category","embeddable":true,"href":"https:\/\/blogsaverroes.juntadeandalucia.es\/ceipvalerianolopez\/wp-json\/wp\/v2\/categories?post=3033"},{"taxonomy":"post_tag","embeddable":true,"href":"https:\/\/blogsaverroes.juntadeandalucia.es\/ceipvalerianolopez\/wp-json\/wp\/v2\/tags?post=3033"}],"curies":[{"name":"wp","href":"https:\/\/api.w.org\/{rel}","templated":true}]}}