{"id":3237,"date":"2023-02-09T19:41:01","date_gmt":"2023-02-09T18:41:01","guid":{"rendered":"https:\/\/blogsaverroes.juntadeandalucia.es\/ceipvalerianolopez\/?p=3237"},"modified":"2023-02-18T19:42:16","modified_gmt":"2023-02-18T18:42:16","slug":"taller-de-ajedrez-en-2o-de-primaria","status":"publish","type":"post","link":"https:\/\/blogsaverroes.juntadeandalucia.es\/ceipvalerianolopez\/taller-de-ajedrez-en-2o-de-primaria\/","title":{"rendered":"Taller de Ajedrez en 2\u00ba de Primaria"},"content":{"rendered":"<p>Hoy, 9 de febrero, ha finalizado el taller de iniciaci\u00f3n al ajedrez que durante esta semana se ha realizado para el alumnado de 2\u00ba de primaria. Este taller ha sido impartido por Miguel Abril, T\u00e9cnico de la Escuela Municipal de Ajedrez de Estepona.<\/p>\n<p>Queremos felicitar al&nbsp;<a class=\"x1i10hfl xjbqb8w x6umtig x1b1mbwd xaqea5y xav7gou x9f619 x1ypdohk xt0psk2 xe8uvvx xdj266r x11i5rnm xat24cr x1mh8g0r xexx8yu x4uap5 x18d9i69 xkhd6sd x16tdsg8 x1hl2dhg xggy1nq x1a2a7pz xt0b8zv x1fey0fg\" role=\"link\" href=\"https:\/\/l.facebook.com\/l.php?u=https%3A%2F%2Fwww.instagram.com%2F_u%2Faytoestepona%3Ffbclid%3DIwAR1WBWxgAVx-YxGMaeSkg3Ni7IxbnyNfP78lNLDQVjVUlXRsr521J-3023Q&amp;h=AT3QqOfhks_Xg9f5k1nY3kTFLM2JJIN9JsYXITu5cJYT_yMAJbLWAVTsuoB0PwW9mxtSO2NDs_lxuzGYFlf0agtiIKE2-Wvm3jmezGHSYlE2TajdyFKCLe4xfsIpuj-y4y3u&amp;__tn__=-UK*F&amp;c[0]=AT2G1pKwpBVyC_wIFTm7Pmo2n9VZ3Qzwsq_nwelHMjA-zIq3CvZ21fTERSlJx_GdM7j3NXb6j7_6bCH8MLustz4oqJuPB47RmMbsXzANB4FyLoH-pf3Et2tUoSz1yogDcQB0bzIDfFnto5xDQC84mhvEzhdgD7ASFt7j9XiN5XgkeCzmlOjyzlQ4SPPsMd_CFinDh3nDUEYb\" target=\"_blank\" rel=\"nofollow noopener noreferrer\">@aytoestepona<\/a>&nbsp;y en particular a Miguel Abril. M\u00e1s de una d\u00e9cada impartiendo este programa de iniciaci\u00f3n al ajedrez en todos los colegios e institutos del municipio con el objetivo de dar a conocer esta pr\u00e1ctica que cada vez cuenta con m\u00e1s aficionados en Estepona.<\/p>\n<p>En nuestro centro apostamos por la implantaci\u00f3n y fomento de la pr\u00e1ctica del ajedrez en los centros educativos y su promoci\u00f3n como deporte. Contamos a su vez con el programa de&nbsp;<a class=\"x1i10hfl xjbqb8w x6umtig x1b1mbwd xaqea5y xav7gou x9f619 x1ypdohk xt0psk2 xe8uvvx xdj266r x11i5rnm xat24cr x1mh8g0r xexx8yu x4uap5 x18d9i69 xkhd6sd x16tdsg8 x1hl2dhg xggy1nq x1a2a7pz xt0b8zv xzsf02u x1s688f\" role=\"link\" href=\"https:\/\/www.facebook.com\/hashtag\/auladjaque?__eep__=6&amp;__cft__[0]=AZXOnOoqvWkNS7_x2sXiVUdEpyXJhoWNRzL_6uvY-s5tcD0CX10mTqr3tgBzc3QqNKt-m4Gl-3F_2iZFUT0r-Dj-RoHkRbj5J8OoK0GM7eY6rW9ztaR0t_vnaXEzgdGEt-Rpy7EFao5Ck3LWPW52XWA9GVYvzpN6DgCNAjVpHPSHCbXM6HI0BRoogCs5-eKFGGo&amp;__tn__=*NK*F\">#auladjaque<\/a><span class=\"x3nfvp2 x1j61x8r x1fcty0u xdj266r xhhsvwb xat24cr xgzva0m xxymvpz xlup9mm x1kky2od\"><img loading=\"lazy\" decoding=\"async\" src=\"https:\/\/static.xx.fbcdn.net\/images\/emoji.php\/v9\/tbe\/1\/16\/265f.png\" alt=\"\u265f\" width=\"16\" height=\"16\"><\/span>, coordinado por el profe Lucas, y con un n\u00famero elevado de alumnos aficionados a este deporte mental, divertido, saludable y que puede ser practicado por personas de todas las edades.<\/p>\n<p><img loading=\"lazy\" decoding=\"async\" class=\"aligncenter size-medium wp-image-3238\" src=\"https:\/\/blogsaverroes.juntadeandalucia.es\/ceipvalerianolopez\/files\/2023\/02\/Taller-de-Ajedrez-en-2\u00ba-de-Primaria-300x300.jpg\" alt=\"\" width=\"300\" height=\"300\" srcset=\"https:\/\/blogsaverroes.juntadeandalucia.es\/ceipvalerianolopez\/files\/2023\/02\/Taller-de-Ajedrez-en-2\u00ba-de-Primaria-300x300.jpg 300w, https:\/\/blogsaverroes.juntadeandalucia.es\/ceipvalerianolopez\/files\/2023\/02\/Taller-de-Ajedrez-en-2\u00ba-de-Primaria-1024x1024.jpg 1024w, https:\/\/blogsaverroes.juntadeandalucia.es\/ceipvalerianolopez\/files\/2023\/02\/Taller-de-Ajedrez-en-2\u00ba-de-Primaria-150x150.jpg 150w, https:\/\/blogsaverroes.juntadeandalucia.es\/ceipvalerianolopez\/files\/2023\/02\/Taller-de-Ajedrez-en-2\u00ba-de-Primaria-768x768.jpg 768w, https:\/\/blogsaverroes.juntadeandalucia.es\/ceipvalerianolopez\/files\/2023\/02\/Taller-de-Ajedrez-en-2\u00ba-de-Primaria-246x246.jpg 246w, https:\/\/blogsaverroes.juntadeandalucia.es\/ceipvalerianolopez\/files\/2023\/02\/Taller-de-Ajedrez-en-2\u00ba-de-Primaria-520x520.jpg 520w, https:\/\/blogsaverroes.juntadeandalucia.es\/ceipvalerianolopez\/files\/2023\/02\/Taller-de-Ajedrez-en-2\u00ba-de-Primaria-185x185.jpg 185w, https:\/\/blogsaverroes.juntadeandalucia.es\/ceipvalerianolopez\/files\/2023\/02\/Taller-de-Ajedrez-en-2\u00ba-de-Primaria-220x220.jpg 220w, https:\/\/blogsaverroes.juntadeandalucia.es\/ceipvalerianolopez\/files\/2023\/02\/Taller-de-Ajedrez-en-2\u00ba-de-Primaria-60x60.jpg 60w, https:\/\/blogsaverroes.juntadeandalucia.es\/ceipvalerianolopez\/files\/2023\/02\/Taller-de-Ajedrez-en-2\u00ba-de-Primaria-384x384.jpg 384w, https:\/\/blogsaverroes.juntadeandalucia.es\/ceipvalerianolopez\/files\/2023\/02\/Taller-de-Ajedrez-en-2\u00ba-de-Primaria.jpg 1440w\" sizes=\"(max-width: 300px) 100vw, 300px\" \/><\/p>\n","protected":false},"excerpt":{"rendered":"<p>Hoy, 9 de febrero, ha finalizado el taller de iniciaci\u00f3n al ajedrez que durante esta semana se ha realizado para el alumnado de 2\u00ba de&hellip;<\/p>\n","protected":false},"author":8377,"featured_media":3238,"comment_status":"closed","ping_status":"closed","sticky":false,"template":"","format":"standard","meta":{"ngg_post_thumbnail":0,"footnotes":""},"categories":[2309854,1029588,33096],"tags":[995],"aioseo_notices":[],"_links":{"self":[{"href":"https:\/\/blogsaverroes.juntadeandalucia.es\/ceipvalerianolopez\/wp-json\/wp\/v2\/posts\/3237"}],"collection":[{"href":"https:\/\/blogsaverroes.juntadeandalucia.es\/ceipvalerianolopez\/wp-json\/wp\/v2\/posts"}],"about":[{"href":"https:\/\/blogsaverroes.juntadeandalucia.es\/ceipvalerianolopez\/wp-json\/wp\/v2\/types\/post"}],"author":[{"embeddable":true,"href":"https:\/\/blogsaverroes.juntadeandalucia.es\/ceipvalerianolopez\/wp-json\/wp\/v2\/users\/8377"}],"replies":[{"embeddable":true,"href":"https:\/\/blogsaverroes.juntadeandalucia.es\/ceipvalerianolopez\/wp-json\/wp\/v2\/comments?post=3237"}],"version-history":[{"count":1,"href":"https:\/\/blogsaverroes.juntadeandalucia.es\/ceipvalerianolopez\/wp-json\/wp\/v2\/posts\/3237\/revisions"}],"predecessor-version":[{"id":3239,"href":"https:\/\/blogsaverroes.juntadeandalucia.es\/ceipvalerianolopez\/wp-json\/wp\/v2\/posts\/3237\/revisions\/3239"}],"wp:featuredmedia":[{"embeddable":true,"href":"https:\/\/blogsaverroes.juntadeandalucia.es\/ceipvalerianolopez\/wp-json\/wp\/v2\/media\/3238"}],"wp:attachment":[{"href":"https:\/\/blogsaverroes.juntadeandalucia.es\/ceipvalerianolopez\/wp-json\/wp\/v2\/media?parent=3237"}],"wp:term":[{"taxonomy":"category","embeddable":true,"href":"https:\/\/blogsaverroes.juntadeandalucia.es\/ceipvalerianolopez\/wp-json\/wp\/v2\/categories?post=3237"},{"taxonomy":"post_tag","embeddable":true,"href":"https:\/\/blogsaverroes.juntadeandalucia.es\/ceipvalerianolopez\/wp-json\/wp\/v2\/tags?post=3237"}],"curies":[{"name":"wp","href":"https:\/\/api.w.org\/{rel}","templated":true}]}}