{"id":3490,"date":"2023-10-11T15:18:04","date_gmt":"2023-10-11T13:18:04","guid":{"rendered":"https:\/\/blogsaverroes.juntadeandalucia.es\/ceipvalerianolopez\/?p=3490"},"modified":"2023-10-22T15:19:48","modified_gmt":"2023-10-22T13:19:48","slug":"escuela-de-familias-estepona-23-24","status":"publish","type":"post","link":"https:\/\/blogsaverroes.juntadeandalucia.es\/ceipvalerianolopez\/escuela-de-familias-estepona-23-24\/","title":{"rendered":"ESCUELA DE FAMILIAS ESTEPONA 23\/24"},"content":{"rendered":"<p><strong>ESCUELA DE FAMILIAS ESTEPONA 23\/24<\/strong><br \/>\n<img loading=\"lazy\" decoding=\"async\" class=\"aligncenter size-medium wp-image-3491\" src=\"https:\/\/blogsaverroes.juntadeandalucia.es\/ceipvalerianolopez\/files\/2023\/10\/escuela-de-familias-300x212.jpg\" alt=\"\" width=\"300\" height=\"212\" srcset=\"https:\/\/blogsaverroes.juntadeandalucia.es\/ceipvalerianolopez\/files\/2023\/10\/escuela-de-familias-300x212.jpg 300w, https:\/\/blogsaverroes.juntadeandalucia.es\/ceipvalerianolopez\/files\/2023\/10\/escuela-de-familias-1024x724.jpg 1024w, https:\/\/blogsaverroes.juntadeandalucia.es\/ceipvalerianolopez\/files\/2023\/10\/escuela-de-familias-768x543.jpg 768w, https:\/\/blogsaverroes.juntadeandalucia.es\/ceipvalerianolopez\/files\/2023\/10\/escuela-de-familias.jpg 1440w\" sizes=\"(max-width: 300px) 100vw, 300px\" \/><br \/>\nEl Ayto de Estepona ha preparado un ciclo de conferencias muy interesantes para cualquier miembros de las diferentes comunidades educativas de Estepona.<\/p>\n<p>Os dejamos el cartel anunciado con la informaci\u00f3n para las inscripciones.<\/p>\n<p>TALLERES Y FECHAS<\/p>\n<p>1. \u00bfC\u00f3mo actuamos frente a los problemas o dificultades con nuestros hijos? 06\/11\/23<br \/>\n2. Reducir y controlar la tensi\u00f3n emocional. 13\/11\/23<br \/>\n3. C\u00f3mo manejar las normas de familia. 20\/11\/23<br \/>\n4. Comunicaci\u00f3n en la familia 27\/11\/23<br \/>\n5. Aprender a resolver conflictos 11\/12\/23<br \/>\n6. Autoestima y habilidades sociales 18\/12\/23<br \/>\n7. Educar en inteligencia emocional 22\/01\/24<br \/>\n8. Adolescencia: pautas de actuaci\u00f3n familiar 29\/01\/24<br \/>\n9. H\u00e1bitos saludables en uso de redes sociales y nuevas tecnolog\u00edas 05\/02\/24<br \/>\n10. Informarse de lo que son las drogas y sus efectos sobre el organismo 12\/02\/24<\/p>\n<p>DESTINATARIOS<br \/>\n* Padres, madres, familiares y educadores en general.<br \/>\n* Interesados en aprender sobre tem\u00e1ticas comunes y b\u00e1sicas en el proceso madurativo y la educaci\u00f3n de la persona.<\/p>\n<p>LUGAR: Centro Cultural Padre Manuel<br \/>\nHORARIO: lunes programados de 17:00 a 19:00 horas<br \/>\nCONTACTO E INSCRIPCIONES: 952775353 o 695192835<br \/>\ncontacto@horizonteproyectohombre.org o en animacion@estepona.es<\/p>\n<p>Programa totalmente gratuito, subvencionado por Provecto Hombre Marbella y que organiza el Ayuntamiento de Estepona.<\/p>\n","protected":false},"excerpt":{"rendered":"<p>ESCUELA DE FAMILIAS ESTEPONA 23\/24 El Ayto de Estepona ha preparado un ciclo de conferencias muy interesantes para cualquier miembros de las diferentes comunidades educativas&hellip;<\/p>\n","protected":false},"author":8377,"featured_media":3491,"comment_status":"closed","ping_status":"closed","sticky":false,"template":"","format":"standard","meta":{"ngg_post_thumbnail":0,"footnotes":""},"categories":[2312418],"tags":[],"aioseo_notices":[],"_links":{"self":[{"href":"https:\/\/blogsaverroes.juntadeandalucia.es\/ceipvalerianolopez\/wp-json\/wp\/v2\/posts\/3490"}],"collection":[{"href":"https:\/\/blogsaverroes.juntadeandalucia.es\/ceipvalerianolopez\/wp-json\/wp\/v2\/posts"}],"about":[{"href":"https:\/\/blogsaverroes.juntadeandalucia.es\/ceipvalerianolopez\/wp-json\/wp\/v2\/types\/post"}],"author":[{"embeddable":true,"href":"https:\/\/blogsaverroes.juntadeandalucia.es\/ceipvalerianolopez\/wp-json\/wp\/v2\/users\/8377"}],"replies":[{"embeddable":true,"href":"https:\/\/blogsaverroes.juntadeandalucia.es\/ceipvalerianolopez\/wp-json\/wp\/v2\/comments?post=3490"}],"version-history":[{"count":1,"href":"https:\/\/blogsaverroes.juntadeandalucia.es\/ceipvalerianolopez\/wp-json\/wp\/v2\/posts\/3490\/revisions"}],"predecessor-version":[{"id":3492,"href":"https:\/\/blogsaverroes.juntadeandalucia.es\/ceipvalerianolopez\/wp-json\/wp\/v2\/posts\/3490\/revisions\/3492"}],"wp:featuredmedia":[{"embeddable":true,"href":"https:\/\/blogsaverroes.juntadeandalucia.es\/ceipvalerianolopez\/wp-json\/wp\/v2\/media\/3491"}],"wp:attachment":[{"href":"https:\/\/blogsaverroes.juntadeandalucia.es\/ceipvalerianolopez\/wp-json\/wp\/v2\/media?parent=3490"}],"wp:term":[{"taxonomy":"category","embeddable":true,"href":"https:\/\/blogsaverroes.juntadeandalucia.es\/ceipvalerianolopez\/wp-json\/wp\/v2\/categories?post=3490"},{"taxonomy":"post_tag","embeddable":true,"href":"https:\/\/blogsaverroes.juntadeandalucia.es\/ceipvalerianolopez\/wp-json\/wp\/v2\/tags?post=3490"}],"curies":[{"name":"wp","href":"https:\/\/api.w.org\/{rel}","templated":true}]}}