{"id":35,"date":"2016-04-25T08:11:00","date_gmt":"2016-04-25T08:11:00","guid":{"rendered":"https:\/\/blogsaverroes.juntadeandalucia.es\/pre\/ceipvalerianolopez\/2016\/04\/25\/marcha-solidaria-caritas-2016\/"},"modified":"2016-04-25T08:11:00","modified_gmt":"2016-04-25T08:11:00","slug":"marcha-solidaria-caritas-2016","status":"publish","type":"post","link":"https:\/\/blogsaverroes.juntadeandalucia.es\/ceipvalerianolopez\/marcha-solidaria-caritas-2016\/","title":{"rendered":"Marcha solidaria C\u00e1ritas 2016"},"content":{"rendered":"<div style=\"text-align: justify\">&nbsp; &nbsp; &nbsp; &nbsp; &nbsp; &nbsp; &nbsp; &nbsp;&nbsp;El pasado s\u00e1bado 23 se realiz\u00f3 la Marcha Solidaria de C\u00e1ritas en la que nuestro colegio era part\u00edcipe. Os dejamos las im\u00e1genes tanto de las pancartas realizadas por cada una de las clases de nuestro centro, (gracias a los maestros por su implicaci\u00f3n) &nbsp;como las im\u00e1genes de la marcha Solidaria en la que, tras un paseo por las calles de nuestro pueblo y llegados a la residencia de ancianos, se nos inform\u00f3 que la recaudaci\u00f3n obtenida por todos los centros educativos de Estepona ha sido superior a los 15.000 euros (5.000 euros m\u00e1s que el a\u00f1o anterior). Tras esto, se procedi\u00f3 a la entrega de premios de redacci\u00f3n, dibujo y pancartas. Nuestras alumnas <b>Alejandra Gal\u00e1n<\/b> (4\u00baA) y <b>Naiara Navarro<\/b> (2\u00baB) recibieron los premios a mejor redacci\u00f3n y mejor dibujo respectivamente, adem\u00e1s de recibir menci\u00f3n especial por sus redacciones <b>Daniel Tokarenko<\/b> (3\u00baA) y <b>Daniela Llavero<\/b>(3\u00baC). <\/div>\n<div style=\"text-align: justify\"><\/div>\n<div style=\"text-align: justify\">&nbsp;&nbsp;&nbsp;&nbsp;&nbsp;&nbsp;&nbsp;&nbsp;&nbsp;&nbsp;&nbsp;&nbsp;&nbsp;&nbsp;&nbsp; Tras la entrega de premios, se produjo el sorteo de balones de baloncesto y f\u00fatbol as\u00ed como de la bicileta de monta\u00f1a para los asistentes, en el que nuestras alumnas <b>Elisa Bonetti<\/b> (4\u00baA) y <b>Adriana Gil<\/b> (3\u00baB) consiguieron un bal\u00f3n cada una. <\/div>\n<div style=\"text-align: justify\"><\/div>\n<div style=\"text-align: justify\">&nbsp;&nbsp;&nbsp;&nbsp;&nbsp;&nbsp;&nbsp;&nbsp;&nbsp;&nbsp;&nbsp;&nbsp;&nbsp;&nbsp;&nbsp; Este a\u00f1o tampoco pudimos llevarnos el premio a la mejor pancarta ni a la clase con mayor r&nbsp;&nbsp;&nbsp;&nbsp; ecaudaci\u00f3n (a pesar de haber duplicado la recaudaci\u00f3n del a\u00f1o pasado), aunque desde el centro y por iniciativa del maestro Jose, se premiar\u00e1 a la clase que haya obtenido mayor recaudaci\u00f3n con un diploma para la clase y una sesi\u00f3n de \u00abcine\u00bb escolar &nbsp;el martes 26. En este caso las clases con mayor recaudaci\u00f3n ha sido en tercer lugar la clase de 4 a\u00f1os B (107,20\u20ac), en segundo lugar la clase de 3\u00baA (167,76\u20ac) y en primer lugar la clase de 4\u00baA (185,27\u20ac).<\/div>\n<div style=\"text-align: justify\"><\/div>\n<p><\/p>\n<div style=\"text-align: justify\">&nbsp;&nbsp;&nbsp;&nbsp;&nbsp;&nbsp;&nbsp;&nbsp;&nbsp;&nbsp;&nbsp;&nbsp;&nbsp;&nbsp;&nbsp; Muchas gracias por vuestra colaboraci\u00f3n y por acompa\u00f1arnos un a\u00f1o m\u00e1s a la directora, a la se\u00f1o Manoli y a m\u00ed en esta marcha por la solidaridad. GRACIAS de parte de C\u00e1ritas Estepona y del profe Jose.<\/p>\n<p><\/div>\n<p><embed type=\"application\/x-shockwave-flash\" src=\"https:\/\/photos.gstatic.com\/media\/slideshow.swf\" width=\"500\" height=\"350\" flashvars=\"host=picasaweb.google.com&amp;hl=es&amp;feat=flashalbum&amp;RGB=0x000000&amp;feed=https%3A%2F%2Fpicasaweb.google.com%2Fdata%2Ffeed%2Fapi%2Fuser%2F105775090595656593004%2Falbumid%2F6277400151031210897%3Falt%3Drss%26kind%3Dphoto%26hl%3Des\" pluginspage=\"http:\/\/www.macromedia.com\/go\/getflashplayer\"><\/embed>\t\t<\/p>\n","protected":false},"excerpt":{"rendered":"<p>&nbsp; &nbsp; &nbsp; &nbsp; &nbsp; &nbsp; &nbsp; &nbsp;&nbsp;El pasado s\u00e1bado 23 se realiz\u00f3 la Marcha Solidaria de C\u00e1ritas en la que nuestro colegio era part\u00edcipe.&hellip;<\/p>\n","protected":false},"author":8377,"featured_media":0,"comment_status":"open","ping_status":"open","sticky":false,"template":"","format":"standard","meta":{"ngg_post_thumbnail":0,"footnotes":""},"categories":[1029588,19],"tags":[749],"aioseo_notices":[],"_links":{"self":[{"href":"https:\/\/blogsaverroes.juntadeandalucia.es\/ceipvalerianolopez\/wp-json\/wp\/v2\/posts\/35"}],"collection":[{"href":"https:\/\/blogsaverroes.juntadeandalucia.es\/ceipvalerianolopez\/wp-json\/wp\/v2\/posts"}],"about":[{"href":"https:\/\/blogsaverroes.juntadeandalucia.es\/ceipvalerianolopez\/wp-json\/wp\/v2\/types\/post"}],"author":[{"embeddable":true,"href":"https:\/\/blogsaverroes.juntadeandalucia.es\/ceipvalerianolopez\/wp-json\/wp\/v2\/users\/8377"}],"replies":[{"embeddable":true,"href":"https:\/\/blogsaverroes.juntadeandalucia.es\/ceipvalerianolopez\/wp-json\/wp\/v2\/comments?post=35"}],"version-history":[{"count":0,"href":"https:\/\/blogsaverroes.juntadeandalucia.es\/ceipvalerianolopez\/wp-json\/wp\/v2\/posts\/35\/revisions"}],"wp:attachment":[{"href":"https:\/\/blogsaverroes.juntadeandalucia.es\/ceipvalerianolopez\/wp-json\/wp\/v2\/media?parent=35"}],"wp:term":[{"taxonomy":"category","embeddable":true,"href":"https:\/\/blogsaverroes.juntadeandalucia.es\/ceipvalerianolopez\/wp-json\/wp\/v2\/categories?post=35"},{"taxonomy":"post_tag","embeddable":true,"href":"https:\/\/blogsaverroes.juntadeandalucia.es\/ceipvalerianolopez\/wp-json\/wp\/v2\/tags?post=35"}],"curies":[{"name":"wp","href":"https:\/\/api.w.org\/{rel}","templated":true}]}}