{"id":3526,"date":"2023-11-11T10:59:22","date_gmt":"2023-11-11T09:59:22","guid":{"rendered":"https:\/\/blogsaverroes.juntadeandalucia.es\/ceipvalerianolopez\/?p=3526"},"modified":"2024-01-14T11:00:55","modified_gmt":"2024-01-14T10:00:55","slug":"charlas-del-plan-director-2","status":"publish","type":"post","link":"https:\/\/blogsaverroes.juntadeandalucia.es\/ceipvalerianolopez\/charlas-del-plan-director-2\/","title":{"rendered":"Charlas del Plan Director"},"content":{"rendered":"<div class=\"xdj266r x11i5rnm xat24cr x1mh8g0r x1vvkbs x126k92a\">\n<div dir=\"auto\">Charlas del Plan Director en el Valeriano L\u00f3pez 23\/24<\/div>\n<\/div>\n<div class=\"x11i5rnm xat24cr x1mh8g0r x1vvkbs xtlvy1s x126k92a\">\n<div dir=\"auto\">Otro de los planes y programas que participamos es el Plan Director para la Convivencia y Mejora de la Seguridad Escolar en los Centros Educativos.<\/div>\n<div dir=\"auto\">Hoy nos han visitado miembros de la Polic\u00eda Nacional adscritos a la Unidad de Participaci\u00f3n Ciudadana de la comisar\u00eda de Estepona. La charla ha sido muy productiva y enriquecedora para el alumnado de sexto de primaria, seguro que ha servido para prevenir ciertos riesgos que afectan a la seguridad y el bienestar de nuestros menores y j\u00f3venes, en la escuela y su entorno (riesgos en internet, bullying, phishing&#8230;).<\/div>\n<div dir=\"auto\">Las actividades que se ofrecen en dicho programa resultan muy \u00fatiles para acercar las Fuerzas de Seguridad a j\u00f3venes y menores, con el objetivo de que aumente su confianza en ellos y que los vean como lo que son: una garant\u00eda de seguridad, a los que pueden acudir siempre que lo necesiten.<\/div>\n<\/div>\n<div class=\"x11i5rnm xat24cr x1mh8g0r x1vvkbs xtlvy1s x126k92a\">\n<div dir=\"auto\">El Plan Director no va dirigido s\u00f3lo al alumnado, sino a toda la comunidad escolar. Por ello, agradecemos la disponibilidad constante de los miembros de las Fuerzas y Cuerpos de Seguridad del Estado para el asesoramiento en los problemas de Convivencia Escolar que puedan surgir a lo largo del curso en el centro educativo.<\/div>\n<div dir=\"auto\"><img loading=\"lazy\" decoding=\"async\" class=\"aligncenter size-medium wp-image-3527\" src=\"https:\/\/blogsaverroes.juntadeandalucia.es\/ceipvalerianolopez\/files\/2024\/01\/Plan-Director-300x300.jpg\" alt=\"\" width=\"300\" height=\"300\" srcset=\"https:\/\/blogsaverroes.juntadeandalucia.es\/ceipvalerianolopez\/files\/2024\/01\/Plan-Director-300x300.jpg 300w, https:\/\/blogsaverroes.juntadeandalucia.es\/ceipvalerianolopez\/files\/2024\/01\/Plan-Director-150x150.jpg 150w, https:\/\/blogsaverroes.juntadeandalucia.es\/ceipvalerianolopez\/files\/2024\/01\/Plan-Director-246x246.jpg 246w, https:\/\/blogsaverroes.juntadeandalucia.es\/ceipvalerianolopez\/files\/2024\/01\/Plan-Director-520x520.jpg 520w, https:\/\/blogsaverroes.juntadeandalucia.es\/ceipvalerianolopez\/files\/2024\/01\/Plan-Director-185x185.jpg 185w, https:\/\/blogsaverroes.juntadeandalucia.es\/ceipvalerianolopez\/files\/2024\/01\/Plan-Director-220x220.jpg 220w, https:\/\/blogsaverroes.juntadeandalucia.es\/ceipvalerianolopez\/files\/2024\/01\/Plan-Director-60x60.jpg 60w, https:\/\/blogsaverroes.juntadeandalucia.es\/ceipvalerianolopez\/files\/2024\/01\/Plan-Director-384x384.jpg 384w, https:\/\/blogsaverroes.juntadeandalucia.es\/ceipvalerianolopez\/files\/2024\/01\/Plan-Director.jpg 526w\" sizes=\"(max-width: 300px) 100vw, 300px\" \/><\/div>\n<\/div>\n","protected":false},"excerpt":{"rendered":"<p>Charlas del Plan Director en el Valeriano L\u00f3pez 23\/24 Otro de los planes y programas que participamos es el Plan Director para la Convivencia y&hellip;<\/p>\n","protected":false},"author":8377,"featured_media":3527,"comment_status":"closed","ping_status":"closed","sticky":false,"template":"","format":"standard","meta":{"ngg_post_thumbnail":0,"footnotes":""},"categories":[32,2312495],"tags":[],"aioseo_notices":[],"_links":{"self":[{"href":"https:\/\/blogsaverroes.juntadeandalucia.es\/ceipvalerianolopez\/wp-json\/wp\/v2\/posts\/3526"}],"collection":[{"href":"https:\/\/blogsaverroes.juntadeandalucia.es\/ceipvalerianolopez\/wp-json\/wp\/v2\/posts"}],"about":[{"href":"https:\/\/blogsaverroes.juntadeandalucia.es\/ceipvalerianolopez\/wp-json\/wp\/v2\/types\/post"}],"author":[{"embeddable":true,"href":"https:\/\/blogsaverroes.juntadeandalucia.es\/ceipvalerianolopez\/wp-json\/wp\/v2\/users\/8377"}],"replies":[{"embeddable":true,"href":"https:\/\/blogsaverroes.juntadeandalucia.es\/ceipvalerianolopez\/wp-json\/wp\/v2\/comments?post=3526"}],"version-history":[{"count":1,"href":"https:\/\/blogsaverroes.juntadeandalucia.es\/ceipvalerianolopez\/wp-json\/wp\/v2\/posts\/3526\/revisions"}],"predecessor-version":[{"id":3528,"href":"https:\/\/blogsaverroes.juntadeandalucia.es\/ceipvalerianolopez\/wp-json\/wp\/v2\/posts\/3526\/revisions\/3528"}],"wp:featuredmedia":[{"embeddable":true,"href":"https:\/\/blogsaverroes.juntadeandalucia.es\/ceipvalerianolopez\/wp-json\/wp\/v2\/media\/3527"}],"wp:attachment":[{"href":"https:\/\/blogsaverroes.juntadeandalucia.es\/ceipvalerianolopez\/wp-json\/wp\/v2\/media?parent=3526"}],"wp:term":[{"taxonomy":"category","embeddable":true,"href":"https:\/\/blogsaverroes.juntadeandalucia.es\/ceipvalerianolopez\/wp-json\/wp\/v2\/categories?post=3526"},{"taxonomy":"post_tag","embeddable":true,"href":"https:\/\/blogsaverroes.juntadeandalucia.es\/ceipvalerianolopez\/wp-json\/wp\/v2\/tags?post=3526"}],"curies":[{"name":"wp","href":"https:\/\/api.w.org\/{rel}","templated":true}]}}