{"id":3542,"date":"2023-11-23T11:21:18","date_gmt":"2023-11-23T10:21:18","guid":{"rendered":"https:\/\/blogsaverroes.juntadeandalucia.es\/ceipvalerianolopez\/?p=3542"},"modified":"2024-01-14T11:23:25","modified_gmt":"2024-01-14T10:23:25","slug":"proyecto-infantil-los-bebes","status":"publish","type":"post","link":"https:\/\/blogsaverroes.juntadeandalucia.es\/ceipvalerianolopez\/proyecto-infantil-los-bebes\/","title":{"rendered":"PROYECTO INFANTIL \u201cLOS BEB\u00c9S\u201d"},"content":{"rendered":"<div class=\"xdj266r x11i5rnm xat24cr x1mh8g0r x1vvkbs x126k92a\">\n<div dir=\"auto\">PROYECTO INFANTIL \u201cLOS BEB\u00c9S\u201d<\/div>\n<\/div>\n<div class=\"x11i5rnm xat24cr x1mh8g0r x1vvkbs xtlvy1s x126k92a\">\n<div dir=\"auto\">El jueves pasado, el alumnado de Educaci\u00f3n Infantil, disfrut\u00f3 de la visita de una mami de 3 a\u00f1os que es matrona. Continuando el proyecto de investigaci\u00f3n que siguen sobre los beb\u00e9s, vino a contarles cosas muy interesantes sobre su trabajo. Les explic\u00f3 c\u00f3mo acompa\u00f1a a las mam\u00e1s durante todo el embarazo (control de peso, tensi\u00f3n, latidos del beb\u00e9&#8230;), c\u00f3mo est\u00e1 el beb\u00e9 dentro de la barriga, hizo una simulaci\u00f3n de la bolsa amni\u00f3tica, explic\u00f3 c\u00f3mo les llega la comida a los beb\u00e9s cuando est\u00e1n dentro, les mostr\u00f3 con ayuda de un globo y una pelota c\u00f3mo las contracciones van haciendo que el cuello del \u00fatero se vaya haciendo cada vez m\u00e1s grande para que pueda salir la cabecita del beb\u00e9 y luego el cuerpo entero, y c\u00f3mo anima y ayuda a las mam\u00e1s en el momento del parto, entre otras cosas.<\/div>\n<\/div>\n<div class=\"x11i5rnm xat24cr x1mh8g0r x1vvkbs xtlvy1s x126k92a\">\n<div dir=\"auto\">Fue una charla muy amena y divertida que los ni\u00f1os\/as y maestras disfrutaron mucho. Much\u00edsimas gracias a la mami colaboradora por su implicaci\u00f3n y por explicarnos tan bien en qu\u00e9 consiste su trabajo.<\/div>\n<\/div>\n<div class=\"x11i5rnm xat24cr x1mh8g0r x1vvkbs xtlvy1s x126k92a\">\n<div dir=\"auto\">Esta actividad est\u00e1 relacionada con el programa estrella en nuestro centro PROA PLUS. Os recordamos que uno de sus objetivos es incrementar los resultados escolares de aprendizajes cognitivos y socioemocionales a trav\u00e9s de actividades dinamizadoras que permitan seguir con el proceso de transformaci\u00f3n global del centro contando para ello con agentes externos y en este caso con familias del centro.<\/div>\n<div dir=\"auto\"><img loading=\"lazy\" decoding=\"async\" class=\"aligncenter size-medium wp-image-3543\" src=\"https:\/\/blogsaverroes.juntadeandalucia.es\/ceipvalerianolopez\/files\/2024\/01\/Proyecto-Infantil-Los-Bebes-300x300.jpg\" alt=\"\" width=\"300\" height=\"300\" srcset=\"https:\/\/blogsaverroes.juntadeandalucia.es\/ceipvalerianolopez\/files\/2024\/01\/Proyecto-Infantil-Los-Bebes-300x300.jpg 300w, https:\/\/blogsaverroes.juntadeandalucia.es\/ceipvalerianolopez\/files\/2024\/01\/Proyecto-Infantil-Los-Bebes-150x150.jpg 150w, https:\/\/blogsaverroes.juntadeandalucia.es\/ceipvalerianolopez\/files\/2024\/01\/Proyecto-Infantil-Los-Bebes-246x246.jpg 246w, https:\/\/blogsaverroes.juntadeandalucia.es\/ceipvalerianolopez\/files\/2024\/01\/Proyecto-Infantil-Los-Bebes-520x520.jpg 520w, https:\/\/blogsaverroes.juntadeandalucia.es\/ceipvalerianolopez\/files\/2024\/01\/Proyecto-Infantil-Los-Bebes-185x185.jpg 185w, https:\/\/blogsaverroes.juntadeandalucia.es\/ceipvalerianolopez\/files\/2024\/01\/Proyecto-Infantil-Los-Bebes-220x220.jpg 220w, https:\/\/blogsaverroes.juntadeandalucia.es\/ceipvalerianolopez\/files\/2024\/01\/Proyecto-Infantil-Los-Bebes-60x60.jpg 60w, https:\/\/blogsaverroes.juntadeandalucia.es\/ceipvalerianolopez\/files\/2024\/01\/Proyecto-Infantil-Los-Bebes-384x384.jpg 384w, https:\/\/blogsaverroes.juntadeandalucia.es\/ceipvalerianolopez\/files\/2024\/01\/Proyecto-Infantil-Los-Bebes.jpg 526w\" sizes=\"(max-width: 300px) 100vw, 300px\" \/><\/div>\n<\/div>\n","protected":false},"excerpt":{"rendered":"<p>PROYECTO INFANTIL \u201cLOS BEB\u00c9S\u201d El jueves pasado, el alumnado de Educaci\u00f3n Infantil, disfrut\u00f3 de la visita de una mami de 3 a\u00f1os que es matrona.&hellip;<\/p>\n","protected":false},"author":8377,"featured_media":3543,"comment_status":"closed","ping_status":"closed","sticky":false,"template":"","format":"standard","meta":{"ngg_post_thumbnail":0,"footnotes":""},"categories":[32,1029588,19],"tags":[1852],"aioseo_notices":[],"_links":{"self":[{"href":"https:\/\/blogsaverroes.juntadeandalucia.es\/ceipvalerianolopez\/wp-json\/wp\/v2\/posts\/3542"}],"collection":[{"href":"https:\/\/blogsaverroes.juntadeandalucia.es\/ceipvalerianolopez\/wp-json\/wp\/v2\/posts"}],"about":[{"href":"https:\/\/blogsaverroes.juntadeandalucia.es\/ceipvalerianolopez\/wp-json\/wp\/v2\/types\/post"}],"author":[{"embeddable":true,"href":"https:\/\/blogsaverroes.juntadeandalucia.es\/ceipvalerianolopez\/wp-json\/wp\/v2\/users\/8377"}],"replies":[{"embeddable":true,"href":"https:\/\/blogsaverroes.juntadeandalucia.es\/ceipvalerianolopez\/wp-json\/wp\/v2\/comments?post=3542"}],"version-history":[{"count":1,"href":"https:\/\/blogsaverroes.juntadeandalucia.es\/ceipvalerianolopez\/wp-json\/wp\/v2\/posts\/3542\/revisions"}],"predecessor-version":[{"id":3544,"href":"https:\/\/blogsaverroes.juntadeandalucia.es\/ceipvalerianolopez\/wp-json\/wp\/v2\/posts\/3542\/revisions\/3544"}],"wp:featuredmedia":[{"embeddable":true,"href":"https:\/\/blogsaverroes.juntadeandalucia.es\/ceipvalerianolopez\/wp-json\/wp\/v2\/media\/3543"}],"wp:attachment":[{"href":"https:\/\/blogsaverroes.juntadeandalucia.es\/ceipvalerianolopez\/wp-json\/wp\/v2\/media?parent=3542"}],"wp:term":[{"taxonomy":"category","embeddable":true,"href":"https:\/\/blogsaverroes.juntadeandalucia.es\/ceipvalerianolopez\/wp-json\/wp\/v2\/categories?post=3542"},{"taxonomy":"post_tag","embeddable":true,"href":"https:\/\/blogsaverroes.juntadeandalucia.es\/ceipvalerianolopez\/wp-json\/wp\/v2\/tags?post=3542"}],"curies":[{"name":"wp","href":"https:\/\/api.w.org\/{rel}","templated":true}]}}