{"id":3551,"date":"2023-12-01T11:28:35","date_gmt":"2023-12-01T10:28:35","guid":{"rendered":"https:\/\/blogsaverroes.juntadeandalucia.es\/ceipvalerianolopez\/?p=3551"},"modified":"2024-01-14T11:31:15","modified_gmt":"2024-01-14T10:31:15","slug":"charla-de-deporte-adaptado-campeones-del-deporte","status":"publish","type":"post","link":"https:\/\/blogsaverroes.juntadeandalucia.es\/ceipvalerianolopez\/charla-de-deporte-adaptado-campeones-del-deporte\/","title":{"rendered":"CHARLA DE DEPORTE ADAPTADO \u00abCAMPEONES DEL DEPORTE\u00bb"},"content":{"rendered":"<div class=\"xdj266r x11i5rnm xat24cr x1mh8g0r x1vvkbs x126k92a\">\n<div dir=\"auto\">CHARLA DE DEPORTE ADAPTADO EN EL CEIP VALERIANO L\u00d3PEZ DE ESTEPONA. <span class=\"x3nfvp2 x1j61x8r x1fcty0u xdj266r xhhsvwb xat24cr xgzva0m xxymvpz xlup9mm x1kky2od\"><img loading=\"lazy\" decoding=\"async\" class=\"xz74otr\" src=\"https:\/\/static.xx.fbcdn.net\/images\/emoji.php\/v9\/tec\/1\/16\/1f3c4_200d_2642.png\" alt=\"\ud83c\udfc4\u200d\u2642\ufe0f\" width=\"16\" height=\"16\"><\/span><span class=\"x3nfvp2 x1j61x8r x1fcty0u xdj266r xhhsvwb xat24cr xgzva0m xxymvpz xlup9mm x1kky2od\"><img loading=\"lazy\" decoding=\"async\" class=\"xz74otr\" src=\"https:\/\/static.xx.fbcdn.net\/images\/emoji.php\/v9\/t6c\/1\/16\/1f499.png\" alt=\"\ud83d\udc99\" width=\"16\" height=\"16\"><\/span><span class=\"x3nfvp2 x1j61x8r x1fcty0u xdj266r xhhsvwb xat24cr xgzva0m xxymvpz xlup9mm x1kky2od\"><img loading=\"lazy\" decoding=\"async\" class=\"xz74otr\" src=\"https:\/\/static.xx.fbcdn.net\/images\/emoji.php\/v9\/t6c\/1\/16\/1f4aa.png\" alt=\"\ud83d\udcaa\" width=\"16\" height=\"16\"><\/span><\/div>\n<\/div>\n<div class=\"x11i5rnm xat24cr x1mh8g0r x1vvkbs xtlvy1s x126k92a\">\n<div dir=\"auto\">CAMPEONES DEL DEPORTE!!!!<\/div>\n<\/div>\n<div class=\"x11i5rnm xat24cr x1mh8g0r x1vvkbs xtlvy1s x126k92a\">\n<div dir=\"auto\">El viernes nos visitaron miembros y deportistas de la Asociaci\u00f3n CADI, para darnos una charla sobre Deporte Adaptado en nuestro centro.<\/div>\n<\/div>\n<div class=\"x11i5rnm xat24cr x1mh8g0r x1vvkbs xtlvy1s x126k92a\">\n<div dir=\"auto\">Marc Bredoux @marcbredoux y Amjad El Makouti <a class=\"x1i10hfl xjbqb8w x6umtig x1b1mbwd xaqea5y xav7gou x9f619 x1ypdohk xt0psk2 xe8uvvx xdj266r x11i5rnm xat24cr x1mh8g0r xexx8yu x4uap5 x18d9i69 xkhd6sd x16tdsg8 x1hl2dhg xggy1nq x1a2a7pz xt0b8zv x1fey0fg\" role=\"link\" href=\"https:\/\/www.instagram.com\/_u\/el_camino.de.amjad?fbclid=IwAR0JdiNd-Wx0whSngEDTyUq5em5rPBdiWf7ZZPZnR9_K2M7efrKAm0-5ytM\" target=\"_blank\" rel=\"nofollow noopener noreferrer\">@el_camino.de.amjad<\/a> actual campe\u00f3n y subcampe\u00f3n de Espa\u00f1a en categor\u00edas de Surf adaptado, junto a @maite_cano (miembro de la <a class=\"x1i10hfl xjbqb8w x6umtig x1b1mbwd xaqea5y xav7gou x9f619 x1ypdohk xt0psk2 xe8uvvx xdj266r x11i5rnm xat24cr x1mh8g0r xexx8yu x4uap5 x18d9i69 xkhd6sd x16tdsg8 x1hl2dhg xggy1nq x1a2a7pz xt0b8zv x1fey0fg\" role=\"link\" href=\"https:\/\/www.instagram.com\/_u\/asociacioncadi?fbclid=IwAR0JNI-_bdR3hwWdLa0Yz5M2k50lZ4bAtZ0DCp5Z68RtSV63nqjyt_MqQ0g\" target=\"_blank\" rel=\"nofollow noopener noreferrer\">@asociacioncadi<\/a> ) han compartido sus experiencias y logros deportivos, y nos han contagiado todo su entusiasmo para pelear cualquier sue\u00f1o por dif\u00edcil que sea.<\/div>\n<\/div>\n<div class=\"x11i5rnm xat24cr x1mh8g0r x1vvkbs xtlvy1s x126k92a\">\n<div dir=\"auto\">Alumnado y profesorado vivimos una ma\u00f1ana llena de aprendizajes, abrazos, risas&#8230;.y en definitiva grandes emociones, devolviendo admiraci\u00f3n y cari\u00f1o por la labor que realizan en la sociedad en general.<\/div>\n<\/div>\n<div class=\"x11i5rnm xat24cr x1mh8g0r x1vvkbs xtlvy1s x126k92a\">\n<div dir=\"auto\">Ha sido una charla con un claro aprendizaje, que con esfuerzo, trabajo e ilusi\u00f3n se puede conseguir superar barreras y llegar a donde nos propongamos!!!<\/div>\n<\/div>\n<div class=\"x11i5rnm xat24cr x1mh8g0r x1vvkbs xtlvy1s x126k92a\">\n<div dir=\"auto\">SI SE PUEDE!!!!<\/div>\n<div dir=\"auto\"><img loading=\"lazy\" decoding=\"async\" class=\"aligncenter size-medium wp-image-3552\" src=\"https:\/\/blogsaverroes.juntadeandalucia.es\/ceipvalerianolopez\/files\/2024\/01\/dxte-adaptado-charla-300x300.jpg\" alt=\"\" width=\"300\" height=\"300\" srcset=\"https:\/\/blogsaverroes.juntadeandalucia.es\/ceipvalerianolopez\/files\/2024\/01\/dxte-adaptado-charla-300x300.jpg 300w, https:\/\/blogsaverroes.juntadeandalucia.es\/ceipvalerianolopez\/files\/2024\/01\/dxte-adaptado-charla-150x150.jpg 150w, https:\/\/blogsaverroes.juntadeandalucia.es\/ceipvalerianolopez\/files\/2024\/01\/dxte-adaptado-charla-246x246.jpg 246w, https:\/\/blogsaverroes.juntadeandalucia.es\/ceipvalerianolopez\/files\/2024\/01\/dxte-adaptado-charla-520x520.jpg 520w, https:\/\/blogsaverroes.juntadeandalucia.es\/ceipvalerianolopez\/files\/2024\/01\/dxte-adaptado-charla-185x185.jpg 185w, https:\/\/blogsaverroes.juntadeandalucia.es\/ceipvalerianolopez\/files\/2024\/01\/dxte-adaptado-charla-220x220.jpg 220w, https:\/\/blogsaverroes.juntadeandalucia.es\/ceipvalerianolopez\/files\/2024\/01\/dxte-adaptado-charla-60x60.jpg 60w, https:\/\/blogsaverroes.juntadeandalucia.es\/ceipvalerianolopez\/files\/2024\/01\/dxte-adaptado-charla-384x384.jpg 384w, https:\/\/blogsaverroes.juntadeandalucia.es\/ceipvalerianolopez\/files\/2024\/01\/dxte-adaptado-charla.jpg 526w\" sizes=\"(max-width: 300px) 100vw, 300px\" \/><\/div>\n<\/div>\n","protected":false},"excerpt":{"rendered":"<p>CHARLA DE DEPORTE ADAPTADO EN EL CEIP VALERIANO L\u00d3PEZ DE ESTEPONA. CAMPEONES DEL DEPORTE!!!! El viernes nos visitaron miembros y deportistas de la Asociaci\u00f3n CADI,&hellip;<\/p>\n","protected":false},"author":8377,"featured_media":3552,"comment_status":"closed","ping_status":"closed","sticky":false,"template":"","format":"standard","meta":{"ngg_post_thumbnail":0,"footnotes":""},"categories":[32,1029588,33096,2312464],"tags":[2312433],"aioseo_notices":[],"_links":{"self":[{"href":"https:\/\/blogsaverroes.juntadeandalucia.es\/ceipvalerianolopez\/wp-json\/wp\/v2\/posts\/3551"}],"collection":[{"href":"https:\/\/blogsaverroes.juntadeandalucia.es\/ceipvalerianolopez\/wp-json\/wp\/v2\/posts"}],"about":[{"href":"https:\/\/blogsaverroes.juntadeandalucia.es\/ceipvalerianolopez\/wp-json\/wp\/v2\/types\/post"}],"author":[{"embeddable":true,"href":"https:\/\/blogsaverroes.juntadeandalucia.es\/ceipvalerianolopez\/wp-json\/wp\/v2\/users\/8377"}],"replies":[{"embeddable":true,"href":"https:\/\/blogsaverroes.juntadeandalucia.es\/ceipvalerianolopez\/wp-json\/wp\/v2\/comments?post=3551"}],"version-history":[{"count":1,"href":"https:\/\/blogsaverroes.juntadeandalucia.es\/ceipvalerianolopez\/wp-json\/wp\/v2\/posts\/3551\/revisions"}],"predecessor-version":[{"id":3553,"href":"https:\/\/blogsaverroes.juntadeandalucia.es\/ceipvalerianolopez\/wp-json\/wp\/v2\/posts\/3551\/revisions\/3553"}],"wp:featuredmedia":[{"embeddable":true,"href":"https:\/\/blogsaverroes.juntadeandalucia.es\/ceipvalerianolopez\/wp-json\/wp\/v2\/media\/3552"}],"wp:attachment":[{"href":"https:\/\/blogsaverroes.juntadeandalucia.es\/ceipvalerianolopez\/wp-json\/wp\/v2\/media?parent=3551"}],"wp:term":[{"taxonomy":"category","embeddable":true,"href":"https:\/\/blogsaverroes.juntadeandalucia.es\/ceipvalerianolopez\/wp-json\/wp\/v2\/categories?post=3551"},{"taxonomy":"post_tag","embeddable":true,"href":"https:\/\/blogsaverroes.juntadeandalucia.es\/ceipvalerianolopez\/wp-json\/wp\/v2\/tags?post=3551"}],"curies":[{"name":"wp","href":"https:\/\/api.w.org\/{rel}","templated":true}]}}