{"id":3704,"date":"2024-04-02T18:30:01","date_gmt":"2024-04-02T16:30:01","guid":{"rendered":"https:\/\/blogsaverroes.juntadeandalucia.es\/ceipvalerianolopez\/?p=3704"},"modified":"2024-04-06T18:32:51","modified_gmt":"2024-04-06T16:32:51","slug":"dia-mundial-de-la-concienciacion-sobre-el-autismo","status":"publish","type":"post","link":"https:\/\/blogsaverroes.juntadeandalucia.es\/ceipvalerianolopez\/dia-mundial-de-la-concienciacion-sobre-el-autismo\/","title":{"rendered":"D\u00eda Mundial de la Concienciaci\u00f3n sobre el Autismo"},"content":{"rendered":"<div class=\"xdj266r x11i5rnm xat24cr x1mh8g0r x1vvkbs x126k92a\">\n<div dir=\"auto\"><span class=\"x3nfvp2 x1j61x8r x1fcty0u xdj266r xhhsvwb xat24cr xgzva0m xxymvpz xlup9mm x1kky2od\"><img loading=\"lazy\" decoding=\"async\" class=\"xz74otr\" src=\"https:\/\/static.xx.fbcdn.net\/images\/emoji.php\/v9\/t7e\/1\/16\/1f4c5.png\" alt=\"\ud83d\udcc5\" width=\"16\" height=\"16\"><\/span> 2 de abril \u201cD\u00eda Mundial de la Concienciaci\u00f3n sobre el Autismo\u201d <span class=\"x3nfvp2 x1j61x8r x1fcty0u xdj266r xhhsvwb xat24cr xgzva0m xxymvpz xlup9mm x1kky2od\"><img loading=\"lazy\" decoding=\"async\" class=\"xz74otr\" src=\"https:\/\/static.xx.fbcdn.net\/images\/emoji.php\/v9\/t7b\/1\/16\/267e.png\" alt=\"\u267e\ufe0f\" width=\"16\" height=\"16\"><\/span><\/div>\n<\/div>\n<div class=\"x11i5rnm xat24cr x1mh8g0r x1vvkbs xtlvy1s x126k92a\">\n<div dir=\"auto\"><span class=\"x3nfvp2 x1j61x8r x1fcty0u xdj266r xhhsvwb xat24cr xgzva0m xxymvpz xlup9mm x1kky2od\"><img loading=\"lazy\" decoding=\"async\" class=\"xz74otr\" src=\"https:\/\/static.xx.fbcdn.net\/images\/emoji.php\/v9\/t6c\/1\/16\/1f499.png\" alt=\"\ud83d\udc99\" width=\"16\" height=\"16\"><\/span> Cada 2 de abril se celebra el D\u00eda Mundial del Autismo, y el CEIP Valeriano L\u00f3pez se suma a la celebraci\u00f3n de dicho d\u00eda para concienciar sobre esta condici\u00f3n que, seg\u00fan la OMS, tienen 1 de cada 160 personas en el mundo <span class=\"x3nfvp2 x1j61x8r x1fcty0u xdj266r xhhsvwb xat24cr xgzva0m xxymvpz xlup9mm x1kky2od\"><img loading=\"lazy\" decoding=\"async\" class=\"xz74otr\" src=\"https:\/\/static.xx.fbcdn.net\/images\/emoji.php\/v9\/tb3\/1\/16\/1f517.png\" alt=\"\ud83d\udd17\" width=\"16\" height=\"16\"><\/span><\/div>\n<\/div>\n<div class=\"x11i5rnm xat24cr x1mh8g0r x1vvkbs xtlvy1s x126k92a\">\n<div dir=\"auto\">Es un d\u00eda para conocer lo relacionado con estas personas para as\u00ed contribuir a una mejora de su calidad de vida. Este a\u00f1o el lema es \u201cUn feliz viaje por la vida\u201d. Y el Ciclo de Orientaci\u00f3n ha planteado una serie de actividades con las que interactuar y comprender que un mundo m\u00e1s emp\u00e1tico e inclusivo es posible.<\/div>\n<\/div>\n<div class=\"x11i5rnm xat24cr x1mh8g0r x1vvkbs xtlvy1s x126k92a\">\n<div dir=\"auto\">Todos juntos y desde la educaci\u00f3n llegaremos a ser capaces de vivir en un mundo en el que respetemos la diversidad.<\/div>\n<\/div>\n<div class=\"x11i5rnm xat24cr x1mh8g0r x1vvkbs xtlvy1s x126k92a\">\n<div dir=\"auto\"><span class=\"x3nfvp2 x1j61x8r x1fcty0u xdj266r xhhsvwb xat24cr xgzva0m xxymvpz xlup9mm x1kky2od\"><img loading=\"lazy\" decoding=\"async\" class=\"xz74otr\" src=\"https:\/\/static.xx.fbcdn.net\/images\/emoji.php\/v9\/t6c\/1\/16\/1f499.png\" alt=\"\ud83d\udc99\" width=\"16\" height=\"16\"><\/span>TODOS \/AS SOMOS IGUALES Y A LA VEZ DIFERENTES.<span class=\"x3nfvp2 x1j61x8r x1fcty0u xdj266r xhhsvwb xat24cr xgzva0m xxymvpz xlup9mm x1kky2od\"><img loading=\"lazy\" decoding=\"async\" class=\"xz74otr\" src=\"https:\/\/static.xx.fbcdn.net\/images\/emoji.php\/v9\/t6c\/1\/16\/1f499.png\" alt=\"\ud83d\udc99\" width=\"16\" height=\"16\"><\/span><\/div>\n<div dir=\"auto\"><img loading=\"lazy\" decoding=\"async\" class=\"aligncenter size-large wp-image-3705\" src=\"https:\/\/blogsaverroes.juntadeandalucia.es\/ceipvalerianolopez\/files\/2024\/04\/D\u00eda_Autismo-1024x1024.jpg\" alt=\"\" width=\"832\" height=\"832\" srcset=\"https:\/\/blogsaverroes.juntadeandalucia.es\/ceipvalerianolopez\/files\/2024\/04\/D\u00eda_Autismo-1024x1024.jpg 1024w, https:\/\/blogsaverroes.juntadeandalucia.es\/ceipvalerianolopez\/files\/2024\/04\/D\u00eda_Autismo-300x300.jpg 300w, https:\/\/blogsaverroes.juntadeandalucia.es\/ceipvalerianolopez\/files\/2024\/04\/D\u00eda_Autismo-150x150.jpg 150w, https:\/\/blogsaverroes.juntadeandalucia.es\/ceipvalerianolopez\/files\/2024\/04\/D\u00eda_Autismo-768x768.jpg 768w, https:\/\/blogsaverroes.juntadeandalucia.es\/ceipvalerianolopez\/files\/2024\/04\/D\u00eda_Autismo-246x246.jpg 246w, https:\/\/blogsaverroes.juntadeandalucia.es\/ceipvalerianolopez\/files\/2024\/04\/D\u00eda_Autismo-520x520.jpg 520w, https:\/\/blogsaverroes.juntadeandalucia.es\/ceipvalerianolopez\/files\/2024\/04\/D\u00eda_Autismo-185x185.jpg 185w, https:\/\/blogsaverroes.juntadeandalucia.es\/ceipvalerianolopez\/files\/2024\/04\/D\u00eda_Autismo-220x220.jpg 220w, https:\/\/blogsaverroes.juntadeandalucia.es\/ceipvalerianolopez\/files\/2024\/04\/D\u00eda_Autismo-60x60.jpg 60w, https:\/\/blogsaverroes.juntadeandalucia.es\/ceipvalerianolopez\/files\/2024\/04\/D\u00eda_Autismo-384x384.jpg 384w, https:\/\/blogsaverroes.juntadeandalucia.es\/ceipvalerianolopez\/files\/2024\/04\/D\u00eda_Autismo.jpg 1080w\" sizes=\"(max-width: 832px) 100vw, 832px\" \/><\/div>\n<\/div>\n<div class=\"x11i5rnm xat24cr x1mh8g0r x1vvkbs xtlvy1s x126k92a\">\n<div dir=\"auto\"><a class=\"x1i10hfl xjbqb8w x1ejq31n xd10rxx x1sy0etr x17r0tee x972fbf xcfux6l x1qhh985 xm0m39n x9f619 x1ypdohk xt0psk2 xe8uvvx xdj266r x11i5rnm xat24cr x1mh8g0r xexx8yu x4uap5 x18d9i69 xkhd6sd x16tdsg8 x1hl2dhg xggy1nq x1a2a7pz xt0b8zv x1fey0fg xo1l8bm\" role=\"link\" href=\"https:\/\/www.facebook.com\/hashtag\/autismo?__eep__=6&amp;__cft__[0]=AZWyaQf2AWeLBvVyChQupYgDqpf80Ha-ODlAWZfpVALS7kERnditOyIzPC0hiQrGUP17mlIdi2e0kx8qZcAAjrArpF3uVICJkw2WYMl8tLUhVP64J03f_z-4rzye9pVrFdWKPO5FY44T6TsuRx9ExQp1jzNxN9lcCdDcBPJ5zSSfPjmI3D2NjUpQAkatOQYW6DA&amp;__tn__=*NK-R\">#Autismo<\/a> <a class=\"x1i10hfl xjbqb8w x1ejq31n xd10rxx x1sy0etr x17r0tee x972fbf xcfux6l x1qhh985 xm0m39n x9f619 x1ypdohk xt0psk2 xe8uvvx xdj266r x11i5rnm xat24cr x1mh8g0r xexx8yu x4uap5 x18d9i69 xkhd6sd x16tdsg8 x1hl2dhg xggy1nq x1a2a7pz xt0b8zv x1fey0fg xo1l8bm\" role=\"link\" href=\"https:\/\/www.facebook.com\/hashtag\/diamundialautismo?__eep__=6&amp;__cft__[0]=AZWyaQf2AWeLBvVyChQupYgDqpf80Ha-ODlAWZfpVALS7kERnditOyIzPC0hiQrGUP17mlIdi2e0kx8qZcAAjrArpF3uVICJkw2WYMl8tLUhVP64J03f_z-4rzye9pVrFdWKPO5FY44T6TsuRx9ExQp1jzNxN9lcCdDcBPJ5zSSfPjmI3D2NjUpQAkatOQYW6DA&amp;__tn__=*NK-R\">#DiaMundialAutismo<\/a> <a class=\"x1i10hfl xjbqb8w x1ejq31n xd10rxx x1sy0etr x17r0tee x972fbf xcfux6l x1qhh985 xm0m39n x9f619 x1ypdohk xt0psk2 xe8uvvx xdj266r x11i5rnm xat24cr x1mh8g0r xexx8yu x4uap5 x18d9i69 xkhd6sd x16tdsg8 x1hl2dhg xggy1nq x1a2a7pz xt0b8zv x1fey0fg xo1l8bm\" role=\"link\" href=\"https:\/\/www.facebook.com\/hashtag\/2abril?__eep__=6&amp;__cft__[0]=AZWyaQf2AWeLBvVyChQupYgDqpf80Ha-ODlAWZfpVALS7kERnditOyIzPC0hiQrGUP17mlIdi2e0kx8qZcAAjrArpF3uVICJkw2WYMl8tLUhVP64J03f_z-4rzye9pVrFdWKPO5FY44T6TsuRx9ExQp1jzNxN9lcCdDcBPJ5zSSfPjmI3D2NjUpQAkatOQYW6DA&amp;__tn__=*NK-R\">#2Abril<\/a> <a class=\"x1i10hfl xjbqb8w x1ejq31n xd10rxx x1sy0etr x17r0tee x972fbf xcfux6l x1qhh985 xm0m39n x9f619 x1ypdohk xt0psk2 xe8uvvx xdj266r x11i5rnm xat24cr x1mh8g0r xexx8yu x4uap5 x18d9i69 xkhd6sd x16tdsg8 x1hl2dhg xggy1nq x1a2a7pz xt0b8zv x1fey0fg xo1l8bm\" role=\"link\" href=\"https:\/\/www.facebook.com\/hashtag\/tea?__eep__=6&amp;__cft__[0]=AZWyaQf2AWeLBvVyChQupYgDqpf80Ha-ODlAWZfpVALS7kERnditOyIzPC0hiQrGUP17mlIdi2e0kx8qZcAAjrArpF3uVICJkw2WYMl8tLUhVP64J03f_z-4rzye9pVrFdWKPO5FY44T6TsuRx9ExQp1jzNxN9lcCdDcBPJ5zSSfPjmI3D2NjUpQAkatOQYW6DA&amp;__tn__=*NK-R\">#TEA<\/a> <a class=\"x1i10hfl xjbqb8w x1ejq31n xd10rxx x1sy0etr x17r0tee x972fbf xcfux6l x1qhh985 xm0m39n x9f619 x1ypdohk xt0psk2 xe8uvvx xdj266r x11i5rnm xat24cr x1mh8g0r xexx8yu x4uap5 x18d9i69 xkhd6sd x16tdsg8 x1hl2dhg xggy1nq x1a2a7pz xt0b8zv x1fey0fg xo1l8bm\" role=\"link\" href=\"https:\/\/www.facebook.com\/hashtag\/diainternacionaldelautismo?__eep__=6&amp;__cft__[0]=AZWyaQf2AWeLBvVyChQupYgDqpf80Ha-ODlAWZfpVALS7kERnditOyIzPC0hiQrGUP17mlIdi2e0kx8qZcAAjrArpF3uVICJkw2WYMl8tLUhVP64J03f_z-4rzye9pVrFdWKPO5FY44T6TsuRx9ExQp1jzNxN9lcCdDcBPJ5zSSfPjmI3D2NjUpQAkatOQYW6DA&amp;__tn__=*NK-R\">#diaInternacionalDelAutismo<\/a> <a class=\"x1i10hfl xjbqb8w x1ejq31n xd10rxx x1sy0etr x17r0tee x972fbf xcfux6l x1qhh985 xm0m39n x9f619 x1ypdohk xt0psk2 xe8uvvx xdj266r x11i5rnm xat24cr x1mh8g0r xexx8yu x4uap5 x18d9i69 xkhd6sd x16tdsg8 x1hl2dhg xggy1nq x1a2a7pz xt0b8zv x1fey0fg xo1l8bm\" role=\"link\" href=\"https:\/\/www.facebook.com\/hashtag\/llamamosloporsunombre?__eep__=6&amp;__cft__[0]=AZWyaQf2AWeLBvVyChQupYgDqpf80Ha-ODlAWZfpVALS7kERnditOyIzPC0hiQrGUP17mlIdi2e0kx8qZcAAjrArpF3uVICJkw2WYMl8tLUhVP64J03f_z-4rzye9pVrFdWKPO5FY44T6TsuRx9ExQp1jzNxN9lcCdDcBPJ5zSSfPjmI3D2NjUpQAkatOQYW6DA&amp;__tn__=*NK-R\">#llamamosloporsunombre<\/a> <a class=\"x1i10hfl xjbqb8w x1ejq31n xd10rxx x1sy0etr x17r0tee x972fbf xcfux6l x1qhh985 xm0m39n x9f619 x1ypdohk xt0psk2 xe8uvvx xdj266r x11i5rnm xat24cr x1mh8g0r xexx8yu x4uap5 x18d9i69 xkhd6sd x16tdsg8 x1hl2dhg xggy1nq x1a2a7pz xt0b8zv x1fey0fg xo1l8bm\" role=\"link\" href=\"https:\/\/www.facebook.com\/hashtag\/laempatiaescontagiosa?__eep__=6&amp;__cft__[0]=AZWyaQf2AWeLBvVyChQupYgDqpf80Ha-ODlAWZfpVALS7kERnditOyIzPC0hiQrGUP17mlIdi2e0kx8qZcAAjrArpF3uVICJkw2WYMl8tLUhVP64J03f_z-4rzye9pVrFdWKPO5FY44T6TsuRx9ExQp1jzNxN9lcCdDcBPJ5zSSfPjmI3D2NjUpQAkatOQYW6DA&amp;__tn__=*NK-R\">#LaEmpatiaEsContagiosa<\/a><\/div>\n<\/div>\n","protected":false},"excerpt":{"rendered":"<p>2 de abril \u201cD\u00eda Mundial de la Concienciaci\u00f3n sobre el Autismo\u201d Cada 2 de abril se celebra el D\u00eda Mundial del Autismo, y el CEIP&hellip;<\/p>\n","protected":false},"author":8377,"featured_media":3705,"comment_status":"closed","ping_status":"closed","sticky":false,"template":"","format":"standard","meta":{"ngg_post_thumbnail":0,"footnotes":""},"categories":[32,1029588,2312444],"tags":[2312457],"aioseo_notices":[],"_links":{"self":[{"href":"https:\/\/blogsaverroes.juntadeandalucia.es\/ceipvalerianolopez\/wp-json\/wp\/v2\/posts\/3704"}],"collection":[{"href":"https:\/\/blogsaverroes.juntadeandalucia.es\/ceipvalerianolopez\/wp-json\/wp\/v2\/posts"}],"about":[{"href":"https:\/\/blogsaverroes.juntadeandalucia.es\/ceipvalerianolopez\/wp-json\/wp\/v2\/types\/post"}],"author":[{"embeddable":true,"href":"https:\/\/blogsaverroes.juntadeandalucia.es\/ceipvalerianolopez\/wp-json\/wp\/v2\/users\/8377"}],"replies":[{"embeddable":true,"href":"https:\/\/blogsaverroes.juntadeandalucia.es\/ceipvalerianolopez\/wp-json\/wp\/v2\/comments?post=3704"}],"version-history":[{"count":1,"href":"https:\/\/blogsaverroes.juntadeandalucia.es\/ceipvalerianolopez\/wp-json\/wp\/v2\/posts\/3704\/revisions"}],"predecessor-version":[{"id":3706,"href":"https:\/\/blogsaverroes.juntadeandalucia.es\/ceipvalerianolopez\/wp-json\/wp\/v2\/posts\/3704\/revisions\/3706"}],"wp:featuredmedia":[{"embeddable":true,"href":"https:\/\/blogsaverroes.juntadeandalucia.es\/ceipvalerianolopez\/wp-json\/wp\/v2\/media\/3705"}],"wp:attachment":[{"href":"https:\/\/blogsaverroes.juntadeandalucia.es\/ceipvalerianolopez\/wp-json\/wp\/v2\/media?parent=3704"}],"wp:term":[{"taxonomy":"category","embeddable":true,"href":"https:\/\/blogsaverroes.juntadeandalucia.es\/ceipvalerianolopez\/wp-json\/wp\/v2\/categories?post=3704"},{"taxonomy":"post_tag","embeddable":true,"href":"https:\/\/blogsaverroes.juntadeandalucia.es\/ceipvalerianolopez\/wp-json\/wp\/v2\/tags?post=3704"}],"curies":[{"name":"wp","href":"https:\/\/api.w.org\/{rel}","templated":true}]}}