{"id":3782,"date":"2024-05-02T19:32:21","date_gmt":"2024-05-02T17:32:21","guid":{"rendered":"https:\/\/blogsaverroes.juntadeandalucia.es\/ceipvalerianolopez\/?p=3782"},"modified":"2024-05-02T19:32:21","modified_gmt":"2024-05-02T17:32:21","slug":"becas-neae-2024_2025","status":"publish","type":"post","link":"https:\/\/blogsaverroes.juntadeandalucia.es\/ceipvalerianolopez\/becas-neae-2024_2025\/","title":{"rendered":"BECAS NEAE 2024_2025"},"content":{"rendered":"<div class=\"xdj266r x11i5rnm xat24cr x1mh8g0r x1vvkbs x126k92a\">\n<div dir=\"auto\">Becas y ayudas para alumnos con necesidad especifica de apoyo educativo 2024-25 <span class=\"x3nfvp2 x1j61x8r x1fcty0u xdj266r xhhsvwb xat24cr xgzva0m xxymvpz xlup9mm x1kky2od\"><img loading=\"lazy\" decoding=\"async\" class=\"xz74otr\" src=\"https:\/\/static.xx.fbcdn.net\/images\/emoji.php\/v9\/t49\/1\/16\/1f4da.png\" alt=\"\ud83d\udcda\" width=\"16\" height=\"16\"><\/span><\/div>\n<\/div>\n<div class=\"x11i5rnm xat24cr x1mh8g0r x1vvkbs xtlvy1s x126k92a\">\n<div dir=\"auto\">El plazo de presentaci\u00f3n de solicitudes de las becas y ayudas del Ministerio de Educaci\u00f3n y Formaci\u00f3n Profesional para alumnado con necesidad espec\u00edfica de apoyo educativo en el curso acad\u00e9mico 2024-2025 estar\u00e1 abierto desde el 30 de abril hasta el 13 de septiembre de 2024.<\/div>\n<\/div>\n<div class=\"x11i5rnm xat24cr x1mh8g0r x1vvkbs xtlvy1s x126k92a\">\n<div dir=\"auto\">Novedades para el curso 2024-2025:<\/div>\n<div dir=\"auto\">* Incremento del 5% en todos los umbrales de renta.<\/div>\n<div dir=\"auto\">* Reducci\u00f3n del 33% al 25% el porcentaje de discapacidad necesario para solicitar la ayuda.<\/div>\n<div dir=\"auto\">* Se mantiene la ayuda complementaria de 400\u20ac.<\/div>\n<div dir=\"auto\">\u00bfQu\u00e9 caracter\u00edsticas se deben cumplir?<\/div>\n<div dir=\"auto\">-Tener una discapacidad reconocida de, por lo menos, un 25%.<\/div>\n<div dir=\"auto\">-Altas capacidades.<\/div>\n<div dir=\"auto\">-Trastorno grave de conducta.<\/div>\n<div dir=\"auto\">-Trastorno grave de la comunicaci\u00f3n y del lenguaje.<\/div>\n<div dir=\"auto\">-Trastorno del espectro autista (TEA).<\/div>\n<\/div>\n<div class=\"x11i5rnm xat24cr x1mh8g0r x1vvkbs xtlvy1s x126k92a\">\n<div dir=\"auto\">Pod\u00e9is encontrar toda la informaci\u00f3n en este enlace:<\/div>\n<div dir=\"auto\"><a class=\"x1i10hfl xjbqb8w x1ejq31n xd10rxx x1sy0etr x17r0tee x972fbf xcfux6l x1qhh985 xm0m39n x9f619 x1ypdohk xt0psk2 xe8uvvx xdj266r x11i5rnm xat24cr x1mh8g0r xexx8yu x4uap5 x18d9i69 xkhd6sd x16tdsg8 x1hl2dhg xggy1nq x1a2a7pz xt0b8zv x1fey0fg\" role=\"link\" href=\"https:\/\/www.educacionfpydeportes.gob.es\/servicios-al-ciudadano\/catalogo\/general\/05\/050140\/ficha\/050140-2024.html?fbclid=IwZXh0bgNhZW0CMTAAAR2e4URvIMSAAp0aikT4P04fGQL_qYm8dVSN7enYfKObON7UlHmxYzMRric_aem_AYKqcBUbCSydsld_WBTlEVhEvWFNlCOysSkq2F6GZjhOPl5yQ6TaX51sEtSxEgCpi_Mz8oG_IXgs8CsMn8vsSxi4#dg1\" target=\"_blank\" rel=\"nofollow noopener noreferrer\">https:\/\/www.educacionfpydeportes.gob.es\/&#8230;\/050140-2024&#8230;<\/a><\/div>\n<div dir=\"auto\"><img loading=\"lazy\" decoding=\"async\" class=\"aligncenter size-large wp-image-3783\" src=\"https:\/\/blogsaverroes.juntadeandalucia.es\/ceipvalerianolopez\/files\/2024\/05\/Becas-Neae-Paso-a-paso-1024x1024.jpg\" alt=\"\" width=\"832\" height=\"832\" srcset=\"https:\/\/blogsaverroes.juntadeandalucia.es\/ceipvalerianolopez\/files\/2024\/05\/Becas-Neae-Paso-a-paso-1024x1024.jpg 1024w, https:\/\/blogsaverroes.juntadeandalucia.es\/ceipvalerianolopez\/files\/2024\/05\/Becas-Neae-Paso-a-paso-300x300.jpg 300w, https:\/\/blogsaverroes.juntadeandalucia.es\/ceipvalerianolopez\/files\/2024\/05\/Becas-Neae-Paso-a-paso-150x150.jpg 150w, https:\/\/blogsaverroes.juntadeandalucia.es\/ceipvalerianolopez\/files\/2024\/05\/Becas-Neae-Paso-a-paso-768x768.jpg 768w, https:\/\/blogsaverroes.juntadeandalucia.es\/ceipvalerianolopez\/files\/2024\/05\/Becas-Neae-Paso-a-paso-246x246.jpg 246w, https:\/\/blogsaverroes.juntadeandalucia.es\/ceipvalerianolopez\/files\/2024\/05\/Becas-Neae-Paso-a-paso-520x520.jpg 520w, https:\/\/blogsaverroes.juntadeandalucia.es\/ceipvalerianolopez\/files\/2024\/05\/Becas-Neae-Paso-a-paso-185x185.jpg 185w, https:\/\/blogsaverroes.juntadeandalucia.es\/ceipvalerianolopez\/files\/2024\/05\/Becas-Neae-Paso-a-paso-220x220.jpg 220w, https:\/\/blogsaverroes.juntadeandalucia.es\/ceipvalerianolopez\/files\/2024\/05\/Becas-Neae-Paso-a-paso-60x60.jpg 60w, https:\/\/blogsaverroes.juntadeandalucia.es\/ceipvalerianolopez\/files\/2024\/05\/Becas-Neae-Paso-a-paso-384x384.jpg 384w, https:\/\/blogsaverroes.juntadeandalucia.es\/ceipvalerianolopez\/files\/2024\/05\/Becas-Neae-Paso-a-paso.jpg 1080w\" sizes=\"(max-width: 832px) 100vw, 832px\" \/><\/div>\n<\/div>\n","protected":false},"excerpt":{"rendered":"<p>Becas y ayudas para alumnos con necesidad especifica de apoyo educativo 2024-25 El plazo de presentaci\u00f3n de solicitudes de las becas y ayudas del Ministerio&hellip;<\/p>\n","protected":false},"author":8377,"featured_media":3784,"comment_status":"closed","ping_status":"closed","sticky":false,"template":"","format":"standard","meta":{"ngg_post_thumbnail":0,"footnotes":""},"categories":[19],"tags":[2312482],"aioseo_notices":[],"_links":{"self":[{"href":"https:\/\/blogsaverroes.juntadeandalucia.es\/ceipvalerianolopez\/wp-json\/wp\/v2\/posts\/3782"}],"collection":[{"href":"https:\/\/blogsaverroes.juntadeandalucia.es\/ceipvalerianolopez\/wp-json\/wp\/v2\/posts"}],"about":[{"href":"https:\/\/blogsaverroes.juntadeandalucia.es\/ceipvalerianolopez\/wp-json\/wp\/v2\/types\/post"}],"author":[{"embeddable":true,"href":"https:\/\/blogsaverroes.juntadeandalucia.es\/ceipvalerianolopez\/wp-json\/wp\/v2\/users\/8377"}],"replies":[{"embeddable":true,"href":"https:\/\/blogsaverroes.juntadeandalucia.es\/ceipvalerianolopez\/wp-json\/wp\/v2\/comments?post=3782"}],"version-history":[{"count":1,"href":"https:\/\/blogsaverroes.juntadeandalucia.es\/ceipvalerianolopez\/wp-json\/wp\/v2\/posts\/3782\/revisions"}],"predecessor-version":[{"id":3785,"href":"https:\/\/blogsaverroes.juntadeandalucia.es\/ceipvalerianolopez\/wp-json\/wp\/v2\/posts\/3782\/revisions\/3785"}],"wp:featuredmedia":[{"embeddable":true,"href":"https:\/\/blogsaverroes.juntadeandalucia.es\/ceipvalerianolopez\/wp-json\/wp\/v2\/media\/3784"}],"wp:attachment":[{"href":"https:\/\/blogsaverroes.juntadeandalucia.es\/ceipvalerianolopez\/wp-json\/wp\/v2\/media?parent=3782"}],"wp:term":[{"taxonomy":"category","embeddable":true,"href":"https:\/\/blogsaverroes.juntadeandalucia.es\/ceipvalerianolopez\/wp-json\/wp\/v2\/categories?post=3782"},{"taxonomy":"post_tag","embeddable":true,"href":"https:\/\/blogsaverroes.juntadeandalucia.es\/ceipvalerianolopez\/wp-json\/wp\/v2\/tags?post=3782"}],"curies":[{"name":"wp","href":"https:\/\/api.w.org\/{rel}","templated":true}]}}