{"id":3814,"date":"2024-06-10T18:38:24","date_gmt":"2024-06-10T16:38:24","guid":{"rendered":"https:\/\/blogsaverroes.juntadeandalucia.es\/ceipvalerianolopez\/?p=3814"},"modified":"2024-06-22T18:40:16","modified_gmt":"2024-06-22T16:40:16","slug":"campeones-equipo-alevin-del-ceip-valeriano-lopez","status":"publish","type":"post","link":"https:\/\/blogsaverroes.juntadeandalucia.es\/ceipvalerianolopez\/campeones-equipo-alevin-del-ceip-valeriano-lopez\/","title":{"rendered":"CAMPEONES Equipo Alev\u00edn del CEIP Valeriano L\u00f3pez"},"content":{"rendered":"<div class=\"xdj266r x11i5rnm xat24cr x1mh8g0r x1vvkbs x126k92a\">\n<div dir=\"auto\">CAMPEONES Equipo Alev\u00edn del CEIP Valeriano L\u00f3pez en el Torneo de F\u00fatbol Sala de las 24 horas deportivas de Estepona. <span class=\"html-span xexx8yu x4uap5 x18d9i69 xkhd6sd x1hl2dhg x16tdsg8 x1vvkbs x3nfvp2 x1j61x8r x1fcty0u xdj266r xat24cr xgzva0m xhhsvwb xxymvpz xlup9mm x1kky2od\"><img loading=\"lazy\" decoding=\"async\" class=\"xz74otr\" src=\"https:\/\/static.xx.fbcdn.net\/images\/emoji.php\/v9\/t6c\/1\/16\/1f499.png\" alt=\"\ud83d\udc99\" width=\"16\" height=\"16\"><\/span><span class=\"html-span xexx8yu x4uap5 x18d9i69 xkhd6sd x1hl2dhg x16tdsg8 x1vvkbs x3nfvp2 x1j61x8r x1fcty0u xdj266r xat24cr xgzva0m xhhsvwb xxymvpz xlup9mm x1kky2od\"><img loading=\"lazy\" decoding=\"async\" class=\"xz74otr\" src=\"https:\/\/static.xx.fbcdn.net\/images\/emoji.php\/v9\/taf\/1\/16\/26bd.png\" alt=\"\u26bd\ufe0f\" width=\"16\" height=\"16\"><\/span><\/div>\n<\/div>\n<div class=\"x11i5rnm xat24cr x1mh8g0r x1vvkbs xtlvy1s x126k92a\">\n<div dir=\"auto\">Enhorabuena a nuestro equipo ganador y a todos los participantes en los diversos deportes realizados durante este fin de semana.<\/div>\n<\/div>\n<div class=\"x11i5rnm xat24cr x1mh8g0r x1vvkbs xtlvy1s x126k92a\">\n<div dir=\"auto\">Gracias tambi\u00e9n a la <span class=\"html-span xdj266r x11i5rnm xat24cr x1mh8g0r xexx8yu x4uap5 x18d9i69 xkhd6sd x1hl2dhg x16tdsg8 x1vvkbs\"><a class=\"x1i10hfl xjbqb8w x1ejq31n xd10rxx x1sy0etr x17r0tee x972fbf xcfux6l x1qhh985 xm0m39n x9f619 x1ypdohk xt0psk2 xe8uvvx xdj266r x11i5rnm xat24cr x1mh8g0r xexx8yu x4uap5 x18d9i69 xkhd6sd x16tdsg8 x1hl2dhg xggy1nq x1a2a7pz x1sur9pj xkrqix3 x1fey0fg\" role=\"link\" href=\"https:\/\/www.instagram.com\/_u\/fundacion24horasestepona?fbclid=IwZXh0bgNhZW0CMTAAAR0xxzpGuukHdMtDKpNVez9IfvxOLVkO9I51k--iujvxsH7pAmwhrRUf9-0_aem_4TheraGW5s76TmuRJOjCDw\" target=\"_blank\" rel=\"nofollow noopener noreferrer\">@fundacion24horasestepona<\/a><\/span> , <span class=\"html-span xdj266r x11i5rnm xat24cr x1mh8g0r xexx8yu x4uap5 x18d9i69 xkhd6sd x1hl2dhg x16tdsg8 x1vvkbs\"><a class=\"x1i10hfl xjbqb8w x1ejq31n xd10rxx x1sy0etr x17r0tee x972fbf xcfux6l x1qhh985 xm0m39n x9f619 x1ypdohk xt0psk2 xe8uvvx xdj266r x11i5rnm xat24cr x1mh8g0r xexx8yu x4uap5 x18d9i69 xkhd6sd x16tdsg8 x1hl2dhg xggy1nq x1a2a7pz x1sur9pj xkrqix3 x1fey0fg\" role=\"link\" href=\"https:\/\/l.facebook.com\/l.php?u=https%3A%2F%2Fwww.instagram.com%2F_u%2Faytoestepona%3Ffbclid%3DIwZXh0bgNhZW0CMTAAAR26Vb9m-25iaj9nNT6jy3WAmj4mXDCxoYv5PoFUzeIQJG9DGPV4JBZLkug_aem_xPh_1rI4O5KFUXiREeMEig&amp;h=AT3QBRaa9qgTjg20_4yOy6SoRor0jzra5_eJJRvk7WHB2oDP4NV7RxPM9uxZzFF2y40JQroFoxsdFEGDwUwaoTf4lXz3thMutnq3UbKjLgsI-iGJKBZ99Xg-EY4WCV2ywFLX&amp;__tn__=-UK-R&amp;c[0]=AT0mlLFCMNcg4neWflYGYOMhjgpI-qDGassgBvrXmgqBzyvHfJYF6teax0nFGtfrd_yT1_u2wk7jWUS4pROaiV_Y_m-SxgONfzvc80ICY9U02f12_r5mVVHRdcpiVE8geJ-lCEBLr1LHKFmnYi4HqjHQoolE2QSXnCSeX6BsKJrH1yh2U39tXHTZ70fX3RICabHQQG-vhU_PWPf03VP4w0Ag1ksosfMhUG9Sr0rCRb9W-0pLSyA\" target=\"_blank\" rel=\"nofollow noopener noreferrer\">@aytoestepona<\/a><\/span> y a todos los colaboradores por hacer posible dicho evento.<\/div>\n<div dir=\"auto\"><img loading=\"lazy\" decoding=\"async\" class=\"aligncenter size-large wp-image-3815\" src=\"https:\/\/blogsaverroes.juntadeandalucia.es\/ceipvalerianolopez\/files\/2024\/06\/futbol-1024x768.jpg\" alt=\"\" width=\"832\" height=\"624\" srcset=\"https:\/\/blogsaverroes.juntadeandalucia.es\/ceipvalerianolopez\/files\/2024\/06\/futbol-1024x768.jpg 1024w, https:\/\/blogsaverroes.juntadeandalucia.es\/ceipvalerianolopez\/files\/2024\/06\/futbol-300x225.jpg 300w, https:\/\/blogsaverroes.juntadeandalucia.es\/ceipvalerianolopez\/files\/2024\/06\/futbol-768x576.jpg 768w, https:\/\/blogsaverroes.juntadeandalucia.es\/ceipvalerianolopez\/files\/2024\/06\/futbol.jpg 1440w\" sizes=\"(max-width: 832px) 100vw, 832px\" \/><\/div>\n<\/div>\n","protected":false},"excerpt":{"rendered":"<p>CAMPEONES Equipo Alev\u00edn del CEIP Valeriano L\u00f3pez en el Torneo de F\u00fatbol Sala de las 24 horas deportivas de Estepona. Enhorabuena a nuestro equipo ganador&hellip;<\/p>\n","protected":false},"author":8377,"featured_media":3815,"comment_status":"closed","ping_status":"closed","sticky":false,"template":"","format":"standard","meta":{"ngg_post_thumbnail":0,"footnotes":""},"categories":[2312535,32,597,33096],"tags":[],"aioseo_notices":[],"_links":{"self":[{"href":"https:\/\/blogsaverroes.juntadeandalucia.es\/ceipvalerianolopez\/wp-json\/wp\/v2\/posts\/3814"}],"collection":[{"href":"https:\/\/blogsaverroes.juntadeandalucia.es\/ceipvalerianolopez\/wp-json\/wp\/v2\/posts"}],"about":[{"href":"https:\/\/blogsaverroes.juntadeandalucia.es\/ceipvalerianolopez\/wp-json\/wp\/v2\/types\/post"}],"author":[{"embeddable":true,"href":"https:\/\/blogsaverroes.juntadeandalucia.es\/ceipvalerianolopez\/wp-json\/wp\/v2\/users\/8377"}],"replies":[{"embeddable":true,"href":"https:\/\/blogsaverroes.juntadeandalucia.es\/ceipvalerianolopez\/wp-json\/wp\/v2\/comments?post=3814"}],"version-history":[{"count":1,"href":"https:\/\/blogsaverroes.juntadeandalucia.es\/ceipvalerianolopez\/wp-json\/wp\/v2\/posts\/3814\/revisions"}],"predecessor-version":[{"id":3816,"href":"https:\/\/blogsaverroes.juntadeandalucia.es\/ceipvalerianolopez\/wp-json\/wp\/v2\/posts\/3814\/revisions\/3816"}],"wp:featuredmedia":[{"embeddable":true,"href":"https:\/\/blogsaverroes.juntadeandalucia.es\/ceipvalerianolopez\/wp-json\/wp\/v2\/media\/3815"}],"wp:attachment":[{"href":"https:\/\/blogsaverroes.juntadeandalucia.es\/ceipvalerianolopez\/wp-json\/wp\/v2\/media?parent=3814"}],"wp:term":[{"taxonomy":"category","embeddable":true,"href":"https:\/\/blogsaverroes.juntadeandalucia.es\/ceipvalerianolopez\/wp-json\/wp\/v2\/categories?post=3814"},{"taxonomy":"post_tag","embeddable":true,"href":"https:\/\/blogsaverroes.juntadeandalucia.es\/ceipvalerianolopez\/wp-json\/wp\/v2\/tags?post=3814"}],"curies":[{"name":"wp","href":"https:\/\/api.w.org\/{rel}","templated":true}]}}