{"id":3894,"date":"2024-09-15T10:41:21","date_gmt":"2024-09-15T08:41:21","guid":{"rendered":"https:\/\/blogsaverroes.juntadeandalucia.es\/ceipvalerianolopez\/?p=3894"},"modified":"2024-10-06T10:43:20","modified_gmt":"2024-10-06T08:43:20","slug":"informacion-actividades-extraescolares-24-25-2","status":"publish","type":"post","link":"https:\/\/blogsaverroes.juntadeandalucia.es\/ceipvalerianolopez\/informacion-actividades-extraescolares-24-25-2\/","title":{"rendered":"INFORMACI\u00d3N ACTIVIDADES EXTRAESCOLARES 24\/25"},"content":{"rendered":"<div class=\"x11i5rnm xat24cr x1mh8g0r x1vvkbs xtlvy1s x126k92a\">\n<div dir=\"auto\">Las actividades extraescolares se desarrollar\u00e1n de octubre a mayo. Durante el mes de septiembre se informar\u00e1 de los talleres definitivos ya que es necesario contar con 10 usuarios para su inicio.<\/div>\n<\/div>\n<div class=\"x11i5rnm xat24cr x1mh8g0r x1vvkbs xtlvy1s x126k92a\">\n<div dir=\"auto\">Aunque se hizo una preinscripci\u00f3n con la matr\u00edcula en junio, es necesario CONFIRMAR PLAZA antes del 20 de septiembre al correo de administraci\u00f3n para poder dar inicio a cada actividad: 29016173.administracion@g.educaand.es<\/div>\n<div dir=\"auto\">&#8211; Precio sin bonificaci\u00f3n 17,51\u20ac por taller al mes (2 d\u00edas a la semana). Aquellas familias que tengan bonificaci\u00f3n solo se les bonifica el primer taller y para dar de baja siempre antes de la \u00faltima semana del mes.<\/div>\n<\/div>\n<div class=\"x11i5rnm xat24cr x1mh8g0r x1vvkbs xtlvy1s x126k92a\">\n<div dir=\"auto\">El programa PROA (Acompa\u00f1amiento escolar o refuerzo), se ofertar\u00e1 los martes y jueves de 16:00 a 18:00 impartido por t\u00e9cnicos titulados. Destinado a alumnado de 3\u00ba a 6\u00ba de primaria. Es una actividad gratuita al estar subvencionada por la Junta de Andaluc\u00eda. La fecha de inicio del PROA est\u00e1 pendiente de publicar por la Junta de Andaluc\u00eda (2\u00ba quincena de Octubre).<\/div>\n<\/div>\n<div class=\"x11i5rnm xat24cr x1mh8g0r x1vvkbs xtlvy1s x126k92a\">\n<div dir=\"auto\">Para el Programa + Deporte (Colpbol, Baloncesto, F\u00fatbol) estamos pendientes de confirmaci\u00f3n de fechas de inicio y grupos. Al igual que el PROA una vez nos confirmen se avisar\u00e1 a las familias interesadas. Es una actividad gratuita y subvencionada de enero a mayo, y con un importe de 5\u20ac\/mes de octubre a diciembre que gestiona las 24Horas deportivas de Estepona.<\/div>\n<\/div>\n<div class=\"x11i5rnm xat24cr x1mh8g0r x1vvkbs xtlvy1s x126k92a\">\n<div dir=\"auto\">Una de las \u201cpreocupaciones\u201d de todas las familias es poder cuadrar las actividades no lectivas de nuestros hijos\/as, es por eso que os pasamos el cuadrante de actividades extraescolares de este curso escolar.<\/div>\n<div dir=\"auto\"><img loading=\"lazy\" decoding=\"async\" class=\"aligncenter size-large wp-image-3895\" src=\"https:\/\/blogsaverroes.juntadeandalucia.es\/ceipvalerianolopez\/files\/2024\/10\/extraescolares2-1024x723.jpg\" alt=\"\" width=\"832\" height=\"587\" srcset=\"https:\/\/blogsaverroes.juntadeandalucia.es\/ceipvalerianolopez\/files\/2024\/10\/extraescolares2-1024x723.jpg 1024w, https:\/\/blogsaverroes.juntadeandalucia.es\/ceipvalerianolopez\/files\/2024\/10\/extraescolares2-300x212.jpg 300w, https:\/\/blogsaverroes.juntadeandalucia.es\/ceipvalerianolopez\/files\/2024\/10\/extraescolares2-768x542.jpg 768w, https:\/\/blogsaverroes.juntadeandalucia.es\/ceipvalerianolopez\/files\/2024\/10\/extraescolares2.jpg 1440w\" sizes=\"(max-width: 832px) 100vw, 832px\" \/><\/div>\n<\/div>\n","protected":false},"excerpt":{"rendered":"<p>Las actividades extraescolares se desarrollar\u00e1n de octubre a mayo. Durante el mes de septiembre se informar\u00e1 de los talleres definitivos ya que es necesario contar&hellip;<\/p>\n","protected":false},"author":8377,"featured_media":3895,"comment_status":"closed","ping_status":"closed","sticky":false,"template":"","format":"standard","meta":{"ngg_post_thumbnail":0,"footnotes":""},"categories":[597],"tags":[2312541],"aioseo_notices":[],"_links":{"self":[{"href":"https:\/\/blogsaverroes.juntadeandalucia.es\/ceipvalerianolopez\/wp-json\/wp\/v2\/posts\/3894"}],"collection":[{"href":"https:\/\/blogsaverroes.juntadeandalucia.es\/ceipvalerianolopez\/wp-json\/wp\/v2\/posts"}],"about":[{"href":"https:\/\/blogsaverroes.juntadeandalucia.es\/ceipvalerianolopez\/wp-json\/wp\/v2\/types\/post"}],"author":[{"embeddable":true,"href":"https:\/\/blogsaverroes.juntadeandalucia.es\/ceipvalerianolopez\/wp-json\/wp\/v2\/users\/8377"}],"replies":[{"embeddable":true,"href":"https:\/\/blogsaverroes.juntadeandalucia.es\/ceipvalerianolopez\/wp-json\/wp\/v2\/comments?post=3894"}],"version-history":[{"count":1,"href":"https:\/\/blogsaverroes.juntadeandalucia.es\/ceipvalerianolopez\/wp-json\/wp\/v2\/posts\/3894\/revisions"}],"predecessor-version":[{"id":3896,"href":"https:\/\/blogsaverroes.juntadeandalucia.es\/ceipvalerianolopez\/wp-json\/wp\/v2\/posts\/3894\/revisions\/3896"}],"wp:featuredmedia":[{"embeddable":true,"href":"https:\/\/blogsaverroes.juntadeandalucia.es\/ceipvalerianolopez\/wp-json\/wp\/v2\/media\/3895"}],"wp:attachment":[{"href":"https:\/\/blogsaverroes.juntadeandalucia.es\/ceipvalerianolopez\/wp-json\/wp\/v2\/media?parent=3894"}],"wp:term":[{"taxonomy":"category","embeddable":true,"href":"https:\/\/blogsaverroes.juntadeandalucia.es\/ceipvalerianolopez\/wp-json\/wp\/v2\/categories?post=3894"},{"taxonomy":"post_tag","embeddable":true,"href":"https:\/\/blogsaverroes.juntadeandalucia.es\/ceipvalerianolopez\/wp-json\/wp\/v2\/tags?post=3894"}],"curies":[{"name":"wp","href":"https:\/\/api.w.org\/{rel}","templated":true}]}}