{"id":3956,"date":"2024-11-19T21:31:17","date_gmt":"2024-11-19T20:31:17","guid":{"rendered":"https:\/\/blogsaverroes.juntadeandalucia.es\/ceipvalerianolopez\/?p=3956"},"modified":"2024-11-19T21:31:17","modified_gmt":"2024-11-19T20:31:17","slug":"resultados-elecciones-consejo-escolar-2024-sector-madres-padres","status":"publish","type":"post","link":"https:\/\/blogsaverroes.juntadeandalucia.es\/ceipvalerianolopez\/resultados-elecciones-consejo-escolar-2024-sector-madres-padres\/","title":{"rendered":"Resultados Elecciones Consejo Escolar 2024 (Sector Madres\/Padres)"},"content":{"rendered":"<p><strong>Resultados Elecciones Consejo Escolar 2024 (Sector Madres\/Padres)<\/strong><\/p>\n<p>La mesa electoral da por finalizada la votaci\u00f3n, a las 20:00 horas del 19 de noviembre, el resultado fue el siguiente:<\/p>\n<p>TOTAL VOTOS EMITIDOS <strong>168<\/strong> . De ellos&nbsp; <strong>159<\/strong> por la modalidad no presencial.<\/p>\n<p>Los votos son los siguientes:<\/p>\n<p>D\u00aa Alarc\u00f3n S\u00e1nchez, Roc\u00edo &nbsp;&nbsp;&nbsp;&nbsp;&nbsp;&nbsp;&nbsp;&nbsp;&nbsp;&nbsp;&nbsp;&nbsp;&nbsp;&nbsp;&nbsp;&nbsp;&nbsp;&nbsp;&nbsp;&nbsp;N\u00ba de votos __54<\/p>\n<p>D\u00aa Barrientos S\u00e1nchez, Mar\u00eda Emilia&nbsp; &nbsp;N\u00ba de votos __41<\/p>\n<p>D\u00aa Delgado Montilla, Sara &nbsp;&nbsp;&nbsp;&nbsp;&nbsp;&nbsp;&nbsp;&nbsp;&nbsp;&nbsp;&nbsp;&nbsp;&nbsp;&nbsp;&nbsp;&nbsp;&nbsp;&nbsp;&nbsp;&nbsp;&nbsp;N\u00ba de votos __46<\/p>\n<p>D\u00aa Dom\u00ednguez Ben\u00edtez, Ana Mar\u00eda &nbsp;&nbsp;&nbsp;&nbsp;&nbsp;&nbsp;&nbsp;N\u00ba de votos __25<\/p>\n<p>D\u00aa Garc\u00eda Ja\u00e9n, Myriam &nbsp;&nbsp;&nbsp;&nbsp;&nbsp;&nbsp;&nbsp;&nbsp;&nbsp;&nbsp;&nbsp;&nbsp;&nbsp;&nbsp;&nbsp;&nbsp;&nbsp;&nbsp;&nbsp;&nbsp;&nbsp;&nbsp;&nbsp;&nbsp;&nbsp;&nbsp;N\u00ba de votos __62<\/p>\n<p>D\u00aa L\u00f3pez G\u00f3mez, Patricia &nbsp;&nbsp;&nbsp;&nbsp;&nbsp;&nbsp;&nbsp;&nbsp;&nbsp;&nbsp;&nbsp;&nbsp;&nbsp;&nbsp;&nbsp;&nbsp;&nbsp;&nbsp;&nbsp;&nbsp;&nbsp;&nbsp;&nbsp;N\u00ba de votos __54<\/p>\n<p>D\u00aa Mart\u00ednez S\u00e1nchez, Mar\u00eda Josefa &nbsp;&nbsp;&nbsp;&nbsp;&nbsp;&nbsp;N\u00ba de votos __30<\/p>\n<p>D\u00aa Puerta Gar\u00edn, Mar\u00eda &nbsp;&nbsp;&nbsp;&nbsp;&nbsp;&nbsp;&nbsp;&nbsp;&nbsp;&nbsp;&nbsp;&nbsp;&nbsp;&nbsp;&nbsp;&nbsp;&nbsp;&nbsp;&nbsp;&nbsp;&nbsp;&nbsp;&nbsp;&nbsp;&nbsp;&nbsp;&nbsp;N\u00ba de votos __65<\/p>\n<p>D\u00aa Rodr\u00edguez Calvente, Francisca &nbsp;&nbsp;&nbsp;&nbsp;&nbsp;&nbsp;&nbsp;&nbsp;&nbsp;N\u00ba de votos __54<\/p>\n<p>D\u00aa Rubio Garc\u00eda, Noelia &nbsp;&nbsp;&nbsp;&nbsp;&nbsp;&nbsp;&nbsp;&nbsp;&nbsp;&nbsp;&nbsp;&nbsp;&nbsp;&nbsp;&nbsp;&nbsp;&nbsp;&nbsp;&nbsp;&nbsp;&nbsp;&nbsp;&nbsp;&nbsp;&nbsp;&nbsp;N\u00ba de votos __38<\/p>\n<p>D\u00aa Santos Manzano, Cristina &nbsp;&nbsp;&nbsp;&nbsp;&nbsp;&nbsp;&nbsp;&nbsp;&nbsp;&nbsp;&nbsp;&nbsp;&nbsp;&nbsp;&nbsp;&nbsp;&nbsp;N\u00ba de votos __55<\/p>\n<p>D\u00aa V\u00e1zquez L\u00f3pez, Mari Carmen&nbsp;&nbsp;&nbsp;&nbsp;&nbsp;&nbsp;&nbsp;&nbsp;&nbsp;&nbsp; N\u00ba de votos __46<\/p>\n<p>&nbsp;<\/p>\n<p>En consecuencia, han sido elegidos\/as como representantes de madres y padres del alumnado en el Consejo Escolar:<\/p>\n<p>D\u00aa Alarc\u00f3n S\u00e1nchez, Roc\u00edo<\/p>\n<p>D\u00aa Garc\u00eda Ja\u00e9n, Myriam<\/p>\n<p>D\u00aa L\u00f3pez G\u00f3mez, Patricia<\/p>\n<p>D\u00aa Puerta Gar\u00edn, Mar\u00eda<\/p>\n<p>D\u00aa Rodr\u00edguez Calvente, Francisca<\/p>\n<p>D\u00aa Santos Manzano, Cristina<\/p>\n<div>&nbsp;<\/div>\n<div>Esta informaci\u00f3n estar\u00e1 expuesta en el tabl\u00f3n de anuncios del centro.<\/div>\n<div>&nbsp;<\/div>\n<div>Agradecimiento a todos\/as las madres y padres que de una forma u otra han ejercido su derecho al voto, as\u00ed como a todas las candidaturas presentadas.<\/div>\n<div>&nbsp;<\/div>\n<div>Enhorabuena a las 6 candidaturas que formar\u00e1n parte del nuevo consejo escolar cuya constituci\u00f3n ser\u00e1 en el pr\u00f3ximo mes de diciembre.<\/div>\n","protected":false},"excerpt":{"rendered":"<p>Resultados Elecciones Consejo Escolar 2024 (Sector Madres\/Padres) La mesa electoral da por finalizada la votaci\u00f3n, a las 20:00 horas del 19 de noviembre, el resultado&hellip;<\/p>\n","protected":false},"author":8377,"featured_media":3957,"comment_status":"closed","ping_status":"closed","sticky":false,"template":"","format":"standard","meta":{"ngg_post_thumbnail":0,"footnotes":""},"categories":[2312422],"tags":[2312487],"aioseo_notices":[],"_links":{"self":[{"href":"https:\/\/blogsaverroes.juntadeandalucia.es\/ceipvalerianolopez\/wp-json\/wp\/v2\/posts\/3956"}],"collection":[{"href":"https:\/\/blogsaverroes.juntadeandalucia.es\/ceipvalerianolopez\/wp-json\/wp\/v2\/posts"}],"about":[{"href":"https:\/\/blogsaverroes.juntadeandalucia.es\/ceipvalerianolopez\/wp-json\/wp\/v2\/types\/post"}],"author":[{"embeddable":true,"href":"https:\/\/blogsaverroes.juntadeandalucia.es\/ceipvalerianolopez\/wp-json\/wp\/v2\/users\/8377"}],"replies":[{"embeddable":true,"href":"https:\/\/blogsaverroes.juntadeandalucia.es\/ceipvalerianolopez\/wp-json\/wp\/v2\/comments?post=3956"}],"version-history":[{"count":1,"href":"https:\/\/blogsaverroes.juntadeandalucia.es\/ceipvalerianolopez\/wp-json\/wp\/v2\/posts\/3956\/revisions"}],"predecessor-version":[{"id":3958,"href":"https:\/\/blogsaverroes.juntadeandalucia.es\/ceipvalerianolopez\/wp-json\/wp\/v2\/posts\/3956\/revisions\/3958"}],"wp:featuredmedia":[{"embeddable":true,"href":"https:\/\/blogsaverroes.juntadeandalucia.es\/ceipvalerianolopez\/wp-json\/wp\/v2\/media\/3957"}],"wp:attachment":[{"href":"https:\/\/blogsaverroes.juntadeandalucia.es\/ceipvalerianolopez\/wp-json\/wp\/v2\/media?parent=3956"}],"wp:term":[{"taxonomy":"category","embeddable":true,"href":"https:\/\/blogsaverroes.juntadeandalucia.es\/ceipvalerianolopez\/wp-json\/wp\/v2\/categories?post=3956"},{"taxonomy":"post_tag","embeddable":true,"href":"https:\/\/blogsaverroes.juntadeandalucia.es\/ceipvalerianolopez\/wp-json\/wp\/v2\/tags?post=3956"}],"curies":[{"name":"wp","href":"https:\/\/api.w.org\/{rel}","templated":true}]}}