{"id":3969,"date":"2024-11-28T16:41:40","date_gmt":"2024-11-28T15:41:40","guid":{"rendered":"https:\/\/blogsaverroes.juntadeandalucia.es\/ceipvalerianolopez\/?p=3969"},"modified":"2024-11-30T16:43:53","modified_gmt":"2024-11-30T15:43:53","slug":"25-de-noviembre-educar-para-eliminar-la-violencia","status":"publish","type":"post","link":"https:\/\/blogsaverroes.juntadeandalucia.es\/ceipvalerianolopez\/25-de-noviembre-educar-para-eliminar-la-violencia\/","title":{"rendered":"25 de noviembre : Educar para eliminar la violencia"},"content":{"rendered":"<div class=\"xdj266r x11i5rnm xat24cr x1mh8g0r x1vvkbs x126k92a\">\n<div dir=\"auto\">El pasado 25 de noviembre, celebramos el D\u00eda Internacional de la Eliminaci\u00f3n de la Violencia contra la Mujer, nuestras aulas se convierten en espacios de reflexi\u00f3n, respeto y aprendizaje. Este d\u00eda nos invita a reconocer la importancia de construir una sociedad basada en la igualdad, la empat\u00eda y la no violencia.<\/div>\n<\/div>\n<div class=\"x11i5rnm xat24cr x1mh8g0r x1vvkbs xtlvy1s x126k92a\">\n<div dir=\"auto\">Desde el colegio, aprendemos que cada palabra cuenta, que cada acci\u00f3n puede marcar la diferencia. Por eso, fomentamos valores como el respeto, la solidaridad y la convivencia, ense\u00f1ando a las ni\u00f1as y ni\u00f1os que todos merecemos vivir en un mundo justo y seguro.<\/div>\n<\/div>\n<div class=\"x11i5rnm xat24cr x1mh8g0r x1vvkbs xtlvy1s x126k92a\">\n<div dir=\"auto\">A trav\u00e9s de actividades, di\u00e1logos, v\u00eddeos y expresiones art\u00edsticas, trabajamos juntos para sembrar las semillas de un futuro sin violencia, donde la igualdad sea la norma y no la excepci\u00f3n.<\/div>\n<\/div>\n<div class=\"x11i5rnm xat24cr x1mh8g0r x1vvkbs xtlvy1s x126k92a\">\n<div dir=\"auto\"><img loading=\"lazy\" decoding=\"async\" class=\"aligncenter size-large wp-image-3970\" src=\"https:\/\/blogsaverroes.juntadeandalucia.es\/ceipvalerianolopez\/files\/2024\/11\/25-N-1024x819.jpg\" alt=\"\" width=\"832\" height=\"665\" srcset=\"https:\/\/blogsaverroes.juntadeandalucia.es\/ceipvalerianolopez\/files\/2024\/11\/25-N-1024x819.jpg 1024w, https:\/\/blogsaverroes.juntadeandalucia.es\/ceipvalerianolopez\/files\/2024\/11\/25-N-300x240.jpg 300w, https:\/\/blogsaverroes.juntadeandalucia.es\/ceipvalerianolopez\/files\/2024\/11\/25-N-768x614.jpg 768w, https:\/\/blogsaverroes.juntadeandalucia.es\/ceipvalerianolopez\/files\/2024\/11\/25-N.jpg 1278w\" sizes=\"(max-width: 832px) 100vw, 832px\" \/><\/div>\n<\/div>\n","protected":false},"excerpt":{"rendered":"<p>El pasado 25 de noviembre, celebramos el D\u00eda Internacional de la Eliminaci\u00f3n de la Violencia contra la Mujer, nuestras aulas se convierten en espacios de&hellip;<\/p>\n","protected":false},"author":8377,"featured_media":3970,"comment_status":"closed","ping_status":"closed","sticky":false,"template":"","format":"standard","meta":{"ngg_post_thumbnail":0,"footnotes":""},"categories":[32,1029588,33096],"tags":[3253],"aioseo_notices":[],"_links":{"self":[{"href":"https:\/\/blogsaverroes.juntadeandalucia.es\/ceipvalerianolopez\/wp-json\/wp\/v2\/posts\/3969"}],"collection":[{"href":"https:\/\/blogsaverroes.juntadeandalucia.es\/ceipvalerianolopez\/wp-json\/wp\/v2\/posts"}],"about":[{"href":"https:\/\/blogsaverroes.juntadeandalucia.es\/ceipvalerianolopez\/wp-json\/wp\/v2\/types\/post"}],"author":[{"embeddable":true,"href":"https:\/\/blogsaverroes.juntadeandalucia.es\/ceipvalerianolopez\/wp-json\/wp\/v2\/users\/8377"}],"replies":[{"embeddable":true,"href":"https:\/\/blogsaverroes.juntadeandalucia.es\/ceipvalerianolopez\/wp-json\/wp\/v2\/comments?post=3969"}],"version-history":[{"count":1,"href":"https:\/\/blogsaverroes.juntadeandalucia.es\/ceipvalerianolopez\/wp-json\/wp\/v2\/posts\/3969\/revisions"}],"predecessor-version":[{"id":3971,"href":"https:\/\/blogsaverroes.juntadeandalucia.es\/ceipvalerianolopez\/wp-json\/wp\/v2\/posts\/3969\/revisions\/3971"}],"wp:featuredmedia":[{"embeddable":true,"href":"https:\/\/blogsaverroes.juntadeandalucia.es\/ceipvalerianolopez\/wp-json\/wp\/v2\/media\/3970"}],"wp:attachment":[{"href":"https:\/\/blogsaverroes.juntadeandalucia.es\/ceipvalerianolopez\/wp-json\/wp\/v2\/media?parent=3969"}],"wp:term":[{"taxonomy":"category","embeddable":true,"href":"https:\/\/blogsaverroes.juntadeandalucia.es\/ceipvalerianolopez\/wp-json\/wp\/v2\/categories?post=3969"},{"taxonomy":"post_tag","embeddable":true,"href":"https:\/\/blogsaverroes.juntadeandalucia.es\/ceipvalerianolopez\/wp-json\/wp\/v2\/tags?post=3969"}],"curies":[{"name":"wp","href":"https:\/\/api.w.org\/{rel}","templated":true}]}}