{"id":3999,"date":"2024-12-17T21:42:36","date_gmt":"2024-12-17T20:42:36","guid":{"rendered":"https:\/\/blogsaverroes.juntadeandalucia.es\/ceipvalerianolopez\/?p=3999"},"modified":"2025-01-18T21:51:24","modified_gmt":"2025-01-18T20:51:24","slug":"xiii-edicion-del-encuentro-musical-escolar-de-navidad","status":"publish","type":"post","link":"https:\/\/blogsaverroes.juntadeandalucia.es\/ceipvalerianolopez\/xiii-edicion-del-encuentro-musical-escolar-de-navidad\/","title":{"rendered":"XIII Edici\u00f3n del Encuentro Musical Escolar de Navidad"},"content":{"rendered":"<p>Hoy, martes 17 de diciembre, hemos vivido una jornada muy especial en la Caseta Municipal del Recinto Ferial de Estepona con la XIII Edici\u00f3n del Encuentro Musical Escolar de Navidad, organizada por la Fundaci\u00f3n 24 Horas en colaboraci\u00f3n con el Ayuntamiento de Estepona.<\/p>\n<p>Nuestros alumnos y alumnas del CEIP Valeriano L\u00f3pez han brillado con sus actuaciones interpretando \u201cVillancicos Cl\u00e1sicos\u201d y \u201cEl Arbolito\u201d. Una experiencia \u00fanica donde la m\u00fasica, la convivencia y la solidaridad han sido protagonistas.&nbsp;<\/p>\n<p><a href=\"https:\/\/blogsaverroes.juntadeandalucia.es\/ceipvalerianolopez\/files\/2025\/01\/CARTEL-ENCUENTRO-MUS.pdf\">CARTEL ENCUENTRO MUS<\/a><\/p>\n<p>&nbsp;<\/p>\n","protected":false},"excerpt":{"rendered":"<p>Hoy, martes 17 de diciembre, hemos vivido una jornada muy especial en la Caseta Municipal del Recinto Ferial de Estepona con la XIII Edici\u00f3n del&hellip;<\/p>\n","protected":false},"author":8377,"featured_media":4001,"comment_status":"closed","ping_status":"closed","sticky":false,"template":"","format":"standard","meta":{"ngg_post_thumbnail":0,"footnotes":""},"categories":[2312418],"tags":[],"aioseo_notices":[],"_links":{"self":[{"href":"https:\/\/blogsaverroes.juntadeandalucia.es\/ceipvalerianolopez\/wp-json\/wp\/v2\/posts\/3999"}],"collection":[{"href":"https:\/\/blogsaverroes.juntadeandalucia.es\/ceipvalerianolopez\/wp-json\/wp\/v2\/posts"}],"about":[{"href":"https:\/\/blogsaverroes.juntadeandalucia.es\/ceipvalerianolopez\/wp-json\/wp\/v2\/types\/post"}],"author":[{"embeddable":true,"href":"https:\/\/blogsaverroes.juntadeandalucia.es\/ceipvalerianolopez\/wp-json\/wp\/v2\/users\/8377"}],"replies":[{"embeddable":true,"href":"https:\/\/blogsaverroes.juntadeandalucia.es\/ceipvalerianolopez\/wp-json\/wp\/v2\/comments?post=3999"}],"version-history":[{"count":1,"href":"https:\/\/blogsaverroes.juntadeandalucia.es\/ceipvalerianolopez\/wp-json\/wp\/v2\/posts\/3999\/revisions"}],"predecessor-version":[{"id":4002,"href":"https:\/\/blogsaverroes.juntadeandalucia.es\/ceipvalerianolopez\/wp-json\/wp\/v2\/posts\/3999\/revisions\/4002"}],"wp:featuredmedia":[{"embeddable":true,"href":"https:\/\/blogsaverroes.juntadeandalucia.es\/ceipvalerianolopez\/wp-json\/wp\/v2\/media\/4001"}],"wp:attachment":[{"href":"https:\/\/blogsaverroes.juntadeandalucia.es\/ceipvalerianolopez\/wp-json\/wp\/v2\/media?parent=3999"}],"wp:term":[{"taxonomy":"category","embeddable":true,"href":"https:\/\/blogsaverroes.juntadeandalucia.es\/ceipvalerianolopez\/wp-json\/wp\/v2\/categories?post=3999"},{"taxonomy":"post_tag","embeddable":true,"href":"https:\/\/blogsaverroes.juntadeandalucia.es\/ceipvalerianolopez\/wp-json\/wp\/v2\/tags?post=3999"}],"curies":[{"name":"wp","href":"https:\/\/api.w.org\/{rel}","templated":true}]}}