{"id":4179,"date":"2025-05-02T16:07:04","date_gmt":"2025-05-02T14:07:04","guid":{"rendered":"https:\/\/blogsaverroes.juntadeandalucia.es\/ceipvalerianolopez\/?p=4179"},"modified":"2025-05-03T16:11:09","modified_gmt":"2025-05-03T14:11:09","slug":"mayo-deportivo-en-el-valeriano-compromiso-participacion-y-vida-saludable","status":"publish","type":"post","link":"https:\/\/blogsaverroes.juntadeandalucia.es\/ceipvalerianolopez\/mayo-deportivo-en-el-valeriano-compromiso-participacion-y-vida-saludable\/","title":{"rendered":"Mayo Deportivo en el Valeriano: Compromiso, Participaci\u00f3n y Vida Saludable"},"content":{"rendered":"<h3 class=\"\" data-start=\"136\" data-end=\"229\"><strong data-start=\"140\" data-end=\"229\">Mayo Deportivo en el CEIP Valeriano L\u00f3pez: Compromiso, Participaci\u00f3n y Vida Saludable<\/strong><\/h3>\n<p class=\"\" data-start=\"231\" data-end=\"465\">Este mes de mayo est\u00e1 siendo especialmente activo para nuestro alumnado de 5\u00ba y 6\u00ba de Primaria, que participa en diversas actividades deportivas que fomentan el trabajo en equipo, los h\u00e1bitos saludables y el compromiso con el entorno.<\/p>\n<p class=\"\" data-start=\"467\" data-end=\"730\">Durante los recreos celebramos el <strong data-start=\"501\" data-end=\"543\">II Torneo Colebol CEIP Valeriano L\u00f3pez<\/strong>, organizado por el profesorado de Educaci\u00f3n F\u00edsica (Lucas Carmona, Antonio Torices y el profe Chus), con una participaci\u00f3n muy alta y un gran ambiente de respeto, igualdad y convivencia.<\/p>\n<p class=\"\" data-start=\"732\" data-end=\"1013\">Este <strong data-start=\"737\" data-end=\"747\">s\u00e1bado<\/strong> arranca el <strong data-start=\"759\" data-end=\"792\">VI Match Race de Vela Escolar<\/strong>, organizado por el Real Club N\u00e1utico de Estepona con el apoyo de la <strong data-start=\"861\" data-end=\"894\">Fundaci\u00f3n 24 Horas Deportivas<\/strong> y el <strong data-start=\"900\" data-end=\"928\">Ayuntamiento de Estepona<\/strong>. Una experiencia enriquecedora para nuestro alumnado en contacto directo con el mar.<\/p>\n<p class=\"\" data-start=\"1015\" data-end=\"1210\">La pr\u00f3xima semana llega la <strong data-start=\"1042\" data-end=\"1072\">Final de Atletismo Escolar<\/strong>, donde <strong data-start=\"1080\" data-end=\"1104\">24 alumnos y alumnas<\/strong> representar\u00e1n al centro en pruebas de velocidad, resistencia y relevos mixtos en el Estadio de Atletismo.<\/p>\n<p class=\"\" data-start=\"1212\" data-end=\"1422\">Ese mismo <strong data-start=\"1222\" data-end=\"1243\">viernes 9 de mayo<\/strong>, dos equipos del colegio participar\u00e1n en el <strong data-start=\"1288\" data-end=\"1344\">II Torneo de Colpbol del CEIP San Luis de Sabinillas<\/strong>, compartiendo una jornada de deporte y convivencia con centros de la comarca.<\/p>\n<p class=\"\" data-start=\"1424\" data-end=\"1665\">Estas actividades reflejan el compromiso del centro con el <strong data-start=\"1483\" data-end=\"1524\">Programa de Innovaci\u00f3n Educativa CIMA<\/strong>, a trav\u00e9s de la l\u00ednea de <strong data-start=\"1550\" data-end=\"1579\">H\u00e1bitos de Vida Saludable<\/strong>, y con el programa <strong data-start=\"1599\" data-end=\"1621\">PROA+ Transf\u00f3rmate<\/strong>, que impulsa la equidad y el \u00e9xito escolar.<\/p>\n<p class=\"\" data-start=\"1667\" data-end=\"1935\">En el CEIP Valeriano L\u00f3pez creemos en una educaci\u00f3n conectada con el entorno. Agradecemos la colaboraci\u00f3n de instituciones como el Ayuntamiento, la Fundaci\u00f3n 24 Horas Deportivas, el Club N\u00e1utico y los centros educativos vecinos, con los que trabajamos coordinadamente.<\/p>\n<p class=\"\" data-start=\"1937\" data-end=\"2034\"><strong data-start=\"1937\" data-end=\"2034\">\u00a1Gracias a toda la comunidad educativa por hacerlo posible y mucha suerte a nuestro alumnado!<\/strong><\/p>\n","protected":false},"excerpt":{"rendered":"<p>Mayo Deportivo en el CEIP Valeriano L\u00f3pez: Compromiso, Participaci\u00f3n y Vida Saludable Este mes de mayo est\u00e1 siendo especialmente activo para nuestro alumnado de 5\u00ba&hellip;<\/p>\n","protected":false},"author":8377,"featured_media":4180,"comment_status":"closed","ping_status":"closed","sticky":false,"template":"","format":"standard","meta":{"ngg_post_thumbnail":0,"footnotes":""},"categories":[2312535,32,1029588,307409,33096,2312464],"tags":[2312553,2312554,2312465],"aioseo_notices":[],"_links":{"self":[{"href":"https:\/\/blogsaverroes.juntadeandalucia.es\/ceipvalerianolopez\/wp-json\/wp\/v2\/posts\/4179"}],"collection":[{"href":"https:\/\/blogsaverroes.juntadeandalucia.es\/ceipvalerianolopez\/wp-json\/wp\/v2\/posts"}],"about":[{"href":"https:\/\/blogsaverroes.juntadeandalucia.es\/ceipvalerianolopez\/wp-json\/wp\/v2\/types\/post"}],"author":[{"embeddable":true,"href":"https:\/\/blogsaverroes.juntadeandalucia.es\/ceipvalerianolopez\/wp-json\/wp\/v2\/users\/8377"}],"replies":[{"embeddable":true,"href":"https:\/\/blogsaverroes.juntadeandalucia.es\/ceipvalerianolopez\/wp-json\/wp\/v2\/comments?post=4179"}],"version-history":[{"count":1,"href":"https:\/\/blogsaverroes.juntadeandalucia.es\/ceipvalerianolopez\/wp-json\/wp\/v2\/posts\/4179\/revisions"}],"predecessor-version":[{"id":4181,"href":"https:\/\/blogsaverroes.juntadeandalucia.es\/ceipvalerianolopez\/wp-json\/wp\/v2\/posts\/4179\/revisions\/4181"}],"wp:featuredmedia":[{"embeddable":true,"href":"https:\/\/blogsaverroes.juntadeandalucia.es\/ceipvalerianolopez\/wp-json\/wp\/v2\/media\/4180"}],"wp:attachment":[{"href":"https:\/\/blogsaverroes.juntadeandalucia.es\/ceipvalerianolopez\/wp-json\/wp\/v2\/media?parent=4179"}],"wp:term":[{"taxonomy":"category","embeddable":true,"href":"https:\/\/blogsaverroes.juntadeandalucia.es\/ceipvalerianolopez\/wp-json\/wp\/v2\/categories?post=4179"},{"taxonomy":"post_tag","embeddable":true,"href":"https:\/\/blogsaverroes.juntadeandalucia.es\/ceipvalerianolopez\/wp-json\/wp\/v2\/tags?post=4179"}],"curies":[{"name":"wp","href":"https:\/\/api.w.org\/{rel}","templated":true}]}}