{"id":4297,"date":"2025-09-12T18:59:36","date_gmt":"2025-09-12T16:59:36","guid":{"rendered":"https:\/\/blogsaverroes.juntadeandalucia.es\/ceipvalerianolopez\/?p=4297"},"modified":"2025-10-25T19:00:38","modified_gmt":"2025-10-25T17:00:38","slug":"centro-promotor-de-convivencia-positiva-convivencia-2","status":"publish","type":"post","link":"https:\/\/blogsaverroes.juntadeandalucia.es\/ceipvalerianolopez\/centro-promotor-de-convivencia-positiva-convivencia-2\/","title":{"rendered":"Centro Promotor de Convivencia Positiva (Convivencia+).\u00a0"},"content":{"rendered":"<p>\u00a1Estamos de enhorabuena!<br class=\"html-br\">Por cuarto a\u00f1o consecutivo, el CEIP Valeriano L\u00f3pez ha sido reconocido como Centro Promotor de Convivencia Positiva (Convivencia+).&nbsp;<span class=\"html-span xexx8yu xyri2b x18d9i69 x1c1uobl x1hl2dhg x16tdsg8 x1vvkbs x3nfvp2 x1j61x8r x1fcty0u xdj266r xat24cr xm2jcoa x1mpyi22 xxymvpz xlup9mm x1kky2od\"><img loading=\"lazy\" decoding=\"async\" class=\"xz74otr x15mokao x1ga7v0g x16uus16 xbiv7yw\" src=\"https:\/\/static.xx.fbcdn.net\/images\/emoji.php\/v9\/tba\/1\/16\/1f54a.png\" alt=\"\ud83d\udd4a\ufe0f\" width=\"16\" height=\"16\"><\/span><span class=\"html-span xexx8yu xyri2b x18d9i69 x1c1uobl x1hl2dhg x16tdsg8 x1vvkbs x3nfvp2 x1j61x8r x1fcty0u xdj266r xat24cr xm2jcoa x1mpyi22 xxymvpz xlup9mm x1kky2od\"><img loading=\"lazy\" decoding=\"async\" class=\"xz74otr x15mokao x1ga7v0g x16uus16 xbiv7yw\" src=\"https:\/\/static.xx.fbcdn.net\/images\/emoji.php\/v9\/t6c\/1\/16\/1f499.png\" alt=\"\ud83d\udc99\" width=\"16\" height=\"16\"><\/span><br class=\"html-br\"><br class=\"html-br\">Este reconocimiento, otorgado por la Red Andaluza \u201cEscuela: Espacio de Paz\u201d, destaca a los centros que promueven una convivencia positiva, la participaci\u00f3n activa de la comunidad educativa, el intercambio de buenas pr\u00e1cticas y la mejora continua de sus planes de convivencia.&nbsp;<span class=\"html-span xexx8yu xyri2b x18d9i69 x1c1uobl x1hl2dhg x16tdsg8 x1vvkbs x3nfvp2 x1j61x8r x1fcty0u xdj266r xat24cr xm2jcoa x1mpyi22 xxymvpz xlup9mm x1kky2od\"><img loading=\"lazy\" decoding=\"async\" class=\"xz74otr x15mokao x1ga7v0g x16uus16 xbiv7yw\" src=\"https:\/\/static.xx.fbcdn.net\/images\/emoji.php\/v9\/tfd\/1\/16\/1f64c.png\" alt=\"\ud83d\ude4c\" width=\"16\" height=\"16\"><\/span><span class=\"html-span xexx8yu xyri2b x18d9i69 x1c1uobl x1hl2dhg x16tdsg8 x1vvkbs x3nfvp2 x1j61x8r x1fcty0u xdj266r xat24cr xm2jcoa x1mpyi22 xxymvpz xlup9mm x1kky2od\"><img loading=\"lazy\" decoding=\"async\" class=\"xz74otr x15mokao x1ga7v0g x16uus16 xbiv7yw\" src=\"https:\/\/static.xx.fbcdn.net\/images\/emoji.php\/v9\/t28\/1\/16\/1f3eb.png\" alt=\"\ud83c\udfeb\" width=\"16\" height=\"16\"><\/span><br class=\"html-br\"><br class=\"html-br\"><span class=\"html-span xexx8yu xyri2b x18d9i69 x1c1uobl x1hl2dhg x16tdsg8 x1vvkbs x3nfvp2 x1j61x8r x1fcty0u xdj266r xat24cr xm2jcoa x1mpyi22 xxymvpz xlup9mm x1kky2od\"><img loading=\"lazy\" decoding=\"async\" class=\"xz74otr x15mokao x1ga7v0g x16uus16 xbiv7yw\" src=\"https:\/\/static.xx.fbcdn.net\/images\/emoji.php\/v9\/t2d\/1\/16\/1f4cd.png\" alt=\"\ud83d\udccd\" width=\"16\" height=\"16\"><\/span>&nbsp;En Estepona, han sido cuatro los centros reconocidos en esta convocatoria, y nuestro cole vuelve a estar entre ellos, consolidando nuestro compromiso con la educaci\u00f3n en valores.<br class=\"html-br\"><br class=\"html-br\">Este curso, la coordinaci\u00f3n del programa vuelve a estar en manos del maestro Jos\u00e9 \u00c1ngel, a quien agradecemos su dedicaci\u00f3n y experiencia, junto con nuestro maravilloso alumnado mediador de la paz, motor de muchas de las iniciativas que enriquecen nuestro d\u00eda a d\u00eda.<br class=\"html-br\"><br class=\"html-br\">Estamos muy orgullosos de todo el trabajo realizado y comprometidos en seguir construyendo un centro abierto, seguro y respetuoso con todos y todas.&nbsp;<span class=\"html-span xexx8yu xyri2b x18d9i69 x1c1uobl x1hl2dhg x16tdsg8 x1vvkbs x3nfvp2 x1j61x8r x1fcty0u xdj266r xat24cr xm2jcoa x1mpyi22 xxymvpz xlup9mm x1kky2od\"><img loading=\"lazy\" decoding=\"async\" class=\"xz74otr x15mokao x1ga7v0g x16uus16 xbiv7yw\" src=\"https:\/\/static.xx.fbcdn.net\/images\/emoji.php\/v9\/t3f\/1\/16\/1f30d.png\" alt=\"\ud83c\udf0d\" width=\"16\" height=\"16\"><\/span><span class=\"html-span xexx8yu xyri2b x18d9i69 x1c1uobl x1hl2dhg x16tdsg8 x1vvkbs x3nfvp2 x1j61x8r x1fcty0u xdj266r xat24cr xm2jcoa x1mpyi22 xxymvpz xlup9mm x1kky2od\"><img loading=\"lazy\" decoding=\"async\" class=\"xz74otr x15mokao x1ga7v0g x16uus16 xbiv7yw\" src=\"https:\/\/static.xx.fbcdn.net\/images\/emoji.php\/v9\/t6c\/1\/16\/2764.png\" alt=\"\u2764\ufe0f\" width=\"16\" height=\"16\"><\/span><br class=\"html-br\">\u00a1Gracias por hacerlo posible!<br class=\"html-br\"><br class=\"html-br\"><span class=\"html-span xexx8yu xyri2b x18d9i69 x1c1uobl x1hl2dhg x16tdsg8 x1vvkbs x3nfvp2 x1j61x8r x1fcty0u xdj266r xat24cr xm2jcoa x1mpyi22 xxymvpz xlup9mm x1kky2od\"><img loading=\"lazy\" decoding=\"async\" class=\"xz74otr x15mokao x1ga7v0g x16uus16 xbiv7yw\" src=\"https:\/\/static.xx.fbcdn.net\/images\/emoji.php\/v9\/tfd\/1\/16\/1f4c4.png\" alt=\"\ud83d\udcc4\" width=\"16\" height=\"16\"><\/span>&nbsp;M\u00e1s informaci\u00f3n en la Resoluci\u00f3n Provisional de septiembre de 2025 de la Direcci\u00f3n General de Participaci\u00f3n e Inclusi\u00f3n Educativa.<br class=\"html-br\"><br class=\"html-br\"><span class=\"html-span xdj266r x14z9mp xat24cr x1lziwak xexx8yu xyri2b x18d9i69 x1c1uobl x1hl2dhg x16tdsg8 x1vvkbs\"><a class=\"x1i10hfl xjbqb8w x1ejq31n x18oe1m7 x1sy0etr xstzfhl x972fbf x10w94by x1qhh985 x14e42zd x9f619 x1ypdohk xt0psk2 x3ct3a4 xdj266r x14z9mp xat24cr x1lziwak xexx8yu xyri2b x18d9i69 x1c1uobl x16tdsg8 x1hl2dhg xggy1nq x1a2a7pz xkrqix3 x1sur9pj xzsf02u x1s688f\" role=\"link\" href=\"https:\/\/www.facebook.com\/hashtag\/convivenciapositiva?__eep__=6&amp;__cft__[0]=AZUsWuObwN-c2IVTvOTEfAHDFlqH-RQRnzrl5OOsCj21UCASVgWMLLJsxyHVJmL1--fWjvMcAfAIcxVWRYIgaOc2VdObe-pR4hwEZX5vdCMoWEpjMBec3aVdjO_vJwpKa99WS0rPHBVzg9UsLqKT9PNM5AwU5p5ZYZUrl2-ctAWkPK1D5gDsmpeDTHshKbpmq6w&amp;__tn__=*NK*F\">#ConvivenciaPositiva<\/a><\/span>&nbsp;<span class=\"html-span xdj266r x14z9mp xat24cr x1lziwak xexx8yu xyri2b x18d9i69 x1c1uobl x1hl2dhg x16tdsg8 x1vvkbs\"><a class=\"x1i10hfl xjbqb8w x1ejq31n x18oe1m7 x1sy0etr xstzfhl x972fbf x10w94by x1qhh985 x14e42zd x9f619 x1ypdohk xt0psk2 x3ct3a4 xdj266r x14z9mp xat24cr x1lziwak xexx8yu xyri2b x18d9i69 x1c1uobl x16tdsg8 x1hl2dhg xggy1nq x1a2a7pz xkrqix3 x1sur9pj xzsf02u x1s688f\" role=\"link\" href=\"https:\/\/www.facebook.com\/hashtag\/escuelaespaciodepaz?__eep__=6&amp;__cft__[0]=AZUsWuObwN-c2IVTvOTEfAHDFlqH-RQRnzrl5OOsCj21UCASVgWMLLJsxyHVJmL1--fWjvMcAfAIcxVWRYIgaOc2VdObe-pR4hwEZX5vdCMoWEpjMBec3aVdjO_vJwpKa99WS0rPHBVzg9UsLqKT9PNM5AwU5p5ZYZUrl2-ctAWkPK1D5gDsmpeDTHshKbpmq6w&amp;__tn__=*NK*F\">#EscuelaEspacioDePaz<\/a><\/span>&nbsp;<span class=\"html-span xdj266r x14z9mp xat24cr x1lziwak xexx8yu xyri2b x18d9i69 x1c1uobl x1hl2dhg x16tdsg8 x1vvkbs\"><a class=\"x1i10hfl xjbqb8w x1ejq31n x18oe1m7 x1sy0etr xstzfhl x972fbf x10w94by x1qhh985 x14e42zd x9f619 x1ypdohk xt0psk2 x3ct3a4 xdj266r x14z9mp xat24cr x1lziwak xexx8yu xyri2b x18d9i69 x1c1uobl x16tdsg8 x1hl2dhg xggy1nq x1a2a7pz xkrqix3 x1sur9pj xzsf02u x1s688f\" role=\"link\" href=\"https:\/\/www.facebook.com\/hashtag\/ceipvalerianol%C3%B3pez?__eep__=6&amp;__cft__[0]=AZUsWuObwN-c2IVTvOTEfAHDFlqH-RQRnzrl5OOsCj21UCASVgWMLLJsxyHVJmL1--fWjvMcAfAIcxVWRYIgaOc2VdObe-pR4hwEZX5vdCMoWEpjMBec3aVdjO_vJwpKa99WS0rPHBVzg9UsLqKT9PNM5AwU5p5ZYZUrl2-ctAWkPK1D5gDsmpeDTHshKbpmq6w&amp;__tn__=*NK*F\">#CEIPValerianoL\u00f3pez<\/a><\/span>&nbsp;<span class=\"html-span xdj266r x14z9mp xat24cr x1lziwak xexx8yu xyri2b x18d9i69 x1c1uobl x1hl2dhg x16tdsg8 x1vvkbs\"><a class=\"x1i10hfl xjbqb8w x1ejq31n x18oe1m7 x1sy0etr xstzfhl x972fbf x10w94by x1qhh985 x14e42zd x9f619 x1ypdohk xt0psk2 x3ct3a4 xdj266r x14z9mp xat24cr x1lziwak xexx8yu xyri2b x18d9i69 x1c1uobl x16tdsg8 x1hl2dhg xggy1nq x1a2a7pz xkrqix3 x1sur9pj xzsf02u x1s688f\" role=\"link\" href=\"https:\/\/www.facebook.com\/hashtag\/educaci%C3%B3nenvalores?__eep__=6&amp;__cft__[0]=AZUsWuObwN-c2IVTvOTEfAHDFlqH-RQRnzrl5OOsCj21UCASVgWMLLJsxyHVJmL1--fWjvMcAfAIcxVWRYIgaOc2VdObe-pR4hwEZX5vdCMoWEpjMBec3aVdjO_vJwpKa99WS0rPHBVzg9UsLqKT9PNM5AwU5p5ZYZUrl2-ctAWkPK1D5gDsmpeDTHshKbpmq6w&amp;__tn__=*NK*F\">#Educaci\u00f3nEnValores<\/a><\/span>&nbsp;<span class=\"html-span xdj266r x14z9mp xat24cr x1lziwak xexx8yu xyri2b x18d9i69 x1c1uobl x1hl2dhg x16tdsg8 x1vvkbs\"><a class=\"x1i10hfl xjbqb8w x1ejq31n x18oe1m7 x1sy0etr xstzfhl x972fbf x10w94by x1qhh985 x14e42zd x9f619 x1ypdohk xt0psk2 x3ct3a4 xdj266r x14z9mp xat24cr x1lziwak xexx8yu xyri2b x18d9i69 x1c1uobl x16tdsg8 x1hl2dhg xggy1nq x1a2a7pz xkrqix3 x1sur9pj xzsf02u x1s688f\" role=\"link\" href=\"https:\/\/www.facebook.com\/hashtag\/estepona?__eep__=6&amp;__cft__[0]=AZUsWuObwN-c2IVTvOTEfAHDFlqH-RQRnzrl5OOsCj21UCASVgWMLLJsxyHVJmL1--fWjvMcAfAIcxVWRYIgaOc2VdObe-pR4hwEZX5vdCMoWEpjMBec3aVdjO_vJwpKa99WS0rPHBVzg9UsLqKT9PNM5AwU5p5ZYZUrl2-ctAWkPK1D5gDsmpeDTHshKbpmq6w&amp;__tn__=*NK*F\">#Estepona<\/a><\/span>&nbsp;<\/p>\n<div class=\"x1i10hfl xjbqb8w x1ejq31n x18oe1m7 x1sy0etr xstzfhl x972fbf x10w94by x1qhh985 x14e42zd x9f619 x1ypdohk xt0psk2 x3ct3a4 xdj266r x14z9mp xat24cr x1lziwak xexx8yu xyri2b x18d9i69 x1c1uobl x16tdsg8 x1hl2dhg xggy1nq x1a2a7pz xkrqix3 x1sur9pj xzsf02u x1s688f\" role=\"button\">Ver menos<\/div>\n","protected":false},"excerpt":{"rendered":"<p>\u00a1Estamos de enhorabuena!Por cuarto a\u00f1o consecutivo, el CEIP Valeriano L\u00f3pez ha sido reconocido como Centro Promotor de Convivencia Positiva (Convivencia+).&nbsp;Este reconocimiento, otorgado por la Red&hellip;<\/p>\n","protected":false},"author":8377,"featured_media":4298,"comment_status":"closed","ping_status":"closed","sticky":false,"template":"","format":"standard","meta":{"ngg_post_thumbnail":0,"footnotes":""},"categories":[32,458647],"tags":[],"aioseo_notices":[],"_links":{"self":[{"href":"https:\/\/blogsaverroes.juntadeandalucia.es\/ceipvalerianolopez\/wp-json\/wp\/v2\/posts\/4297"}],"collection":[{"href":"https:\/\/blogsaverroes.juntadeandalucia.es\/ceipvalerianolopez\/wp-json\/wp\/v2\/posts"}],"about":[{"href":"https:\/\/blogsaverroes.juntadeandalucia.es\/ceipvalerianolopez\/wp-json\/wp\/v2\/types\/post"}],"author":[{"embeddable":true,"href":"https:\/\/blogsaverroes.juntadeandalucia.es\/ceipvalerianolopez\/wp-json\/wp\/v2\/users\/8377"}],"replies":[{"embeddable":true,"href":"https:\/\/blogsaverroes.juntadeandalucia.es\/ceipvalerianolopez\/wp-json\/wp\/v2\/comments?post=4297"}],"version-history":[{"count":1,"href":"https:\/\/blogsaverroes.juntadeandalucia.es\/ceipvalerianolopez\/wp-json\/wp\/v2\/posts\/4297\/revisions"}],"predecessor-version":[{"id":4299,"href":"https:\/\/blogsaverroes.juntadeandalucia.es\/ceipvalerianolopez\/wp-json\/wp\/v2\/posts\/4297\/revisions\/4299"}],"wp:featuredmedia":[{"embeddable":true,"href":"https:\/\/blogsaverroes.juntadeandalucia.es\/ceipvalerianolopez\/wp-json\/wp\/v2\/media\/4298"}],"wp:attachment":[{"href":"https:\/\/blogsaverroes.juntadeandalucia.es\/ceipvalerianolopez\/wp-json\/wp\/v2\/media?parent=4297"}],"wp:term":[{"taxonomy":"category","embeddable":true,"href":"https:\/\/blogsaverroes.juntadeandalucia.es\/ceipvalerianolopez\/wp-json\/wp\/v2\/categories?post=4297"},{"taxonomy":"post_tag","embeddable":true,"href":"https:\/\/blogsaverroes.juntadeandalucia.es\/ceipvalerianolopez\/wp-json\/wp\/v2\/tags?post=4297"}],"curies":[{"name":"wp","href":"https:\/\/api.w.org\/{rel}","templated":true}]}}