{"id":4346,"date":"2025-12-03T11:37:14","date_gmt":"2025-12-03T10:37:14","guid":{"rendered":"https:\/\/blogsaverroes.juntadeandalucia.es\/ceipvalerianolopez\/?p=4346"},"modified":"2026-02-01T11:39:17","modified_gmt":"2026-02-01T10:39:17","slug":"dia-de-la-diversidad","status":"publish","type":"post","link":"https:\/\/blogsaverroes.juntadeandalucia.es\/ceipvalerianolopez\/dia-de-la-diversidad\/","title":{"rendered":"D\u00cdA DE LA DIVERSIDAD"},"content":{"rendered":"<div class=\"xdj266r x14z9mp xat24cr x1lziwak x1vvkbs x126k92a\">\n<div dir=\"auto\">D\u00cdA DE LA DIVERSIDAD \u2013 CEIP VALERIANO L\u00d3PEZ<\/div>\n<\/div>\n<div class=\"x14z9mp xat24cr x1lziwak x1vvkbs xtlvy1s x126k92a\">\n<div dir=\"auto\">Hoy, 3 de diciembre, d\u00eda internacional de la discapacidad, hemos celebrado en nuestro colegio el D\u00eda de la Diversidad Funcional, una tradici\u00f3n que nos recuerda cada a\u00f1o que todas las personas tenemos capacidades diferentes que enriquecen nuestra comunidad.<\/div>\n<\/div>\n<div class=\"x14z9mp xat24cr x1lziwak x1vvkbs xtlvy1s x126k92a\">\n<div dir=\"auto\"><span class=\"html-span xexx8yu xyri2b x18d9i69 x1c1uobl x1hl2dhg x16tdsg8 x1vvkbs x3nfvp2 x1j61x8r x1fcty0u xdj266r xat24cr xm2jcoa x1mpyi22 xxymvpz xlup9mm x1kky2od\"><img loading=\"lazy\" decoding=\"async\" class=\"xz74otr x15mokao x1ga7v0g x16uus16 xbiv7yw\" src=\"https:\/\/static.xx.fbcdn.net\/images\/emoji.php\/v9\/tba\/1\/16\/1f4e3.png\" alt=\"\ud83d\udce3\" width=\"16\" height=\"16\"><\/span> \u201cCuando entendamos que todos somos \u00fanicos, construiremos una sociedad m\u00e1s justa, respetuosa, inclusiva y, sobre todo, m\u00e1s humana.<\/div>\n<div dir=\"auto\">Pese a las dificultades que algunas personas encuentran en su d\u00eda a d\u00eda, en nuestro centro seguimos apostando por la empat\u00eda, el apoyo y la sensibilizaci\u00f3n.<\/div>\n<div dir=\"auto\">Esa empat\u00eda es la que puede mover el mundo hacia donde todos queremos.\u201d<\/div>\n<\/div>\n<div class=\"x14z9mp xat24cr x1lziwak x1vvkbs xtlvy1s x126k92a\">\n<div dir=\"auto\"><span class=\"html-span xexx8yu xyri2b x18d9i69 x1c1uobl x1hl2dhg x16tdsg8 x1vvkbs x3nfvp2 x1j61x8r x1fcty0u xdj266r xat24cr xm2jcoa x1mpyi22 xxymvpz xlup9mm x1kky2od\"><img loading=\"lazy\" decoding=\"async\" class=\"xz74otr x15mokao x1ga7v0g x16uus16 xbiv7yw\" src=\"https:\/\/static.xx.fbcdn.net\/images\/emoji.php\/v9\/tf4\/1\/16\/2728.png\" alt=\"\u2728\" width=\"16\" height=\"16\"><\/span> \u00bfQu\u00e9 hemos hecho hoy?<\/div>\n<\/div>\n<div class=\"x14z9mp xat24cr x1lziwak x1vvkbs xtlvy1s x126k92a\">\n<div dir=\"auto\"><span class=\"html-span xexx8yu xyri2b x18d9i69 x1c1uobl x1hl2dhg x16tdsg8 x1vvkbs x3nfvp2 x1j61x8r x1fcty0u xdj266r xat24cr xm2jcoa x1mpyi22 xxymvpz xlup9mm x1kky2od\"><img loading=\"lazy\" decoding=\"async\" class=\"xz74otr x15mokao x1ga7v0g x16uus16 xbiv7yw\" src=\"https:\/\/static.xx.fbcdn.net\/images\/emoji.php\/v9\/t51\/1\/16\/2714.png\" alt=\"\u2714\" width=\"16\" height=\"16\"><\/span> Talleres y actividades de sensibilizaci\u00f3n en todas las etapas<\/div>\n<div dir=\"auto\"><span class=\"html-span xexx8yu xyri2b x18d9i69 x1c1uobl x1hl2dhg x16tdsg8 x1vvkbs x3nfvp2 x1j61x8r x1fcty0u xdj266r xat24cr xm2jcoa x1mpyi22 xxymvpz xlup9mm x1kky2od\"><img loading=\"lazy\" decoding=\"async\" class=\"xz74otr x15mokao x1ga7v0g x16uus16 xbiv7yw\" src=\"https:\/\/static.xx.fbcdn.net\/images\/emoji.php\/v9\/t51\/1\/16\/2714.png\" alt=\"\u2714\" width=\"16\" height=\"16\"><\/span> Circuitos multisensoriales.<\/div>\n<div dir=\"auto\"><span class=\"html-span xexx8yu xyri2b x18d9i69 x1c1uobl x1hl2dhg x16tdsg8 x1vvkbs x3nfvp2 x1j61x8r x1fcty0u xdj266r xat24cr xm2jcoa x1mpyi22 xxymvpz xlup9mm x1kky2od\"><img loading=\"lazy\" decoding=\"async\" class=\"xz74otr x15mokao x1ga7v0g x16uus16 xbiv7yw\" src=\"https:\/\/static.xx.fbcdn.net\/images\/emoji.php\/v9\/t51\/1\/16\/2714.png\" alt=\"\u2714\" width=\"16\" height=\"16\"><\/span> Talleres vivenciales sobre diversas capacidades.<\/div>\n<div dir=\"auto\"><span class=\"html-span xexx8yu xyri2b x18d9i69 x1c1uobl x1hl2dhg x16tdsg8 x1vvkbs x3nfvp2 x1j61x8r x1fcty0u xdj266r xat24cr xm2jcoa x1mpyi22 xxymvpz xlup9mm x1kky2od\"><img loading=\"lazy\" decoding=\"async\" class=\"xz74otr x15mokao x1ga7v0g x16uus16 xbiv7yw\" src=\"https:\/\/static.xx.fbcdn.net\/images\/emoji.php\/v9\/t51\/1\/16\/2714.png\" alt=\"\u2714\" width=\"16\" height=\"16\"><\/span> Circuito de invidentes y roc\u00f3dromo adaptado<\/div>\n<div dir=\"auto\"><span class=\"html-span xexx8yu xyri2b x18d9i69 x1c1uobl x1hl2dhg x16tdsg8 x1vvkbs x3nfvp2 x1j61x8r x1fcty0u xdj266r xat24cr xm2jcoa x1mpyi22 xxymvpz xlup9mm x1kky2od\"><img loading=\"lazy\" decoding=\"async\" class=\"xz74otr x15mokao x1ga7v0g x16uus16 xbiv7yw\" src=\"https:\/\/static.xx.fbcdn.net\/images\/emoji.php\/v9\/t51\/1\/16\/2714.png\" alt=\"\u2714\" width=\"16\" height=\"16\"><\/span> Visionado de cortos sobre inclusi\u00f3n<\/div>\n<div dir=\"auto\"><span class=\"html-span xexx8yu xyri2b x18d9i69 x1c1uobl x1hl2dhg x16tdsg8 x1vvkbs x3nfvp2 x1j61x8r x1fcty0u xdj266r xat24cr xm2jcoa x1mpyi22 xxymvpz xlup9mm x1kky2od\"><img loading=\"lazy\" decoding=\"async\" class=\"xz74otr x15mokao x1ga7v0g x16uus16 xbiv7yw\" src=\"https:\/\/static.xx.fbcdn.net\/images\/emoji.php\/v9\/t51\/1\/16\/2714.png\" alt=\"\u2714\" width=\"16\" height=\"16\"><\/span> Y la colaboraci\u00f3n imprescindible de APRONA, tanto de los chicos como de los t\u00e9cnicos que nos han acompa\u00f1ado, muchas gracias de coraz\u00f3n <span class=\"html-span xexx8yu xyri2b x18d9i69 x1c1uobl x1hl2dhg x16tdsg8 x1vvkbs x3nfvp2 x1j61x8r x1fcty0u xdj266r xat24cr xm2jcoa x1mpyi22 xxymvpz xlup9mm x1kky2od\"><img loading=\"lazy\" decoding=\"async\" class=\"xz74otr x15mokao x1ga7v0g x16uus16 xbiv7yw\" src=\"https:\/\/static.xx.fbcdn.net\/images\/emoji.php\/v9\/t6c\/1\/16\/1f499.png\" alt=\"\ud83d\udc99\" width=\"16\" height=\"16\"><\/span><\/div>\n<\/div>\n<div class=\"x14z9mp xat24cr x1lziwak x1vvkbs xtlvy1s x126k92a\">\n<div dir=\"auto\"><span class=\"html-span xexx8yu xyri2b x18d9i69 x1c1uobl x1hl2dhg x16tdsg8 x1vvkbs x3nfvp2 x1j61x8r x1fcty0u xdj266r xat24cr xm2jcoa x1mpyi22 xxymvpz xlup9mm x1kky2od\"><img loading=\"lazy\" decoding=\"async\" class=\"xz74otr x15mokao x1ga7v0g x16uus16 xbiv7yw\" src=\"https:\/\/static.xx.fbcdn.net\/images\/emoji.php\/v9\/t6c\/1\/16\/1f499.png\" alt=\"\ud83d\udc99\" width=\"16\" height=\"16\"><\/span> Feliz D\u00eda de la Diversidad.<\/div>\n<div dir=\"auto\"><img loading=\"lazy\" decoding=\"async\" class=\"aligncenter size-large wp-image-4347\" src=\"https:\/\/blogsaverroes.juntadeandalucia.es\/ceipvalerianolopez\/files\/2026\/02\/Dia-de-la-diversidad-1024x1024.jpg\" alt=\"\" width=\"843\" height=\"843\" srcset=\"https:\/\/blogsaverroes.juntadeandalucia.es\/ceipvalerianolopez\/files\/2026\/02\/Dia-de-la-diversidad-1024x1024.jpg 1024w, https:\/\/blogsaverroes.juntadeandalucia.es\/ceipvalerianolopez\/files\/2026\/02\/Dia-de-la-diversidad-300x300.jpg 300w, https:\/\/blogsaverroes.juntadeandalucia.es\/ceipvalerianolopez\/files\/2026\/02\/Dia-de-la-diversidad-150x150.jpg 150w, https:\/\/blogsaverroes.juntadeandalucia.es\/ceipvalerianolopez\/files\/2026\/02\/Dia-de-la-diversidad-768x768.jpg 768w, https:\/\/blogsaverroes.juntadeandalucia.es\/ceipvalerianolopez\/files\/2026\/02\/Dia-de-la-diversidad.jpg 1080w\" sizes=\"(max-width: 843px) 100vw, 843px\" \/><\/div>\n<\/div>\n","protected":false},"excerpt":{"rendered":"<p>D\u00cdA DE LA DIVERSIDAD \u2013 CEIP VALERIANO L\u00d3PEZ Hoy, 3 de diciembre, d\u00eda internacional de la discapacidad, hemos celebrado en nuestro colegio el D\u00eda de&hellip;<\/p>\n","protected":false},"author":8377,"featured_media":4347,"comment_status":"closed","ping_status":"closed","sticky":false,"template":"","format":"standard","meta":{"ngg_post_thumbnail":0,"footnotes":""},"categories":[32,1029588,2312444,33096],"tags":[2312433],"aioseo_notices":[],"_links":{"self":[{"href":"https:\/\/blogsaverroes.juntadeandalucia.es\/ceipvalerianolopez\/wp-json\/wp\/v2\/posts\/4346"}],"collection":[{"href":"https:\/\/blogsaverroes.juntadeandalucia.es\/ceipvalerianolopez\/wp-json\/wp\/v2\/posts"}],"about":[{"href":"https:\/\/blogsaverroes.juntadeandalucia.es\/ceipvalerianolopez\/wp-json\/wp\/v2\/types\/post"}],"author":[{"embeddable":true,"href":"https:\/\/blogsaverroes.juntadeandalucia.es\/ceipvalerianolopez\/wp-json\/wp\/v2\/users\/8377"}],"replies":[{"embeddable":true,"href":"https:\/\/blogsaverroes.juntadeandalucia.es\/ceipvalerianolopez\/wp-json\/wp\/v2\/comments?post=4346"}],"version-history":[{"count":1,"href":"https:\/\/blogsaverroes.juntadeandalucia.es\/ceipvalerianolopez\/wp-json\/wp\/v2\/posts\/4346\/revisions"}],"predecessor-version":[{"id":4348,"href":"https:\/\/blogsaverroes.juntadeandalucia.es\/ceipvalerianolopez\/wp-json\/wp\/v2\/posts\/4346\/revisions\/4348"}],"wp:featuredmedia":[{"embeddable":true,"href":"https:\/\/blogsaverroes.juntadeandalucia.es\/ceipvalerianolopez\/wp-json\/wp\/v2\/media\/4347"}],"wp:attachment":[{"href":"https:\/\/blogsaverroes.juntadeandalucia.es\/ceipvalerianolopez\/wp-json\/wp\/v2\/media?parent=4346"}],"wp:term":[{"taxonomy":"category","embeddable":true,"href":"https:\/\/blogsaverroes.juntadeandalucia.es\/ceipvalerianolopez\/wp-json\/wp\/v2\/categories?post=4346"},{"taxonomy":"post_tag","embeddable":true,"href":"https:\/\/blogsaverroes.juntadeandalucia.es\/ceipvalerianolopez\/wp-json\/wp\/v2\/tags?post=4346"}],"curies":[{"name":"wp","href":"https:\/\/api.w.org\/{rel}","templated":true}]}}