{"id":485,"date":"2016-12-19T22:00:41","date_gmt":"2016-12-19T22:00:41","guid":{"rendered":"http:\/\/www.colegiovalerianolopez.com\/?p=485"},"modified":"2016-12-19T22:00:41","modified_gmt":"2016-12-19T22:00:41","slug":"i-desafio-cooperando-2","status":"publish","type":"post","link":"https:\/\/blogsaverroes.juntadeandalucia.es\/ceipvalerianolopez\/i-desafio-cooperando-2\/","title":{"rendered":"I Desaf\u00edo Cooperando"},"content":{"rendered":"<p>\t\t\t\tHoy, lunes 19 de diciembre, ha tenido lugar el <a href=\"http:\/\/www.colegiovalerianolopez.com\/2016\/12\/18\/i-desafio-cooperando\/\">I Desaf\u00edo Cooperando<\/a> entre los centros IES Mar de Albor\u00e1n y CEIP Valeriano L\u00f3pez de Estepona. Encuentro de cooperaci\u00f3n y trabajo en equipo consistente en un recorrido de obst\u00e1culos y desaf\u00edos cooperativos realizados por equipos.<\/p>\n<p style=\"text-align: left\">Los alumnos, as\u00ed como algunas empresas de la localidad como el Hotel Elba, han colaborado aportando alimentos no perecederos con el comedor social de la localidad. Os dejamos con la <a href=\"http:\/\/television.estepona.es\/varios-centros-educativos-se-unen-para-practicar-deporte-solidario\/\">noticia y el v\u00eddeo<\/a> que la tv de Estepona ha difundido en el d\u00eda de hoy.<\/p>\n<p style=\"text-align: center\">\u00a0<iframe loading=\"lazy\" src=\"https:\/\/www.youtube.com\/embed\/OY2iZVUU4fg\" width=\"560\" height=\"315\" frameborder=\"0\"><\/iframe><\/p>\n","protected":false},"excerpt":{"rendered":"<p>Hoy, lunes 19 de diciembre, ha tenido lugar el I Desaf\u00edo Cooperando entre los centros IES Mar de Albor\u00e1n y CEIP Valeriano L\u00f3pez de Estepona.&hellip;<\/p>\n","protected":false},"author":8377,"featured_media":0,"comment_status":"open","ping_status":"open","sticky":false,"template":"","format":"standard","meta":{"ngg_post_thumbnail":0,"footnotes":""},"categories":[2309151,597,19],"tags":[26636,13362,422868,10955],"aioseo_notices":[],"_links":{"self":[{"href":"https:\/\/blogsaverroes.juntadeandalucia.es\/ceipvalerianolopez\/wp-json\/wp\/v2\/posts\/485"}],"collection":[{"href":"https:\/\/blogsaverroes.juntadeandalucia.es\/ceipvalerianolopez\/wp-json\/wp\/v2\/posts"}],"about":[{"href":"https:\/\/blogsaverroes.juntadeandalucia.es\/ceipvalerianolopez\/wp-json\/wp\/v2\/types\/post"}],"author":[{"embeddable":true,"href":"https:\/\/blogsaverroes.juntadeandalucia.es\/ceipvalerianolopez\/wp-json\/wp\/v2\/users\/8377"}],"replies":[{"embeddable":true,"href":"https:\/\/blogsaverroes.juntadeandalucia.es\/ceipvalerianolopez\/wp-json\/wp\/v2\/comments?post=485"}],"version-history":[{"count":0,"href":"https:\/\/blogsaverroes.juntadeandalucia.es\/ceipvalerianolopez\/wp-json\/wp\/v2\/posts\/485\/revisions"}],"wp:attachment":[{"href":"https:\/\/blogsaverroes.juntadeandalucia.es\/ceipvalerianolopez\/wp-json\/wp\/v2\/media?parent=485"}],"wp:term":[{"taxonomy":"category","embeddable":true,"href":"https:\/\/blogsaverroes.juntadeandalucia.es\/ceipvalerianolopez\/wp-json\/wp\/v2\/categories?post=485"},{"taxonomy":"post_tag","embeddable":true,"href":"https:\/\/blogsaverroes.juntadeandalucia.es\/ceipvalerianolopez\/wp-json\/wp\/v2\/tags?post=485"}],"curies":[{"name":"wp","href":"https:\/\/api.w.org\/{rel}","templated":true}]}}