{"id":517,"date":"2016-12-20T19:11:00","date_gmt":"2016-12-20T19:11:00","guid":{"rendered":"http:\/\/www.colegiovalerianolopez.com\/?p=517"},"modified":"2016-12-20T19:11:00","modified_gmt":"2016-12-20T19:11:00","slug":"decoracion-navidena-2016","status":"publish","type":"post","link":"https:\/\/blogsaverroes.juntadeandalucia.es\/ceipvalerianolopez\/decoracion-navidena-2016\/","title":{"rendered":"Decoraci\u00f3n Navide\u00f1a 2016"},"content":{"rendered":"<p>\t\t\t\tA continuaci\u00f3n os presentamos un resumen de la decoraci\u00f3n de nuestro centro para estas navidades<\/p>\n<h4 style=\"text-align: center\">Bel\u00e9n del Centro<\/h4>\n<p style=\"text-align: center\"><iframe loading=\"lazy\" src=\"https:\/\/www.youtube.com\/embed\/7n1IUZZo4cM\" width=\"560\" height=\"315\" frameborder=\"0\"><\/iframe><\/p>\n<h4 style=\"text-align: center\">Puertas Navide\u00f1as<\/h4>\n<p style=\"text-align: center\"><iframe loading=\"lazy\" src=\"https:\/\/www.youtube.com\/embed\/LIdPmaevLWY\" width=\"560\" height=\"315\" frameborder=\"0\"><\/iframe><\/p>\n<h4 style=\"text-align: center\">\u00c1rbol Solidario<\/h4>\n<p><img loading=\"lazy\" decoding=\"async\" class=\"wp-image-424 aligncenter\" src=\"https:\/\/blogsaverroes.juntadeandalucia.es\/ceipvalerianolopez\/files\/2016\/12\/2016-12-02-18.27.34-300x169.jpg\" alt=\"\" width=\"564\" height=\"318\" srcset=\"https:\/\/blogsaverroes.juntadeandalucia.es\/ceipvalerianolopez\/files\/2016\/12\/2016-12-02-18.27.34-300x169.jpg 300w, https:\/\/blogsaverroes.juntadeandalucia.es\/ceipvalerianolopez\/files\/2016\/12\/2016-12-02-18.27.34-768x432.jpg 768w, https:\/\/blogsaverroes.juntadeandalucia.es\/ceipvalerianolopez\/files\/2016\/12\/2016-12-02-18.27.34-1024x576.jpg 1024w, https:\/\/blogsaverroes.juntadeandalucia.es\/ceipvalerianolopez\/files\/2016\/12\/2016-12-02-18.27.34-24x14.jpg 24w, https:\/\/blogsaverroes.juntadeandalucia.es\/ceipvalerianolopez\/files\/2016\/12\/2016-12-02-18.27.34-36x20.jpg 36w, https:\/\/blogsaverroes.juntadeandalucia.es\/ceipvalerianolopez\/files\/2016\/12\/2016-12-02-18.27.34-48x27.jpg 48w\" sizes=\"(max-width: 564px) 100vw, 564px\" \/>\t\t<\/p>\n","protected":false},"excerpt":{"rendered":"<p>A continuaci\u00f3n os presentamos un resumen de la decoraci\u00f3n de nuestro centro para estas navidades Bel\u00e9n del Centro Puertas Navide\u00f1as \u00c1rbol Solidario<\/p>\n","protected":false},"author":8377,"featured_media":0,"comment_status":"open","ping_status":"open","sticky":false,"template":"","format":"standard","meta":{"ngg_post_thumbnail":0,"footnotes":""},"categories":[1029588,485],"tags":[26636,1852,476,303,10954,10955],"aioseo_notices":[],"_links":{"self":[{"href":"https:\/\/blogsaverroes.juntadeandalucia.es\/ceipvalerianolopez\/wp-json\/wp\/v2\/posts\/517"}],"collection":[{"href":"https:\/\/blogsaverroes.juntadeandalucia.es\/ceipvalerianolopez\/wp-json\/wp\/v2\/posts"}],"about":[{"href":"https:\/\/blogsaverroes.juntadeandalucia.es\/ceipvalerianolopez\/wp-json\/wp\/v2\/types\/post"}],"author":[{"embeddable":true,"href":"https:\/\/blogsaverroes.juntadeandalucia.es\/ceipvalerianolopez\/wp-json\/wp\/v2\/users\/8377"}],"replies":[{"embeddable":true,"href":"https:\/\/blogsaverroes.juntadeandalucia.es\/ceipvalerianolopez\/wp-json\/wp\/v2\/comments?post=517"}],"version-history":[{"count":0,"href":"https:\/\/blogsaverroes.juntadeandalucia.es\/ceipvalerianolopez\/wp-json\/wp\/v2\/posts\/517\/revisions"}],"wp:attachment":[{"href":"https:\/\/blogsaverroes.juntadeandalucia.es\/ceipvalerianolopez\/wp-json\/wp\/v2\/media?parent=517"}],"wp:term":[{"taxonomy":"category","embeddable":true,"href":"https:\/\/blogsaverroes.juntadeandalucia.es\/ceipvalerianolopez\/wp-json\/wp\/v2\/categories?post=517"},{"taxonomy":"post_tag","embeddable":true,"href":"https:\/\/blogsaverroes.juntadeandalucia.es\/ceipvalerianolopez\/wp-json\/wp\/v2\/tags?post=517"}],"curies":[{"name":"wp","href":"https:\/\/api.w.org\/{rel}","templated":true}]}}