{"id":54,"date":"2015-05-12T13:36:00","date_gmt":"2015-05-12T13:36:00","guid":{"rendered":"http:\/\/www.colegiovalerianolopez.com\/2015\/05\/12\/salida-al-orquidario-de-los-alumnos-de-3o-primaria\/"},"modified":"2015-05-12T13:36:00","modified_gmt":"2015-05-12T13:36:00","slug":"salida-al-orquidario-de-3-primaria","status":"publish","type":"post","link":"https:\/\/blogsaverroes.juntadeandalucia.es\/ceipvalerianolopez\/salida-al-orquidario-de-3-primaria\/","title":{"rendered":"Salida al Orquidario de 3\u00ba Primaria"},"content":{"rendered":"<div style=\"text-align: justify\">Dentro de la V Semana Cultural de nuestro CEIP Valeriano L\u00f3pez una de las actividades programadas y que hoy hemos realizado es la salida al Orquidario de Estepona, una infraestructura tur\u00edstico-cultural de reciente construcci\u00f3n y que podemos disfrutar en nuestra localidad. En ella los alumnos junto con sus profesores han podido conocer un n\u00famero importante de especies de gran inter\u00e9s bot\u00e1nico.&nbsp;<\/div>\n<p><embed flashvars=\"host=picasaweb.google.com&amp;noautoplay=1&amp;hl=es&amp;feat=flashalbum&amp;RGB=0x000000&amp;feed=https%3A%2F%2Fpicasaweb.google.com%2Fdata%2Ffeed%2Fapi%2Fuser%2F105775090595656593004%2Falbumid%2F6147975587770645761%3Falt%3Drss%26kind%3Dphoto%26hl%3Des\" height=\"350\" pluginspage=\"http:\/\/www.macromedia.com\/go\/getflashplayer\" src=\"https:\/\/photos.gstatic.com\/media\/slideshow.swf\" type=\"application\/x-shockwave-flash\" width=\"500\"><\/embed>\t\t<\/p>\n","protected":false},"excerpt":{"rendered":"<p>Dentro de la V Semana Cultural de nuestro CEIP Valeriano L\u00f3pez una de las actividades programadas y que hoy hemos realizado es la salida al&hellip;<\/p>\n","protected":false},"author":8377,"featured_media":0,"comment_status":"open","ping_status":"open","sticky":false,"template":"","format":"standard","meta":{"ngg_post_thumbnail":0,"footnotes":""},"categories":[597],"tags":[10954],"aioseo_notices":[],"_links":{"self":[{"href":"https:\/\/blogsaverroes.juntadeandalucia.es\/ceipvalerianolopez\/wp-json\/wp\/v2\/posts\/54"}],"collection":[{"href":"https:\/\/blogsaverroes.juntadeandalucia.es\/ceipvalerianolopez\/wp-json\/wp\/v2\/posts"}],"about":[{"href":"https:\/\/blogsaverroes.juntadeandalucia.es\/ceipvalerianolopez\/wp-json\/wp\/v2\/types\/post"}],"author":[{"embeddable":true,"href":"https:\/\/blogsaverroes.juntadeandalucia.es\/ceipvalerianolopez\/wp-json\/wp\/v2\/users\/8377"}],"replies":[{"embeddable":true,"href":"https:\/\/blogsaverroes.juntadeandalucia.es\/ceipvalerianolopez\/wp-json\/wp\/v2\/comments?post=54"}],"version-history":[{"count":0,"href":"https:\/\/blogsaverroes.juntadeandalucia.es\/ceipvalerianolopez\/wp-json\/wp\/v2\/posts\/54\/revisions"}],"wp:attachment":[{"href":"https:\/\/blogsaverroes.juntadeandalucia.es\/ceipvalerianolopez\/wp-json\/wp\/v2\/media?parent=54"}],"wp:term":[{"taxonomy":"category","embeddable":true,"href":"https:\/\/blogsaverroes.juntadeandalucia.es\/ceipvalerianolopez\/wp-json\/wp\/v2\/categories?post=54"},{"taxonomy":"post_tag","embeddable":true,"href":"https:\/\/blogsaverroes.juntadeandalucia.es\/ceipvalerianolopez\/wp-json\/wp\/v2\/tags?post=54"}],"curies":[{"name":"wp","href":"https:\/\/api.w.org\/{rel}","templated":true}]}}