{"id":574,"date":"2017-03-15T01:21:31","date_gmt":"2017-03-15T01:21:31","guid":{"rendered":"http:\/\/www.colegiovalerianolopez.com\/?p=574"},"modified":"2017-03-15T01:21:31","modified_gmt":"2017-03-15T01:21:31","slug":"dia-de-la-mujer-2017","status":"publish","type":"post","link":"https:\/\/blogsaverroes.juntadeandalucia.es\/ceipvalerianolopez\/dia-de-la-mujer-2017\/","title":{"rendered":"D\u00eda de la Mujer 2017"},"content":{"rendered":"<p>\t\t\t\tEl <a href=\"https:\/\/es.wikipedia.org\/wiki\/D%C3%ADa_Internacional_de_la_Mujer\">D\u00eda de la Mujer Trabajadora<\/a> conmemora la lucha de la mujer por su participaci\u00f3n, en pie de igualdad con el hombre, en la sociedad y en su desarrollo \u00edntegro como persona. Se celebra el d\u00eda 8 de marzo y es fiesta nacional en algunos pa\u00edses.<\/p>\n<p>Desde nuestro colegio se ha dado lectura al siguiente manifiesto con el que hemos querido hacer part\u00edcipes a toda la comunidad educativa:<br \/>\n<img loading=\"lazy\" decoding=\"async\" class=\"aligncenter wp-image-601\" src=\"https:\/\/blogsaverroes.juntadeandalucia.es\/ceipvalerianolopez\/files\/2017\/03\/Di\u0301a-de-la-Mujer2017-300x191.png\" alt=\"\" width=\"779\" height=\"495\" srcset=\"https:\/\/blogsaverroes.juntadeandalucia.es\/ceipvalerianolopez\/files\/2017\/03\/Di\u0301a-de-la-Mujer2017-300x191.png 300w, https:\/\/blogsaverroes.juntadeandalucia.es\/ceipvalerianolopez\/files\/2017\/03\/Di\u0301a-de-la-Mujer2017-768x488.png 768w, https:\/\/blogsaverroes.juntadeandalucia.es\/ceipvalerianolopez\/files\/2017\/03\/Di\u0301a-de-la-Mujer2017-1024x650.png 1024w, https:\/\/blogsaverroes.juntadeandalucia.es\/ceipvalerianolopez\/files\/2017\/03\/Di\u0301a-de-la-Mujer2017-24x15.png 24w, https:\/\/blogsaverroes.juntadeandalucia.es\/ceipvalerianolopez\/files\/2017\/03\/Di\u0301a-de-la-Mujer2017-36x23.png 36w, https:\/\/blogsaverroes.juntadeandalucia.es\/ceipvalerianolopez\/files\/2017\/03\/Di\u0301a-de-la-Mujer2017-48x30.png 48w\" sizes=\"(max-width: 779px) 100vw, 779px\" \/><\/p>\n<p>&nbsp;<\/p>\n<p>Todos los cursos han trabajado una mujer que ha sido relevante en el transcurso de nuestra historia<\/p>\n<h2 style=\"text-align: center\"><strong>\u00abMujeres en la Historia\u00bb<\/strong><\/h2>\n<p style=\"text-align: center\"><iframe loading=\"lazy\" src=\"https:\/\/www.youtube.com\/embed\/9HkgAtCNY10?ecver=1\" width=\"560\" height=\"315\" frameborder=\"0\"><\/iframe><\/p>\n<p style=\"text-align: center\">\n<p style=\"text-align: center\">Recopilaci\u00f3n de v\u00eddeos sobre la vida y obra de las mujeres trabajadas en el aula<\/p>\n<p style=\"text-align: center\"><iframe loading=\"lazy\" src=\"https:\/\/www.youtube.com\/embed\/videoseries?list=PLOcBqX4Q0_gZqUI2wKCnBCpmKqoKyMqhV\" width=\"560\" height=\"315\" frameborder=\"0\"><\/iframe><\/p>\n<p style=\"text-align: center\">\n<p style=\"text-align: center\">\n<p style=\"text-align: center\">Cartel elaborado por todos los grupos de nuestro centro con informaci\u00f3n de cada una de las mujeres<\/p>\n<p><iframe loading=\"lazy\" src=\"\/\/www.thinglink.com\/card\/896479316827701249\" width=\"800\" height=\"477\" frameborder=\"0\" scrolling=\"no\"><\/iframe><\/p>\n<p>&nbsp;\t\t<\/p>\n","protected":false},"excerpt":{"rendered":"<p>El D\u00eda de la Mujer Trabajadora conmemora la lucha de la mujer por su participaci\u00f3n, en pie de igualdad con el hombre, en la sociedad&hellip;<\/p>\n","protected":false},"author":8377,"featured_media":0,"comment_status":"open","ping_status":"open","sticky":false,"template":"","format":"standard","meta":{"ngg_post_thumbnail":0,"footnotes":""},"categories":[485,3253,289],"tags":[285],"aioseo_notices":[],"_links":{"self":[{"href":"https:\/\/blogsaverroes.juntadeandalucia.es\/ceipvalerianolopez\/wp-json\/wp\/v2\/posts\/574"}],"collection":[{"href":"https:\/\/blogsaverroes.juntadeandalucia.es\/ceipvalerianolopez\/wp-json\/wp\/v2\/posts"}],"about":[{"href":"https:\/\/blogsaverroes.juntadeandalucia.es\/ceipvalerianolopez\/wp-json\/wp\/v2\/types\/post"}],"author":[{"embeddable":true,"href":"https:\/\/blogsaverroes.juntadeandalucia.es\/ceipvalerianolopez\/wp-json\/wp\/v2\/users\/8377"}],"replies":[{"embeddable":true,"href":"https:\/\/blogsaverroes.juntadeandalucia.es\/ceipvalerianolopez\/wp-json\/wp\/v2\/comments?post=574"}],"version-history":[{"count":0,"href":"https:\/\/blogsaverroes.juntadeandalucia.es\/ceipvalerianolopez\/wp-json\/wp\/v2\/posts\/574\/revisions"}],"wp:attachment":[{"href":"https:\/\/blogsaverroes.juntadeandalucia.es\/ceipvalerianolopez\/wp-json\/wp\/v2\/media?parent=574"}],"wp:term":[{"taxonomy":"category","embeddable":true,"href":"https:\/\/blogsaverroes.juntadeandalucia.es\/ceipvalerianolopez\/wp-json\/wp\/v2\/categories?post=574"},{"taxonomy":"post_tag","embeddable":true,"href":"https:\/\/blogsaverroes.juntadeandalucia.es\/ceipvalerianolopez\/wp-json\/wp\/v2\/tags?post=574"}],"curies":[{"name":"wp","href":"https:\/\/api.w.org\/{rel}","templated":true}]}}