{"id":579,"date":"2017-03-11T12:37:30","date_gmt":"2017-03-11T12:37:30","guid":{"rendered":"http:\/\/www.colegiovalerianolopez.com\/?p=579"},"modified":"2017-03-11T12:37:30","modified_gmt":"2017-03-11T12:37:30","slug":"matricula-curso-1718","status":"publish","type":"post","link":"https:\/\/blogsaverroes.juntadeandalucia.es\/ceipvalerianolopez\/matricula-curso-1718\/","title":{"rendered":"Matr\u00edcula curso 17\/18"},"content":{"rendered":"<p>\t\t\t\tTenemos una secci\u00f3n de secretar\u00eda en la WEB de nuestro colegio.<br \/>\nPor ahora hemos a\u00f1adido la informaci\u00f3n y documentaci\u00f3n necesaria para la realizaci\u00f3n de la preinscripci\u00f3n en nuestro centro.<br \/>\n<a href=\"http:\/\/www.colegiovalerianolopez.com\/secretaria\/matricula\/\" target=\"_blank\" rel=\"nofollow noopener noreferrer\">http:\/\/www.colegiovalerianolopez.com\/secretaria\/matricula\/<\/a><\/p>\n<p>Poco a poco iremos a\u00f1adiendo informaci\u00f3n.<\/p>\n<p>&nbsp;\t\t<\/p>\n","protected":false},"excerpt":{"rendered":"<p>Tenemos una secci\u00f3n de secretar\u00eda en la WEB de nuestro colegio. Por ahora hemos a\u00f1adido la informaci\u00f3n y documentaci\u00f3n necesaria para la realizaci\u00f3n de la&hellip;<\/p>\n","protected":false},"author":8377,"featured_media":0,"comment_status":"open","ping_status":"open","sticky":false,"template":"","format":"standard","meta":{"ngg_post_thumbnail":0,"footnotes":""},"categories":[19,4441],"tags":[4441],"aioseo_notices":[],"_links":{"self":[{"href":"https:\/\/blogsaverroes.juntadeandalucia.es\/ceipvalerianolopez\/wp-json\/wp\/v2\/posts\/579"}],"collection":[{"href":"https:\/\/blogsaverroes.juntadeandalucia.es\/ceipvalerianolopez\/wp-json\/wp\/v2\/posts"}],"about":[{"href":"https:\/\/blogsaverroes.juntadeandalucia.es\/ceipvalerianolopez\/wp-json\/wp\/v2\/types\/post"}],"author":[{"embeddable":true,"href":"https:\/\/blogsaverroes.juntadeandalucia.es\/ceipvalerianolopez\/wp-json\/wp\/v2\/users\/8377"}],"replies":[{"embeddable":true,"href":"https:\/\/blogsaverroes.juntadeandalucia.es\/ceipvalerianolopez\/wp-json\/wp\/v2\/comments?post=579"}],"version-history":[{"count":0,"href":"https:\/\/blogsaverroes.juntadeandalucia.es\/ceipvalerianolopez\/wp-json\/wp\/v2\/posts\/579\/revisions"}],"wp:attachment":[{"href":"https:\/\/blogsaverroes.juntadeandalucia.es\/ceipvalerianolopez\/wp-json\/wp\/v2\/media?parent=579"}],"wp:term":[{"taxonomy":"category","embeddable":true,"href":"https:\/\/blogsaverroes.juntadeandalucia.es\/ceipvalerianolopez\/wp-json\/wp\/v2\/categories?post=579"},{"taxonomy":"post_tag","embeddable":true,"href":"https:\/\/blogsaverroes.juntadeandalucia.es\/ceipvalerianolopez\/wp-json\/wp\/v2\/tags?post=579"}],"curies":[{"name":"wp","href":"https:\/\/api.w.org\/{rel}","templated":true}]}}