{"id":606,"date":"2017-02-25T17:15:39","date_gmt":"2017-02-25T17:15:39","guid":{"rendered":"http:\/\/www.colegiovalerianolopez.com\/?p=606"},"modified":"2017-02-25T17:15:39","modified_gmt":"2017-02-25T17:15:39","slug":"alhambra","status":"publish","type":"post","link":"https:\/\/blogsaverroes.juntadeandalucia.es\/ceipvalerianolopez\/alhambra\/","title":{"rendered":"Viaje a la Alhambra de 5\u00ba"},"content":{"rendered":"<p>\t\t\t\tDurante los d\u00edas 20 y 21 de febrero el alumnado de 5\u00ba (A-B-C) ha visitado Granada. En su viaje han disfrutado de la historia de la Alhambra de Granada y de la naturaleza y el deporte en su Sierra Nevada.<\/p>\n<p>Ha sido la primera excursi\u00f3n en la que hemos estado m\u00e1s de un d\u00eda fuera del centro y debemos felicitar al alumnado por el comportamiento que han tenido durante el viaje.<\/p>\n<p style=\"text-align: left\">Para la visita a la Alhambra han preparado su primera exposici\u00f3n oral en v\u00eddeo que recogemos en el siguiente videoresumen:<\/p>\n<p style=\"text-align: center\"><iframe loading=\"lazy\" src=\"https:\/\/www.youtube.com\/embed\/GSmXccbWtX0\" width=\"560\" height=\"315\" frameborder=\"0\"><\/iframe><\/p>\n","protected":false},"excerpt":{"rendered":"<p>Durante los d\u00edas 20 y 21 de febrero el alumnado de 5\u00ba (A-B-C) ha visitado Granada. En su viaje han disfrutado de la historia de&hellip;<\/p>\n","protected":false},"author":8377,"featured_media":0,"comment_status":"open","ping_status":"open","sticky":false,"template":"","format":"standard","meta":{"ngg_post_thumbnail":0,"footnotes":""},"categories":[597,2309595],"tags":[10955],"aioseo_notices":[],"_links":{"self":[{"href":"https:\/\/blogsaverroes.juntadeandalucia.es\/ceipvalerianolopez\/wp-json\/wp\/v2\/posts\/606"}],"collection":[{"href":"https:\/\/blogsaverroes.juntadeandalucia.es\/ceipvalerianolopez\/wp-json\/wp\/v2\/posts"}],"about":[{"href":"https:\/\/blogsaverroes.juntadeandalucia.es\/ceipvalerianolopez\/wp-json\/wp\/v2\/types\/post"}],"author":[{"embeddable":true,"href":"https:\/\/blogsaverroes.juntadeandalucia.es\/ceipvalerianolopez\/wp-json\/wp\/v2\/users\/8377"}],"replies":[{"embeddable":true,"href":"https:\/\/blogsaverroes.juntadeandalucia.es\/ceipvalerianolopez\/wp-json\/wp\/v2\/comments?post=606"}],"version-history":[{"count":0,"href":"https:\/\/blogsaverroes.juntadeandalucia.es\/ceipvalerianolopez\/wp-json\/wp\/v2\/posts\/606\/revisions"}],"wp:attachment":[{"href":"https:\/\/blogsaverroes.juntadeandalucia.es\/ceipvalerianolopez\/wp-json\/wp\/v2\/media?parent=606"}],"wp:term":[{"taxonomy":"category","embeddable":true,"href":"https:\/\/blogsaverroes.juntadeandalucia.es\/ceipvalerianolopez\/wp-json\/wp\/v2\/categories?post=606"},{"taxonomy":"post_tag","embeddable":true,"href":"https:\/\/blogsaverroes.juntadeandalucia.es\/ceipvalerianolopez\/wp-json\/wp\/v2\/tags?post=606"}],"curies":[{"name":"wp","href":"https:\/\/api.w.org\/{rel}","templated":true}]}}