{"id":649,"date":"2017-04-24T21:22:36","date_gmt":"2017-04-24T21:22:36","guid":{"rendered":"http:\/\/www.colegiovalerianolopez.com\/?p=649"},"modified":"2017-04-24T21:22:36","modified_gmt":"2017-04-24T21:22:36","slug":"649-2","status":"publish","type":"post","link":"https:\/\/blogsaverroes.juntadeandalucia.es\/ceipvalerianolopez\/649-2\/","title":{"rendered":"Se buscan valientes"},"content":{"rendered":"<p>\t\t\t\tEl pasado mes de abril, desde el proyecto \u201cEscuela Espacio de Paz\u201d, realizamos con todo el centro la actividad \u201cSe buscan valientes\u201d, interpretando esta misma canci\u00f3n de El Langui, para expresar nuestro rechazo hacia el acoso escolar.<\/p>\n<p>Previamente se ha llevado a cabo tambi\u00e9n la realizaci\u00f3n y puesta en com\u00fan de una entrevista sobre este mismo tema con los alumnos de 5\u00ba.<\/p>\n<p>As\u00ed mismo, todos y todas los alumnos y alumnas del centro han podido ver, intrepretar y comentar el videoclip de la canci\u00f3n para as\u00ed, sacar sus propias conclusiones y recapacitar sobre esta lacra social.<\/p>\n<p><iframe loading=\"lazy\" src=\"https:\/\/www.youtube-nocookie.com\/embed\/C88RyjevpQo?ecver=1\" width=\"560\" height=\"315\" frameborder=\"0\"><\/iframe>\t\t<\/p>\n","protected":false},"excerpt":{"rendered":"<p>El pasado mes de abril, desde el proyecto \u201cEscuela Espacio de Paz\u201d, realizamos con todo el centro la actividad \u201cSe buscan valientes\u201d, interpretando esta misma&hellip;<\/p>\n","protected":false},"author":8377,"featured_media":0,"comment_status":"open","ping_status":"open","sticky":false,"template":"","format":"standard","meta":{"ngg_post_thumbnail":0,"footnotes":""},"categories":[485,458647],"tags":[26636,1852,303,10954,10955],"aioseo_notices":[],"_links":{"self":[{"href":"https:\/\/blogsaverroes.juntadeandalucia.es\/ceipvalerianolopez\/wp-json\/wp\/v2\/posts\/649"}],"collection":[{"href":"https:\/\/blogsaverroes.juntadeandalucia.es\/ceipvalerianolopez\/wp-json\/wp\/v2\/posts"}],"about":[{"href":"https:\/\/blogsaverroes.juntadeandalucia.es\/ceipvalerianolopez\/wp-json\/wp\/v2\/types\/post"}],"author":[{"embeddable":true,"href":"https:\/\/blogsaverroes.juntadeandalucia.es\/ceipvalerianolopez\/wp-json\/wp\/v2\/users\/8377"}],"replies":[{"embeddable":true,"href":"https:\/\/blogsaverroes.juntadeandalucia.es\/ceipvalerianolopez\/wp-json\/wp\/v2\/comments?post=649"}],"version-history":[{"count":0,"href":"https:\/\/blogsaverroes.juntadeandalucia.es\/ceipvalerianolopez\/wp-json\/wp\/v2\/posts\/649\/revisions"}],"wp:attachment":[{"href":"https:\/\/blogsaverroes.juntadeandalucia.es\/ceipvalerianolopez\/wp-json\/wp\/v2\/media?parent=649"}],"wp:term":[{"taxonomy":"category","embeddable":true,"href":"https:\/\/blogsaverroes.juntadeandalucia.es\/ceipvalerianolopez\/wp-json\/wp\/v2\/categories?post=649"},{"taxonomy":"post_tag","embeddable":true,"href":"https:\/\/blogsaverroes.juntadeandalucia.es\/ceipvalerianolopez\/wp-json\/wp\/v2\/tags?post=649"}],"curies":[{"name":"wp","href":"https:\/\/api.w.org\/{rel}","templated":true}]}}