{"id":680,"date":"2017-09-04T13:00:30","date_gmt":"2017-09-04T13:00:30","guid":{"rendered":"http:\/\/www.colegiovalerianolopez.com\/?p=680"},"modified":"2017-09-04T13:00:30","modified_gmt":"2017-09-04T13:00:30","slug":"reunion-informativa-3-anos","status":"publish","type":"post","link":"https:\/\/blogsaverroes.juntadeandalucia.es\/ceipvalerianolopez\/reunion-informativa-3-anos\/","title":{"rendered":"Reuni\u00f3n informativa 3 a\u00f1os"},"content":{"rendered":"<p>\t\t\t\tPara que la integraci\u00f3n del alumnado de 3 a\u00f1os sea m\u00e1s adecuada se reunir\u00e1n las tutoras de estos cursos con las familias de este alumnado el pr\u00f3ximo mi\u00e9rcoles 6 de septiembre a las 11:00.<br \/>\n<img loading=\"lazy\" decoding=\"async\" class=\"aligncenter  wp-image-681\" src=\"https:\/\/blogsaverroes.juntadeandalucia.es\/ceipvalerianolopez\/files\/2017\/09\/reunio\u0301n-3-an\u0303os-300x212.jpeg\" alt=\"\" width=\"383\" height=\"271\" srcset=\"https:\/\/blogsaverroes.juntadeandalucia.es\/ceipvalerianolopez\/files\/2017\/09\/reunio\u0301n-3-an\u0303os-300x212.jpeg 300w, https:\/\/blogsaverroes.juntadeandalucia.es\/ceipvalerianolopez\/files\/2017\/09\/reunio\u0301n-3-an\u0303os-24x17.jpeg 24w, https:\/\/blogsaverroes.juntadeandalucia.es\/ceipvalerianolopez\/files\/2017\/09\/reunio\u0301n-3-an\u0303os-36x25.jpeg 36w, https:\/\/blogsaverroes.juntadeandalucia.es\/ceipvalerianolopez\/files\/2017\/09\/reunio\u0301n-3-an\u0303os-48x34.jpeg 48w, https:\/\/blogsaverroes.juntadeandalucia.es\/ceipvalerianolopez\/files\/2017\/09\/reunio\u0301n-3-an\u0303os.jpeg 612w\" sizes=\"(max-width: 383px) 100vw, 383px\" \/>\t\t<\/p>\n","protected":false},"excerpt":{"rendered":"<p>Para que la integraci\u00f3n del alumnado de 3 a\u00f1os sea m\u00e1s adecuada se reunir\u00e1n las tutoras de estos cursos con las familias de este alumnado&hellip;<\/p>\n","protected":false},"author":8377,"featured_media":0,"comment_status":"open","ping_status":"open","sticky":false,"template":"","format":"standard","meta":{"ngg_post_thumbnail":0,"footnotes":""},"categories":[19],"tags":[1852],"aioseo_notices":[],"_links":{"self":[{"href":"https:\/\/blogsaverroes.juntadeandalucia.es\/ceipvalerianolopez\/wp-json\/wp\/v2\/posts\/680"}],"collection":[{"href":"https:\/\/blogsaverroes.juntadeandalucia.es\/ceipvalerianolopez\/wp-json\/wp\/v2\/posts"}],"about":[{"href":"https:\/\/blogsaverroes.juntadeandalucia.es\/ceipvalerianolopez\/wp-json\/wp\/v2\/types\/post"}],"author":[{"embeddable":true,"href":"https:\/\/blogsaverroes.juntadeandalucia.es\/ceipvalerianolopez\/wp-json\/wp\/v2\/users\/8377"}],"replies":[{"embeddable":true,"href":"https:\/\/blogsaverroes.juntadeandalucia.es\/ceipvalerianolopez\/wp-json\/wp\/v2\/comments?post=680"}],"version-history":[{"count":0,"href":"https:\/\/blogsaverroes.juntadeandalucia.es\/ceipvalerianolopez\/wp-json\/wp\/v2\/posts\/680\/revisions"}],"wp:attachment":[{"href":"https:\/\/blogsaverroes.juntadeandalucia.es\/ceipvalerianolopez\/wp-json\/wp\/v2\/media?parent=680"}],"wp:term":[{"taxonomy":"category","embeddable":true,"href":"https:\/\/blogsaverroes.juntadeandalucia.es\/ceipvalerianolopez\/wp-json\/wp\/v2\/categories?post=680"},{"taxonomy":"post_tag","embeddable":true,"href":"https:\/\/blogsaverroes.juntadeandalucia.es\/ceipvalerianolopez\/wp-json\/wp\/v2\/tags?post=680"}],"curies":[{"name":"wp","href":"https:\/\/api.w.org\/{rel}","templated":true}]}}