{"id":721,"date":"2017-11-04T18:29:58","date_gmt":"2017-11-04T18:29:58","guid":{"rendered":"http:\/\/www.colegiovalerianolopez.com\/?p=721"},"modified":"2017-11-04T18:29:58","modified_gmt":"2017-11-04T18:29:58","slug":"pasen-nuevo-procedimiento-de-registro","status":"publish","type":"post","link":"https:\/\/blogsaverroes.juntadeandalucia.es\/ceipvalerianolopez\/pasen-nuevo-procedimiento-de-registro\/","title":{"rendered":"PASEN: Nuevo procedimiento de registro"},"content":{"rendered":"<p>\t\t\t\tEst\u00e1 disponible un\u00a0<strong>nuevo procedimiento de registro<\/strong>\u00a0(\u201cautologin\u201d)\u00a0<strong>para familias y\/o alumnado<\/strong>, mediante el cual cualquier padre, madre, tutor legal o alumno podr\u00e1 realizar un proceso de autoregistro para obtener las credenciales (usuario y contrase\u00f1a) de acceso a PASEN. Este proceso es\u00a0<strong>compatible con el sistema tradicional<\/strong>\u00a0de emisi\u00f3n de credenciales en papel para ser entregadas a las familias presencialmente.<\/p>\n<h5>\u00bfC\u00f3mo realizar el registro en Pasen?<\/h5>\n<p>El\u00a0<strong>proceso para registrarse<\/strong>\u00a0se realiza en 4 pasos:<\/p>\n<ol>\n<li>Acceder a la p\u00e1gina web de Pasen o de la aplicaci\u00f3n para m\u00f3vil iPasen.<\/li>\n<\/ol>\n<p><strong><a href=\"http:\/\/www.juntadeandalucia.es\/educacion\/portalseneca\/web\/pasen\/inicio\">http:\/\/www.juntadeandalucia.es\/educacion\/portalseneca\/web\/pasen\/inicio<\/a><\/strong><\/p>\n<ol start=\"2\">\n<li>Pinchar en el \u2018No tengo acceso\u2019 de la pantalla de acceso (recuadro rojo):<\/li>\n<\/ol>\n<p><img loading=\"lazy\" decoding=\"async\" class=\"size-full wp-image-1738 aligncenter\" src=\"https:\/\/i1.wp.com\/www.iessierrademijas.es\/wp-content\/uploads\/2017\/10\/pasen.png?resize=800%2C337\" alt=\"\" width=\"770\" height=\"324\" \/><\/p>\n<ol start=\"3\">\n<li>Seleccionar el colectivo al que pertenece:<\/li>\n<\/ol>\n<p><img loading=\"lazy\" decoding=\"async\" class=\"size-full wp-image-1739 aligncenter\" src=\"https:\/\/i1.wp.com\/www.iessierrademijas.es\/wp-content\/uploads\/2017\/10\/pasen-2.png?resize=715%2C131\" alt=\"\" width=\"715\" height=\"131\" \/><\/p>\n<ol start=\"4\">\n<li>Completar con los siguientes datos:\n<ul>\n<li>NIF.<\/li>\n<li>Fecha de nacimiento (de algunos de sus hijos\/as o la suya propia)<\/li>\n<li>N\u00famero de tel\u00e9fono m\u00f3vil donde recibir\u00e1 por SMS las credenciales. Este \u00faltimo deber\u00e1 coincidir con el que consta en S\u00e9neca para los tutores legales o para el alumnado.<\/li>\n<\/ul>\n<\/li>\n<\/ol>\n<p><strong>Si necesita ayuda para acceder a PASEN o tiene alguna duda sobre su funcionamiento, por favor p\u00f3ngase en contacto a trav\u00e9s de Secretar\u00eda de nuestro centro educativo.<\/strong>\t\t<\/p>\n","protected":false},"excerpt":{"rendered":"<p>Est\u00e1 disponible un\u00a0nuevo procedimiento de registro\u00a0(\u201cautologin\u201d)\u00a0para familias y\/o alumnado, mediante el cual cualquier padre, madre, tutor legal o alumno podr\u00e1 realizar un proceso de autoregistro&hellip;<\/p>\n","protected":false},"author":8377,"featured_media":723,"comment_status":"open","ping_status":"open","sticky":false,"template":"","format":"standard","meta":{"ngg_post_thumbnail":0,"footnotes":""},"categories":[28,19,4441],"tags":[26636,28,9443,4441],"aioseo_notices":[],"_links":{"self":[{"href":"https:\/\/blogsaverroes.juntadeandalucia.es\/ceipvalerianolopez\/wp-json\/wp\/v2\/posts\/721"}],"collection":[{"href":"https:\/\/blogsaverroes.juntadeandalucia.es\/ceipvalerianolopez\/wp-json\/wp\/v2\/posts"}],"about":[{"href":"https:\/\/blogsaverroes.juntadeandalucia.es\/ceipvalerianolopez\/wp-json\/wp\/v2\/types\/post"}],"author":[{"embeddable":true,"href":"https:\/\/blogsaverroes.juntadeandalucia.es\/ceipvalerianolopez\/wp-json\/wp\/v2\/users\/8377"}],"replies":[{"embeddable":true,"href":"https:\/\/blogsaverroes.juntadeandalucia.es\/ceipvalerianolopez\/wp-json\/wp\/v2\/comments?post=721"}],"version-history":[{"count":0,"href":"https:\/\/blogsaverroes.juntadeandalucia.es\/ceipvalerianolopez\/wp-json\/wp\/v2\/posts\/721\/revisions"}],"wp:featuredmedia":[{"embeddable":true,"href":"https:\/\/blogsaverroes.juntadeandalucia.es\/ceipvalerianolopez\/wp-json\/wp\/v2\/media\/723"}],"wp:attachment":[{"href":"https:\/\/blogsaverroes.juntadeandalucia.es\/ceipvalerianolopez\/wp-json\/wp\/v2\/media?parent=721"}],"wp:term":[{"taxonomy":"category","embeddable":true,"href":"https:\/\/blogsaverroes.juntadeandalucia.es\/ceipvalerianolopez\/wp-json\/wp\/v2\/categories?post=721"},{"taxonomy":"post_tag","embeddable":true,"href":"https:\/\/blogsaverroes.juntadeandalucia.es\/ceipvalerianolopez\/wp-json\/wp\/v2\/tags?post=721"}],"curies":[{"name":"wp","href":"https:\/\/api.w.org\/{rel}","templated":true}]}}