{"id":74,"date":"2015-02-18T21:52:00","date_gmt":"2015-02-18T21:52:00","guid":{"rendered":"http:\/\/www.colegiovalerianolopez.com\/2015\/02\/18\/carnaval-2015\/"},"modified":"2015-02-18T21:52:00","modified_gmt":"2015-02-18T21:52:00","slug":"carnaval-2015","status":"publish","type":"post","link":"https:\/\/blogsaverroes.juntadeandalucia.es\/ceipvalerianolopez\/carnaval-2015\/","title":{"rendered":"Carnaval 2015"},"content":{"rendered":"<div style=\"text-align: justify\">El pasado viernes 13 de Febrero, el Ceip Valeriano L\u00f3pez&nbsp;celebr\u00f3 su particular carnaval. Si bien, la tem\u00e1tica ha sido libre, desde el centro se ha querido premiar la originalidad de los disfraces organizando un peque\u00f1o concurso por niveles en el que se ha valorado que los disfraces fuesen elaborados con materiales caseros y econ\u00f3micos.<\/p>\n<p>Los padres y madres pudieron disfrutar de un bonito y colorido desfile en nuestra pista del colegio disfrutado de esta actividad tan tradicional y arraigada en nuestra sociedad. <\/p>\n<p>Gracias a toda la comunidad educativa por hacer de esta actividad un d\u00eda de alegr\u00eda, ilusi\u00f3n y diversi\u00f3n, y enhorabuena a los alumnos premiados.<\/p><\/div>\n<div style=\"text-align: justify\"><\/div>\n<p><embed flashvars=\"host=picasaweb.google.com&amp;noautoplay=1&amp;hl=es&amp;feat=flashalbum&amp;RGB=0x000000&amp;feed=https%3A%2F%2Fpicasaweb.google.com%2Fdata%2Ffeed%2Fapi%2Fuser%2F105775090595656593004%2Falbumid%2F6116397764315632433%3Falt%3Drss%26kind%3Dphoto%26hl%3Des\" height=\"350\" pluginspage=\"http:\/\/www.macromedia.com\/go\/getflashplayer\" src=\"https:\/\/photos.gstatic.com\/media\/slideshow.swf\" type=\"application\/x-shockwave-flash\" width=\"500\"><\/embed>\t\t<\/p>\n","protected":false},"excerpt":{"rendered":"<p>El pasado viernes 13 de Febrero, el Ceip Valeriano L\u00f3pez&nbsp;celebr\u00f3 su particular carnaval. Si bien, la tem\u00e1tica ha sido libre, desde el centro se ha&hellip;<\/p>\n","protected":false},"author":8377,"featured_media":0,"comment_status":"open","ping_status":"open","sticky":false,"template":"","format":"standard","meta":{"ngg_post_thumbnail":0,"footnotes":""},"categories":[485],"tags":[288,26636,1852,303,10954],"aioseo_notices":[],"_links":{"self":[{"href":"https:\/\/blogsaverroes.juntadeandalucia.es\/ceipvalerianolopez\/wp-json\/wp\/v2\/posts\/74"}],"collection":[{"href":"https:\/\/blogsaverroes.juntadeandalucia.es\/ceipvalerianolopez\/wp-json\/wp\/v2\/posts"}],"about":[{"href":"https:\/\/blogsaverroes.juntadeandalucia.es\/ceipvalerianolopez\/wp-json\/wp\/v2\/types\/post"}],"author":[{"embeddable":true,"href":"https:\/\/blogsaverroes.juntadeandalucia.es\/ceipvalerianolopez\/wp-json\/wp\/v2\/users\/8377"}],"replies":[{"embeddable":true,"href":"https:\/\/blogsaverroes.juntadeandalucia.es\/ceipvalerianolopez\/wp-json\/wp\/v2\/comments?post=74"}],"version-history":[{"count":0,"href":"https:\/\/blogsaverroes.juntadeandalucia.es\/ceipvalerianolopez\/wp-json\/wp\/v2\/posts\/74\/revisions"}],"wp:attachment":[{"href":"https:\/\/blogsaverroes.juntadeandalucia.es\/ceipvalerianolopez\/wp-json\/wp\/v2\/media?parent=74"}],"wp:term":[{"taxonomy":"category","embeddable":true,"href":"https:\/\/blogsaverroes.juntadeandalucia.es\/ceipvalerianolopez\/wp-json\/wp\/v2\/categories?post=74"},{"taxonomy":"post_tag","embeddable":true,"href":"https:\/\/blogsaverroes.juntadeandalucia.es\/ceipvalerianolopez\/wp-json\/wp\/v2\/tags?post=74"}],"curies":[{"name":"wp","href":"https:\/\/api.w.org\/{rel}","templated":true}]}}