{"id":79,"date":"2014-12-21T10:31:00","date_gmt":"2014-12-21T10:31:00","guid":{"rendered":"http:\/\/www.colegiovalerianolopez.com\/2014\/12\/21\/rondalla-navidena\/"},"modified":"2014-12-21T10:31:00","modified_gmt":"2014-12-21T10:31:00","slug":"rondalla-navidena","status":"publish","type":"post","link":"https:\/\/blogsaverroes.juntadeandalucia.es\/ceipvalerianolopez\/rondalla-navidena\/","title":{"rendered":"Rondalla navide\u00f1a"},"content":{"rendered":"<div style=\"text-align: justify\">Como viene siendo habitual, el \u00faltimo d\u00eda de clase de diciembre, un grupo de madres de nuestro alumnado del centro recorri\u00f3 diferentes aulas de nuestro cole para cantar divertidos y tradicionales villancicos con los que amenizar la jornada y sacar una sonrisa de nuestros chicos y chicas.<\/div>\n<div style=\"text-align: justify\"><\/div>\n<div style=\"text-align: justify\">Gracias una vez m\u00e1s, a la rondalla de madres del cole por hacer llegar el esp\u00edritu de la navidad a trav\u00e9s de la m\u00fasica.<\/p>\n<p>Y para muestra unas fotos (pinchando en la imagen se pueden agrandar).<\/p>\n<div style=\"clear: both;text-align: center\"><a style=\"margin-left: 1em;margin-right: 1em\" href=\"http:\/\/1.bp.blogspot.com\/-Nn-d_4xuMZo\/VJaSnDLymLI\/AAAAAAAAFAI\/HTmC0I-ttqc\/s1600\/DSCN3753.JPG\"><img loading=\"lazy\" decoding=\"async\" src=\"https:\/\/1.bp.blogspot.com\/-Nn-d_4xuMZo\/VJaSnDLymLI\/AAAAAAAAFAI\/HTmC0I-ttqc\/s1600\/DSCN3753.JPG\" width=\"200\" height=\"150\" border=\"0\" \/><\/a><a style=\"margin-left: 1em;margin-right: 1em\" href=\"http:\/\/4.bp.blogspot.com\/-k7KCxA_YWqU\/VJaSnLoPb2I\/AAAAAAAAFAM\/a_yS4i_aU4g\/s1600\/DSCN3754.JPG\"><img loading=\"lazy\" decoding=\"async\" src=\"https:\/\/4.bp.blogspot.com\/-k7KCxA_YWqU\/VJaSnLoPb2I\/AAAAAAAAFAM\/a_yS4i_aU4g\/s1600\/DSCN3754.JPG\" width=\"200\" height=\"150\" border=\"0\" \/><\/a><\/div>\n<div style=\"clear: both;text-align: center\"><a style=\"margin-left: 1em;margin-right: 1em\" href=\"http:\/\/2.bp.blogspot.com\/-RpVafuVkEcU\/VJaSePTUr8I\/AAAAAAAAE_4\/4hndaCBgWmg\/s1600\/IMG_20141219_100129.jpg\"><img loading=\"lazy\" decoding=\"async\" src=\"https:\/\/2.bp.blogspot.com\/-RpVafuVkEcU\/VJaSePTUr8I\/AAAAAAAAE_4\/4hndaCBgWmg\/s1600\/IMG_20141219_100129.jpg\" width=\"200\" height=\"148\" border=\"0\" \/><\/a><a style=\"margin-left: 1em;margin-right: 1em\" href=\"http:\/\/2.bp.blogspot.com\/-1ASi6Zf-7eo\/VJaSkZTF5HI\/AAAAAAAAFAA\/YJz9IS47lRg\/s1600\/IMG_20141219_100149.jpg\"><img loading=\"lazy\" decoding=\"async\" src=\"https:\/\/2.bp.blogspot.com\/-1ASi6Zf-7eo\/VJaSkZTF5HI\/AAAAAAAAFAA\/YJz9IS47lRg\/s1600\/IMG_20141219_100149.jpg\" width=\"200\" height=\"148\" border=\"0\" \/><\/a><\/div>\n<div style=\"text-align: center\"><\/div>\n<\/div>\n<div style=\"text-align: justify\"><\/div>\n","protected":false},"excerpt":{"rendered":"<p>Como viene siendo habitual, el \u00faltimo d\u00eda de clase de diciembre, un grupo de madres de nuestro alumnado del centro recorri\u00f3 diferentes aulas de nuestro&hellip;<\/p>\n","protected":false},"author":8377,"featured_media":0,"comment_status":"open","ping_status":"open","sticky":false,"template":"","format":"standard","meta":{"ngg_post_thumbnail":0,"footnotes":""},"categories":[1029588,28],"tags":[476],"aioseo_notices":[],"_links":{"self":[{"href":"https:\/\/blogsaverroes.juntadeandalucia.es\/ceipvalerianolopez\/wp-json\/wp\/v2\/posts\/79"}],"collection":[{"href":"https:\/\/blogsaverroes.juntadeandalucia.es\/ceipvalerianolopez\/wp-json\/wp\/v2\/posts"}],"about":[{"href":"https:\/\/blogsaverroes.juntadeandalucia.es\/ceipvalerianolopez\/wp-json\/wp\/v2\/types\/post"}],"author":[{"embeddable":true,"href":"https:\/\/blogsaverroes.juntadeandalucia.es\/ceipvalerianolopez\/wp-json\/wp\/v2\/users\/8377"}],"replies":[{"embeddable":true,"href":"https:\/\/blogsaverroes.juntadeandalucia.es\/ceipvalerianolopez\/wp-json\/wp\/v2\/comments?post=79"}],"version-history":[{"count":0,"href":"https:\/\/blogsaverroes.juntadeandalucia.es\/ceipvalerianolopez\/wp-json\/wp\/v2\/posts\/79\/revisions"}],"wp:attachment":[{"href":"https:\/\/blogsaverroes.juntadeandalucia.es\/ceipvalerianolopez\/wp-json\/wp\/v2\/media?parent=79"}],"wp:term":[{"taxonomy":"category","embeddable":true,"href":"https:\/\/blogsaverroes.juntadeandalucia.es\/ceipvalerianolopez\/wp-json\/wp\/v2\/categories?post=79"},{"taxonomy":"post_tag","embeddable":true,"href":"https:\/\/blogsaverroes.juntadeandalucia.es\/ceipvalerianolopez\/wp-json\/wp\/v2\/tags?post=79"}],"curies":[{"name":"wp","href":"https:\/\/api.w.org\/{rel}","templated":true}]}}