{"id":820,"date":"2019-03-01T21:18:00","date_gmt":"2019-03-01T20:18:00","guid":{"rendered":"http:\/\/www.colegiovalerianolopez.com\/?p=820"},"modified":"2019-03-01T21:18:00","modified_gmt":"2019-03-01T20:18:00","slug":"escolarizacion-2018","status":"publish","type":"post","link":"https:\/\/blogsaverroes.juntadeandalucia.es\/ceipvalerianolopez\/escolarizacion-2018\/","title":{"rendered":"Escolarizaci\u00f3n 2019\/20"},"content":{"rendered":"<p>\t\t\t\tEl per\u00edodo de solicitud de matr\u00edcula para el alumnado de nuevo ingreso abarca del 1 al 29 de marzo en el propio centro o del 1 al 31 de marzo por <a href=\"http:\/\/www.juntadeandalucia.es\/educacion\/portals\/web\/escolarizacion\/inicio\">v\u00eda telem\u00e1tica.<\/a><br \/>\nEl horario especial de secretar\u00eda, con motivo de la escolarizaci\u00f3n, ser\u00e1 del 1 al 29 de marzo, de lunes a viernes de 09:30 a 10:30.<\/p>\n<p>Al entregar el formulario de preinscripci\u00f3n tambi\u00e9n se entregar\u00e1:<\/p>\n<ul>\n<li>Fotocopia del DNI del padre y la madre o tutores legales.<\/li>\n<li>Fotocopia del libro de familia<\/li>\n<li>Certificados laborales si se opta por lugar de trabajo.<\/li>\n<\/ul>\n<p><a href=\"https:\/\/drive.google.com\/open?id=0B4EiwV7Pi3fuN1FBaVJheVZ0UV96MVphTDBrVGdZcFJXdE9n\">Os adjuntamos el enlace de la prescripci\u00f3n<\/a>\t\t<\/p>\n","protected":false},"excerpt":{"rendered":"<p>El per\u00edodo de solicitud de matr\u00edcula para el alumnado de nuevo ingreso abarca del 1 al 29 de marzo en el propio centro o del&hellip;<\/p>\n","protected":false},"author":8377,"featured_media":0,"comment_status":"open","ping_status":"open","sticky":false,"template":"","format":"standard","meta":{"ngg_post_thumbnail":0,"footnotes":""},"categories":[19,4441],"tags":[26636,4441],"aioseo_notices":[],"_links":{"self":[{"href":"https:\/\/blogsaverroes.juntadeandalucia.es\/ceipvalerianolopez\/wp-json\/wp\/v2\/posts\/820"}],"collection":[{"href":"https:\/\/blogsaverroes.juntadeandalucia.es\/ceipvalerianolopez\/wp-json\/wp\/v2\/posts"}],"about":[{"href":"https:\/\/blogsaverroes.juntadeandalucia.es\/ceipvalerianolopez\/wp-json\/wp\/v2\/types\/post"}],"author":[{"embeddable":true,"href":"https:\/\/blogsaverroes.juntadeandalucia.es\/ceipvalerianolopez\/wp-json\/wp\/v2\/users\/8377"}],"replies":[{"embeddable":true,"href":"https:\/\/blogsaverroes.juntadeandalucia.es\/ceipvalerianolopez\/wp-json\/wp\/v2\/comments?post=820"}],"version-history":[{"count":0,"href":"https:\/\/blogsaverroes.juntadeandalucia.es\/ceipvalerianolopez\/wp-json\/wp\/v2\/posts\/820\/revisions"}],"wp:attachment":[{"href":"https:\/\/blogsaverroes.juntadeandalucia.es\/ceipvalerianolopez\/wp-json\/wp\/v2\/media?parent=820"}],"wp:term":[{"taxonomy":"category","embeddable":true,"href":"https:\/\/blogsaverroes.juntadeandalucia.es\/ceipvalerianolopez\/wp-json\/wp\/v2\/categories?post=820"},{"taxonomy":"post_tag","embeddable":true,"href":"https:\/\/blogsaverroes.juntadeandalucia.es\/ceipvalerianolopez\/wp-json\/wp\/v2\/tags?post=820"}],"curies":[{"name":"wp","href":"https:\/\/api.w.org\/{rel}","templated":true}]}}